{"id":2099,"date":"2011-02-09T22:13:44","date_gmt":"2011-02-09T22:13:44","guid":{"rendered":"http:\/\/www.hoymercedes.com.ar\/principal\/?p=2099"},"modified":"2011-02-09T22:22:04","modified_gmt":"2011-02-09T22:22:04","slug":"se-abre-la-inscripcion-para-los-coros-municipales-de-ninos-jovenes-y-adultos","status":"publish","type":"post","link":"https:\/\/www.hoymercedes.com.ar\/principal\/2011\/02\/09\/se-abre-la-inscripcion-para-los-coros-municipales-de-ninos-jovenes-y-adultos\/","title":{"rendered":"Se abre la inscripci\u00f3n para los coros municipales de ni\u00f1os, j\u00f3venes y adultos"},"content":{"rendered":"<p style=\"text-align: justify;\">La Direcci\u00f3n de Cultura y Educaci\u00f3n informa que se encuentra abierta la inscripci\u00f3n para integrar los siguientes grupos corales\u00a0 bajo la direcci\u00f3n de Jonatan Alvarado.<\/p>\n<p style=\"text-align: justify;\">Coro municipal de ni\u00f1os (de 6 a 14 a\u00f1os),<\/p>\n<p style=\"text-align: justify;\">Coro municipal de j\u00f3venes\u00a0(de 15 a 25 a\u00f1os)<\/p>\n<p style=\"text-align: justify;\">Coro municipal de adultos\u00a0(25 a\u00f1os en adelante)<\/p>\n<p style=\"text-align: justify;\">Las inscripciones se realizan en la oficina de la Direcci\u00f3n de Cultura, calle 27 Nro. 578 1er. Piso de lunes a viernes de 8 a 13.<\/p>\n<p style=\"text-align: justify;\">Los ensayos se realizar\u00e1n en el Complejo Cultural Ameghino &#8211; Mar\u00edn de calle 26 y 21<\/p>\n<p style=\"text-align: justify;\">\n<p style=\"text-align: justify;\">Coro de Ni\u00f1os, s\u00e1bados de 10.00 a 11.30 hs<\/p>\n<p style=\"text-align: justify;\">Coro de J\u00f3venes y Adultos, s\u00e1bados de 16.30 a 18.00 hs. a partir del s\u00e1bado 5 de marzo.<\/p>\n<p style=\"text-align: justify;\">Direcci\u00f3n de Cultura y Educaci\u00f3n Calle 27 Nro. 578 Mercedes (B)<\/p>\n<p style=\"text-align: justify;\">Te: 02324-431907<\/p>\n<p style=\"text-align: justify;\">fpachiani@mercedes.gob.ar<\/p>\n<p style=\"text-align: justify;\">www.mercedes.gob.ar\/blogs\/cultura<\/p>\n","protected":false},"excerpt":{"rendered":"<p>La Direcci\u00f3n de Cultura y Educaci\u00f3n informa que se encuentra abierta la inscripci\u00f3n para integrar los siguientes grupos corales\u00a0 bajo &#8230; <a title=\"Se abre la inscripci\u00f3n para los coros municipales de ni\u00f1os, j\u00f3venes y adultos\" class=\"read-more\" href=\"https:\/\/www.hoymercedes.com.ar\/principal\/2011\/02\/09\/se-abre-la-inscripcion-para-los-coros-municipales-de-ninos-jovenes-y-adultos\/\" aria-label=\"Leer m\u00e1s sobre Se abre la inscripci\u00f3n para los coros municipales de ni\u00f1os, j\u00f3venes y adultos\">Leer m\u00e1s<\/a><\/p>\n","protected":false},"author":1,"featured_media":0,"comment_status":"open","ping_status":"open","sticky":false,"template":"","format":"standard","meta":{"_monsterinsights_skip_tracking":false,"_monsterinsights_sitenote_active":false,"_monsterinsights_sitenote_note":"","_monsterinsights_sitenote_category":0,"jetpack_post_was_ever_published":false,"_jetpack_newsletter_access":"","_jetpack_dont_email_post_to_subs":false,"_jetpack_newsletter_tier_id":0,"_jetpack_memberships_contains_paywalled_content":false,"_jetpack_memberships_contains_paid_content":false,"footnotes":"","jetpack_publicize_message":"","jetpack_publicize_feature_enabled":true,"jetpack_social_post_already_shared":false,"jetpack_social_options":{"image_generator_settings":{"template":"highway","default_image_id":0,"font":"","enabled":false},"version":2},"_wpas_customize_per_network":false},"categories":[30],"tags":[453],"class_list":["post-2099","post","type-post","status-publish","format-standard","hentry","category-municipio","tag-coro-municipal","generate-columns","tablet-grid-50","mobile-grid-100","grid-parent","grid-50"],"jetpack_publicize_connections":[],"jetpack_featured_media_url":"","wps_subtitle":"","jetpack_sharing_enabled":true,"_links":{"self":[{"href":"https:\/\/www.hoymercedes.com.ar\/principal\/wp-json\/wp\/v2\/posts\/2099","targetHints":{"allow":["GET"]}}],"collection":[{"href":"https:\/\/www.hoymercedes.com.ar\/principal\/wp-json\/wp\/v2\/posts"}],"about":[{"href":"https:\/\/www.hoymercedes.com.ar\/principal\/wp-json\/wp\/v2\/types\/post"}],"author":[{"embeddable":true,"href":"https:\/\/www.hoymercedes.com.ar\/principal\/wp-json\/wp\/v2\/users\/1"}],"replies":[{"embeddable":true,"href":"https:\/\/www.hoymercedes.com.ar\/principal\/wp-json\/wp\/v2\/comments?post=2099"}],"version-history":[{"count":0,"href":"https:\/\/www.hoymercedes.com.ar\/principal\/wp-json\/wp\/v2\/posts\/2099\/revisions"}],"wp:attachment":[{"href":"https:\/\/www.hoymercedes.com.ar\/principal\/wp-json\/wp\/v2\/media?parent=2099"}],"wp:term":[{"taxonomy":"category","embeddable":true,"href":"https:\/\/www.hoymercedes.com.ar\/principal\/wp-json\/wp\/v2\/categories?post=2099"},{"taxonomy":"post_tag","embeddable":true,"href":"https:\/\/www.hoymercedes.com.ar\/principal\/wp-json\/wp\/v2\/tags?post=2099"}],"curies":[{"name":"wp","href":"https:\/\/api.w.org\/{rel}","templated":true}]}}