{"id":20996,"date":"2013-03-26T16:20:14","date_gmt":"2013-03-26T16:20:14","guid":{"rendered":"http:\/\/www.hoymercedes.com.ar\/principal\/?p=20996"},"modified":"2013-03-26T16:20:23","modified_gmt":"2013-03-26T16:20:23","slug":"wado-de-pedro-estuvo-en-la-tv-nacional-en-el-programa-678-videos","status":"publish","type":"post","link":"https:\/\/www.hoymercedes.com.ar\/principal\/2013\/03\/26\/wado-de-pedro-estuvo-en-la-tv-nacional-en-el-programa-678-videos\/","title":{"rendered":"Wado de Pedro estuvo en la Tv Nacional en el programa 678 (Videos)"},"content":{"rendered":"<figure id=\"attachment_20998\" aria-describedby=\"caption-attachment-20998\" style=\"width: 608px\" class=\"wp-caption aligncenter\"><a href=\"https:\/\/www.hoymercedes.com.ar\/principal\/wp-content\/uploads\/2013\/03\/wadodepedro-678.jpg\"><img loading=\"lazy\" decoding=\"async\" data-attachment-id=\"20998\" data-permalink=\"https:\/\/www.hoymercedes.com.ar\/principal\/2013\/03\/26\/wado-de-pedro-estuvo-en-la-tv-nacional-en-el-programa-678-videos\/wadodepedro-678\/#main\" data-orig-file=\"https:\/\/www.hoymercedes.com.ar\/principal\/wp-content\/uploads\/2013\/03\/wadodepedro-678.jpg\" data-orig-size=\"618,450\" data-comments-opened=\"1\" data-image-meta=\"{&quot;aperture&quot;:&quot;0&quot;,&quot;credit&quot;:&quot;&quot;,&quot;camera&quot;:&quot;&quot;,&quot;caption&quot;:&quot;&quot;,&quot;created_timestamp&quot;:&quot;0&quot;,&quot;copyright&quot;:&quot;&quot;,&quot;focal_length&quot;:&quot;0&quot;,&quot;iso&quot;:&quot;0&quot;,&quot;shutter_speed&quot;:&quot;0&quot;,&quot;title&quot;:&quot;&quot;}\" data-image-title=\"wadodepedro-678\" data-image-description=\"\" data-image-caption=\"&lt;p&gt;Wado de Pedro en 678&lt;\/p&gt;\n\" data-large-file=\"https:\/\/www.hoymercedes.com.ar\/principal\/wp-content\/uploads\/2013\/03\/wadodepedro-678.jpg\" class=\"size-full wp-image-20998\" alt=\"Wado de Pedro en 678\" src=\"https:\/\/www.hoymercedes.com.ar\/principal\/wp-content\/uploads\/2013\/03\/wadodepedro-678.jpg\" width=\"618\" height=\"450\" \/><\/a><figcaption id=\"caption-attachment-20998\" class=\"wp-caption-text\">Wado de Pedro en 678<\/figcaption><\/figure>\n<p><em><strong>El Diputado Nacional y mercedino Eduardo \u00abWado\u00bb De Pedro estuvo presente en el programa television 678 que se emite por la TV P\u00fablica de nuestro pa\u00eds. Lo hizo en el marco del an\u00e1lisis de lo que fueron los actos conmemoratorios del 24 de marzo.<\/strong><\/em><\/p>\n<p>De Pedro expuso su visi\u00f3n de las \u00abnuevas generaciones\u00bb actuantes en la\u00a0pol\u00edtica\u00a0en los\u00a0d\u00edas\u00a0que corren, dialog\u00f3 en t\u00e9rminos de militancia, de N\u00e9stor y Cristina y aport\u00f3 su reflexi\u00f3n de lo que fue la movilizaci\u00f3n a Plaza de Mayo el pasado domingo 24. Tambi\u00e9n relat\u00f3 parte de su historia.<\/p>\n<p>Es la primera vez que el Diputado Nacional oriundo de nuestra ciudad est\u00e1 en el famoso programa pol\u00edtico 678.<\/p>\n<h2><strong>Video Parte I<\/strong><\/h2>\n<p>&nbsp;<\/p>\n<div align=\"center\"><iframe loading=\"lazy\" src=\"http:\/\/www.youtube.com\/embed\/Dh9yYK62ecc?rel=0\" height=\"348\" width=\"618\" allowfullscreen=\"\" frameborder=\"0\"><\/iframe><\/div>\n<h2><strong>Video Parte II<\/strong><\/h2>\n<p>&nbsp;<\/p>\n<div align=\"center\"><iframe loading=\"lazy\" src=\"http:\/\/www.youtube.com\/embed\/FkXMPteo0Nw?rel=0\" height=\"348\" width=\"618\" allowfullscreen=\"\" frameborder=\"0\"><\/iframe><\/div>\n","protected":false},"excerpt":{"rendered":"<p>El Diputado Nacional y mercedino Eduardo \u00abWado\u00bb De Pedro estuvo presente en el programa television 678 que se emite por &#8230; <a title=\"Wado de Pedro estuvo en la Tv Nacional en el programa 678 (Videos)\" class=\"read-more\" href=\"https:\/\/www.hoymercedes.com.ar\/principal\/2013\/03\/26\/wado-de-pedro-estuvo-en-la-tv-nacional-en-el-programa-678-videos\/\" aria-label=\"Leer m\u00e1s sobre Wado de Pedro estuvo en la Tv Nacional en el programa 678 (Videos)\">Leer m\u00e1s<\/a><\/p>\n","protected":false},"author":1,"featured_media":0,"comment_status":"open","ping_status":"open","sticky":false,"template":"","format":"standard","meta":{"_monsterinsights_skip_tracking":false,"_monsterinsights_sitenote_active":false,"_monsterinsights_sitenote_note":"","_monsterinsights_sitenote_category":0,"jetpack_post_was_ever_published":false,"_jetpack_newsletter_access":"","_jetpack_dont_email_post_to_subs":false,"_jetpack_newsletter_tier_id":0,"_jetpack_memberships_contains_paywalled_content":false,"_jetpack_memberships_contains_paid_content":false,"footnotes":"","jetpack_publicize_message":"","jetpack_publicize_feature_enabled":true,"jetpack_social_post_already_shared":false,"jetpack_social_options":{"image_generator_settings":{"template":"highway","default_image_id":0,"font":"","enabled":false},"version":2},"_wpas_customize_per_network":false},"categories":[5],"tags":[379,281],"class_list":["post-20996","post","type-post","status-publish","format-standard","hentry","category-politica","tag-frente-mercedino-para-la-victoria","tag-wado-de-pedro","generate-columns","tablet-grid-50","mobile-grid-100","grid-parent","grid-50"],"jetpack_publicize_connections":[],"jetpack_featured_media_url":"","wps_subtitle":"","jetpack_sharing_enabled":true,"_links":{"self":[{"href":"https:\/\/www.hoymercedes.com.ar\/principal\/wp-json\/wp\/v2\/posts\/20996","targetHints":{"allow":["GET"]}}],"collection":[{"href":"https:\/\/www.hoymercedes.com.ar\/principal\/wp-json\/wp\/v2\/posts"}],"about":[{"href":"https:\/\/www.hoymercedes.com.ar\/principal\/wp-json\/wp\/v2\/types\/post"}],"author":[{"embeddable":true,"href":"https:\/\/www.hoymercedes.com.ar\/principal\/wp-json\/wp\/v2\/users\/1"}],"replies":[{"embeddable":true,"href":"https:\/\/www.hoymercedes.com.ar\/principal\/wp-json\/wp\/v2\/comments?post=20996"}],"version-history":[{"count":0,"href":"https:\/\/www.hoymercedes.com.ar\/principal\/wp-json\/wp\/v2\/posts\/20996\/revisions"}],"wp:attachment":[{"href":"https:\/\/www.hoymercedes.com.ar\/principal\/wp-json\/wp\/v2\/media?parent=20996"}],"wp:term":[{"taxonomy":"category","embeddable":true,"href":"https:\/\/www.hoymercedes.com.ar\/principal\/wp-json\/wp\/v2\/categories?post=20996"},{"taxonomy":"post_tag","embeddable":true,"href":"https:\/\/www.hoymercedes.com.ar\/principal\/wp-json\/wp\/v2\/tags?post=20996"}],"curies":[{"name":"wp","href":"https:\/\/api.w.org\/{rel}","templated":true}]}}