{"id":21016,"date":"2013-03-27T00:30:12","date_gmt":"2013-03-27T00:30:12","guid":{"rendered":"http:\/\/www.hoymercedes.com.ar\/principal\/?p=21016"},"modified":"2013-03-27T01:13:12","modified_gmt":"2013-03-27T01:13:12","slug":"terrenos-ocupados-vecinos-con-selva-y-pedido-de-desalojo-del-fiscal","status":"publish","type":"post","link":"https:\/\/www.hoymercedes.com.ar\/principal\/2013\/03\/27\/terrenos-ocupados-vecinos-con-selva-y-pedido-de-desalojo-del-fiscal\/","title":{"rendered":"Terrenos ocupados: vecinos con Selva y pedido de desalojo del fiscal"},"content":{"rendered":"<figure id=\"attachment_21017\" aria-describedby=\"caption-attachment-21017\" style=\"width: 608px\" class=\"wp-caption aligncenter\"><a href=\"https:\/\/www.hoymercedes.com.ar\/principal\/wp-content\/uploads\/2013\/03\/Vecinos_Gowland-Agote-Selva.jpg\"><img loading=\"lazy\" decoding=\"async\" data-attachment-id=\"21017\" data-permalink=\"https:\/\/www.hoymercedes.com.ar\/principal\/2013\/03\/27\/terrenos-ocupados-vecinos-con-selva-y-pedido-de-desalojo-del-fiscal\/vecinos_gowland-agote-selva\/#main\" data-orig-file=\"https:\/\/www.hoymercedes.com.ar\/principal\/wp-content\/uploads\/2013\/03\/Vecinos_Gowland-Agote-Selva.jpg\" data-orig-size=\"618,464\" data-comments-opened=\"1\" data-image-meta=\"{&quot;aperture&quot;:&quot;2.6&quot;,&quot;credit&quot;:&quot;&quot;,&quot;camera&quot;:&quot;GT-B5510L&quot;,&quot;caption&quot;:&quot;&quot;,&quot;created_timestamp&quot;:&quot;1364295586&quot;,&quot;copyright&quot;:&quot;&quot;,&quot;focal_length&quot;:&quot;2.79&quot;,&quot;iso&quot;:&quot;50&quot;,&quot;shutter_speed&quot;:&quot;0.015151515151515&quot;,&quot;title&quot;:&quot;&quot;}\" data-image-title=\"Vecinos_Gowland-Agote-Selva\" data-image-description=\"\" data-image-caption=\"&lt;p&gt;Vecinos se reunieron con Selva&lt;\/p&gt;\n\" data-large-file=\"https:\/\/www.hoymercedes.com.ar\/principal\/wp-content\/uploads\/2013\/03\/Vecinos_Gowland-Agote-Selva.jpg\" class=\"size-full wp-image-21017\" alt=\"Vecinos se reunieron con Selva\" src=\"https:\/\/www.hoymercedes.com.ar\/principal\/wp-content\/uploads\/2013\/03\/Vecinos_Gowland-Agote-Selva.jpg\" width=\"618\" height=\"464\" \/><\/a><figcaption id=\"caption-attachment-21017\" class=\"wp-caption-text\">Vecinos se reunieron con Selva<\/figcaption><\/figure>\n<p>Se produjo un encuentro entre el intendente Carlos Selva y parte de las familias que est\u00e1n buscando les regularicen terrenos en Agote y Gowland que est\u00e1n tratando de ocupar desde diciembre del a\u00f1o pasado. La justicia orden\u00f3 el desalojo en una situaci\u00f3n compleja. Acusan desprolijidades del fiscal interviniente y solicitan cambio de fuero.<\/p>\n<p>Un numeroso grupo de vecinos se reunieron con el primer mandatario local para tratar de encausar el tema de los terrenos donde buscan construir sus viviendas. Es parte de una gran problem\u00e1tica social que se vive en la ciudad y todo el pa\u00eds. A todo esto la justicia por medio del fiscal Victorica solicit\u00f3 el desalojo, aunque, para las familias, es rid\u00edculo porque el expediente tiene poca solidez y situaciones que no se ajustan a la realidad. Algunos no lograron ser notificados justamente porque \u201cno tienen vivienda y andan de prestado un mes en cada familia o amigo\u201d, sostienen.<\/p>\n<figure id=\"attachment_21019\" aria-describedby=\"caption-attachment-21019\" style=\"width: 608px\" class=\"wp-caption aligncenter\"><a href=\"https:\/\/www.hoymercedes.com.ar\/principal\/wp-content\/uploads\/2013\/03\/WalterAltavista.jpg\"><img loading=\"lazy\" decoding=\"async\" data-attachment-id=\"21019\" data-permalink=\"https:\/\/www.hoymercedes.com.ar\/principal\/2013\/03\/27\/terrenos-ocupados-vecinos-con-selva-y-pedido-de-desalojo-del-fiscal\/walteraltavista\/#main\" data-orig-file=\"https:\/\/www.hoymercedes.com.ar\/principal\/wp-content\/uploads\/2013\/03\/WalterAltavista.jpg\" data-orig-size=\"618,464\" data-comments-opened=\"1\" data-image-meta=\"{&quot;aperture&quot;:&quot;2.6&quot;,&quot;credit&quot;:&quot;&quot;,&quot;camera&quot;:&quot;GT-B5510L&quot;,&quot;caption&quot;:&quot;&quot;,&quot;created_timestamp&quot;:&quot;1364296406&quot;,&quot;copyright&quot;:&quot;&quot;,&quot;focal_length&quot;:&quot;2.79&quot;,&quot;iso&quot;:&quot;50&quot;,&quot;shutter_speed&quot;:&quot;0.0095238095238095&quot;,&quot;title&quot;:&quot;&quot;}\" data-image-title=\"Walter Altavista\" data-image-description=\"\" data-image-caption=\"&lt;p&gt;Walter Altavista, una de las voces de los vecinos&lt;\/p&gt;\n\" data-large-file=\"https:\/\/www.hoymercedes.com.ar\/principal\/wp-content\/uploads\/2013\/03\/WalterAltavista.jpg\" class=\"size-full wp-image-21019\" alt=\"Walter Altavista, una de las voces de los vecinos\" src=\"https:\/\/www.hoymercedes.com.ar\/principal\/wp-content\/uploads\/2013\/03\/WalterAltavista.jpg\" width=\"618\" height=\"464\" srcset=\"https:\/\/www.hoymercedes.com.ar\/principal\/wp-content\/uploads\/2013\/03\/WalterAltavista.jpg 618w, https:\/\/www.hoymercedes.com.ar\/principal\/wp-content\/uploads\/2013\/03\/WalterAltavista-300x225.jpg 300w\" sizes=\"auto, (max-width: 618px) 100vw, 618px\" \/><\/a><figcaption id=\"caption-attachment-21019\" class=\"wp-caption-text\">Walter Altavista, una de las voces de los vecinos<\/figcaption><\/figure>\n<p>Al respecto del encuentro con Selva, Walter Altavista, uno de los representantes de las familias, afirm\u00f3: \u201cen la reuni\u00f3n que se realiz\u00f3 tras tres intentos fue para plantearle la situaci\u00f3n y el mamarracho jur\u00eddico que ha armado el fiscal Victorica qui\u00e9n luego del impacto positivo dado en el Concejo Deliberante con la presencia de tantos vecinos pidiendo la transferencia de las tierras ante la ausencia de un titular que tenga una regularizaci\u00f3n que lo de como due\u00f1o ha pedido, ese mismo d\u00eda, v\u00eda comunicaci\u00f3n, el desalojo con un plazo de cinco d\u00edas siendo un mamarracho jur\u00eddico que no deja m\u00e1s que la sospecha de que Baraldo Victorica protege a una mafia que ha estado lucrando con los terrenos en Gowland y Agote todo este tiempo. El plazo ha sido de cinco d\u00edas. No puede imponer la condici\u00f3n de desalojo porque no tiene los elementos probatorios. Cita como destinatario provisorio a una supuesta v\u00edctima por lo tanto confiesa en el texto que no tiene certezas. Es un procedimiento incompleto porque jam\u00e1s llam\u00f3 a una de las partes a tener su leg\u00edtimo derecho a la defensa. Ac\u00e1 no sucedieron los procedimientos correspondientes. \u00c9l recomienda el desalojo y el juez de garant\u00edas Facundo Oliva avala dicho desalojo y con eso lo comunica. Genera a su vez una confusi\u00f3n en la fuerza policial que cree que tienen que ir con una topadora y cuatro itacas contra sus propios vecinos y genera una confusi\u00f3n en los vecinos que viven un malestar al ver esto generado por el fiscal, \u00e9l s\u00f3lo, porque no ha podido demostrar que los elementos que tienen en la causa tienen la validez para que sean parte de un proceso judicial. Es algo que deber\u00eda estar en la justicia civil y comercial porque la que entiende un litigio por posesi\u00f3n de tierra, no le corresponde a la justicia penal porque tampoco qued\u00f3 demostrada la causa de usurpaci\u00f3n. No se desplaz\u00f3 a nadie. No hubo due\u00f1o desplazado. No hubo enajenaci\u00f3n, toma o corte de alambre, violencia ni cosa semejante. Se lleg\u00f3 a un descampado y se procedi\u00f3 a su limpieza desde el 27 de diciembre. Estamos con elementos para demostrar que no hay usurpaci\u00f3n y de all\u00ed que la causa deber\u00eda estar en el civil y comercial. Por eso hay que tramitar y en esto acordamos con el intendente Selva el traslado a la justicia civil para que \u00e9sta vea si ese due\u00f1o fantasma que aparece tiene papeles reales con la letra que corresponde a un documento formal, que no sean falsos, y dem\u00e1s.\u201d<\/p>\n<p>Con relaci\u00f3n a la reuni\u00f3n la evaluaron como positiva: \u201csiempre es bueno ser recibido por el intendente que se coloca como mediador y no toma posici\u00f3n ni a favor ni en contra ante lo cual es positivo.\u201d<\/p>\n<p>La situaci\u00f3n continuar\u00e1 en t\u00e9rminos judiciales pidiendo el cambio de fuero y en el Concejo Deliberativo solicitando la transferencia y el tratamiento favorable de las propuestas elevadas.<\/p>\n<p>&nbsp;<\/p>\n","protected":false},"excerpt":{"rendered":"<p>Se produjo un encuentro entre el intendente Carlos Selva y parte de las familias que est\u00e1n buscando les regularicen terrenos &#8230; <a title=\"Terrenos ocupados: vecinos con Selva y pedido de desalojo del fiscal\" class=\"read-more\" href=\"https:\/\/www.hoymercedes.com.ar\/principal\/2013\/03\/27\/terrenos-ocupados-vecinos-con-selva-y-pedido-de-desalojo-del-fiscal\/\" aria-label=\"Leer m\u00e1s sobre Terrenos ocupados: vecinos con Selva y pedido de desalojo del fiscal\">Leer m\u00e1s<\/a><\/p>\n","protected":false},"author":1,"featured_media":0,"comment_status":"open","ping_status":"open","sticky":false,"template":"","format":"standard","meta":{"_monsterinsights_skip_tracking":false,"_monsterinsights_sitenote_active":false,"_monsterinsights_sitenote_note":"","_monsterinsights_sitenote_category":0,"jetpack_post_was_ever_published":false,"_jetpack_newsletter_access":"","_jetpack_dont_email_post_to_subs":false,"_jetpack_newsletter_tier_id":0,"_jetpack_memberships_contains_paywalled_content":false,"_jetpack_memberships_contains_paid_content":false,"footnotes":"","jetpack_publicize_message":"","jetpack_publicize_feature_enabled":true,"jetpack_social_post_already_shared":false,"jetpack_social_options":{"image_generator_settings":{"template":"highway","default_image_id":0,"font":"","enabled":false},"version":2},"_wpas_customize_per_network":false},"categories":[8],"tags":[3323,3324,3322,2583],"class_list":["post-21016","post","type-post","status-publish","format-standard","hentry","category-sociedad","tag-agote-y-gowland-toma","tag-usurpacion","tag-vecinos-toman-terreno","tag-walter-altavista","generate-columns","tablet-grid-50","mobile-grid-100","grid-parent","grid-50"],"jetpack_publicize_connections":[],"jetpack_featured_media_url":"","wps_subtitle":"","jetpack_sharing_enabled":true,"_links":{"self":[{"href":"https:\/\/www.hoymercedes.com.ar\/principal\/wp-json\/wp\/v2\/posts\/21016","targetHints":{"allow":["GET"]}}],"collection":[{"href":"https:\/\/www.hoymercedes.com.ar\/principal\/wp-json\/wp\/v2\/posts"}],"about":[{"href":"https:\/\/www.hoymercedes.com.ar\/principal\/wp-json\/wp\/v2\/types\/post"}],"author":[{"embeddable":true,"href":"https:\/\/www.hoymercedes.com.ar\/principal\/wp-json\/wp\/v2\/users\/1"}],"replies":[{"embeddable":true,"href":"https:\/\/www.hoymercedes.com.ar\/principal\/wp-json\/wp\/v2\/comments?post=21016"}],"version-history":[{"count":0,"href":"https:\/\/www.hoymercedes.com.ar\/principal\/wp-json\/wp\/v2\/posts\/21016\/revisions"}],"wp:attachment":[{"href":"https:\/\/www.hoymercedes.com.ar\/principal\/wp-json\/wp\/v2\/media?parent=21016"}],"wp:term":[{"taxonomy":"category","embeddable":true,"href":"https:\/\/www.hoymercedes.com.ar\/principal\/wp-json\/wp\/v2\/categories?post=21016"},{"taxonomy":"post_tag","embeddable":true,"href":"https:\/\/www.hoymercedes.com.ar\/principal\/wp-json\/wp\/v2\/tags?post=21016"}],"curies":[{"name":"wp","href":"https:\/\/api.w.org\/{rel}","templated":true}]}}