{"id":21068,"date":"2013-03-29T02:03:48","date_gmt":"2013-03-29T02:03:48","guid":{"rendered":"http:\/\/www.hoymercedes.com.ar\/principal\/?p=21068"},"modified":"2013-03-29T08:58:25","modified_gmt":"2013-03-29T08:58:25","slug":"alzamiento-de-vecinos-incendian-la-casa-del-padrastro-de-la-nena-muerta","status":"publish","type":"post","link":"https:\/\/www.hoymercedes.com.ar\/principal\/2013\/03\/29\/alzamiento-de-vecinos-incendian-la-casa-del-padrastro-de-la-nena-muerta\/","title":{"rendered":"Alzamiento de vecinos: Incendian la casa del padrastro de la nena muerta"},"content":{"rendered":"<figure id=\"attachment_21070\" aria-describedby=\"caption-attachment-21070\" style=\"width: 608px\" class=\"wp-caption aligncenter\"><a href=\"https:\/\/www.hoymercedes.com.ar\/principal\/wp-content\/uploads\/2013\/03\/Pueblada-38y53-I.jpg\"><img loading=\"lazy\" decoding=\"async\" data-attachment-id=\"21070\" data-permalink=\"https:\/\/www.hoymercedes.com.ar\/principal\/2013\/03\/29\/alzamiento-de-vecinos-incendian-la-casa-del-padrastro-de-la-nena-muerta\/pueblada-38y53-i\/#main\" data-orig-file=\"https:\/\/www.hoymercedes.com.ar\/principal\/wp-content\/uploads\/2013\/03\/Pueblada-38y53-I.jpg\" data-orig-size=\"618,464\" data-comments-opened=\"1\" data-image-meta=\"{&quot;aperture&quot;:&quot;3.1&quot;,&quot;credit&quot;:&quot;&quot;,&quot;camera&quot;:&quot;DMC-S1&quot;,&quot;caption&quot;:&quot;&quot;,&quot;created_timestamp&quot;:&quot;1364292699&quot;,&quot;copyright&quot;:&quot;&quot;,&quot;focal_length&quot;:&quot;5&quot;,&quot;iso&quot;:&quot;800&quot;,&quot;shutter_speed&quot;:&quot;0.066666666666667&quot;,&quot;title&quot;:&quot;&quot;}\" data-image-title=\"Pueblada-38y53-I\" data-image-description=\"\" data-image-caption=\"&lt;p&gt;Vecinos incendian vivienda en 28 y 53&lt;\/p&gt;\n\" data-large-file=\"https:\/\/www.hoymercedes.com.ar\/principal\/wp-content\/uploads\/2013\/03\/Pueblada-38y53-I.jpg\" class=\"size-full wp-image-21070\" alt=\"Vecinos incendian vivienda en 28 y 53\" src=\"https:\/\/www.hoymercedes.com.ar\/principal\/wp-content\/uploads\/2013\/03\/Pueblada-38y53-I.jpg\" width=\"618\" height=\"464\" \/><\/a><figcaption id=\"caption-attachment-21070\" class=\"wp-caption-text\">Vecinos incendian vivienda en 28 y 53<\/figcaption><\/figure>\n<p>Un acontecimiento in\u00e9dito se vivi\u00f3 esta noche de jueves en nuestra ciudad. Vecinos de la calle 38 y 53 incendiaron la casa del\u00a0 joven detenido por la muerte a golpes de una nena hace apenas 24hs.<\/p>\n<p>El hecho sucedi\u00f3 alrededor de las 20.30 \/ 20.45hs aproximadamente. Un grupo de personas, sobre lo cual es muy complejo determinar el n\u00famero, se manifest\u00f3 in\u00e9ditamente contra la vivienda del sujeto detenido por la muerte de la nena de dos a\u00f1os tras una violenta golpiza que le provoc\u00f3 un paro cardiorespiratorio traum\u00e1tico generando un incendio que debi\u00f3 ser sofocado por dos dotaciones grandes de los bomberos de nuestra ciudad.<\/p>\n<p>El acontecimiento requiri\u00f3 la presencia de varios m\u00f3viles de la polic\u00eda local y de los servicios el\u00e9ctricos que cortaron la energ\u00eda para poder sofocar y apagar el fuego adem\u00e1s de realizar las tareas habituales. No se sabe cu\u00e1nto da\u00f1o se produjo.<\/p>\n<p>A partir de ahora una guardia policial estar\u00e1 en el lugar, al menos esta noche, por un posible retorno de los vecinos que generaron lo que se podr\u00eda llamar una \u201cpueblada\u201d.<\/p>\n<figure id=\"attachment_21071\" aria-describedby=\"caption-attachment-21071\" style=\"width: 608px\" class=\"wp-caption aligncenter\"><a href=\"https:\/\/www.hoymercedes.com.ar\/principal\/wp-content\/uploads\/2013\/03\/Pueblada-38y53-II.jpg\"><img loading=\"lazy\" decoding=\"async\" data-attachment-id=\"21071\" data-permalink=\"https:\/\/www.hoymercedes.com.ar\/principal\/2013\/03\/29\/alzamiento-de-vecinos-incendian-la-casa-del-padrastro-de-la-nena-muerta\/pueblada-38y53-ii\/#main\" data-orig-file=\"https:\/\/www.hoymercedes.com.ar\/principal\/wp-content\/uploads\/2013\/03\/Pueblada-38y53-II.jpg\" data-orig-size=\"618,464\" data-comments-opened=\"1\" data-image-meta=\"{&quot;aperture&quot;:&quot;3.1&quot;,&quot;credit&quot;:&quot;&quot;,&quot;camera&quot;:&quot;DMC-S1&quot;,&quot;caption&quot;:&quot;&quot;,&quot;created_timestamp&quot;:&quot;1364292766&quot;,&quot;copyright&quot;:&quot;&quot;,&quot;focal_length&quot;:&quot;5&quot;,&quot;iso&quot;:&quot;640&quot;,&quot;shutter_speed&quot;:&quot;0.25&quot;,&quot;title&quot;:&quot;&quot;}\" data-image-title=\"Pueblada-38y53-II\" data-image-description=\"\" data-image-caption=\"&lt;p&gt;Vecinos atacaron casa del detenido por la muerte de nena de 2 a\u00f1os.&lt;\/p&gt;\n\" data-large-file=\"https:\/\/www.hoymercedes.com.ar\/principal\/wp-content\/uploads\/2013\/03\/Pueblada-38y53-II.jpg\" class=\"size-full wp-image-21071\" alt=\"Vecinos atacaron casa del detenido por la muerte de nena de 2 a\u00f1os.\" src=\"https:\/\/www.hoymercedes.com.ar\/principal\/wp-content\/uploads\/2013\/03\/Pueblada-38y53-II.jpg\" width=\"618\" height=\"464\" srcset=\"https:\/\/www.hoymercedes.com.ar\/principal\/wp-content\/uploads\/2013\/03\/Pueblada-38y53-II.jpg 618w, https:\/\/www.hoymercedes.com.ar\/principal\/wp-content\/uploads\/2013\/03\/Pueblada-38y53-II-300x225.jpg 300w\" sizes=\"auto, (max-width: 618px) 100vw, 618px\" \/><\/a><figcaption id=\"caption-attachment-21071\" class=\"wp-caption-text\">Vecinos atacaron casa del detenido por la muerte de nena de 2 a\u00f1os.<\/figcaption><\/figure>\n<p>El acontecimiento es una novedad en nuestra ciudad, pero, \u00a0tal como nos comentaba un oficial apostado en el lugar: \u201cse sab\u00eda del malestar de la barriada y la ciudad en general. Se vivenci\u00f3 en los comentarios en las redes sociales y en la calle, pero, no era previsible de ninguna manera lo que se ha vivido con el incendio o intento de incendio de la vivienda del detenido\u201d.<\/p>\n<p>Recordemos que los restos de la nena fueron velados en la capilla de Gowland tras la autopsia efectuada en la localidad de General Rodr\u00edguez que determin\u00f3 las causas de la muerte.<\/p>\n","protected":false},"excerpt":{"rendered":"<p>Un acontecimiento in\u00e9dito se vivi\u00f3 esta noche de jueves en nuestra ciudad. Vecinos de la calle 38 y 53 incendiaron &#8230; <a title=\"Alzamiento de vecinos: Incendian la casa del padrastro de la nena muerta\" class=\"read-more\" href=\"https:\/\/www.hoymercedes.com.ar\/principal\/2013\/03\/29\/alzamiento-de-vecinos-incendian-la-casa-del-padrastro-de-la-nena-muerta\/\" aria-label=\"Leer m\u00e1s sobre Alzamiento de vecinos: Incendian la casa del padrastro de la nena muerta\">Leer m\u00e1s<\/a><\/p>\n","protected":false},"author":1,"featured_media":0,"comment_status":"open","ping_status":"open","sticky":false,"template":"","format":"standard","meta":{"_monsterinsights_skip_tracking":false,"_monsterinsights_sitenote_active":false,"_monsterinsights_sitenote_note":"","_monsterinsights_sitenote_category":0,"jetpack_post_was_ever_published":false,"_jetpack_newsletter_access":"","_jetpack_dont_email_post_to_subs":false,"_jetpack_newsletter_tier_id":0,"_jetpack_memberships_contains_paywalled_content":false,"_jetpack_memberships_contains_paid_content":false,"footnotes":"","jetpack_publicize_message":"","jetpack_publicize_feature_enabled":true,"jetpack_social_post_already_shared":false,"jetpack_social_options":{"image_generator_settings":{"template":"highway","default_image_id":0,"font":"","enabled":false},"version":2},"_wpas_customize_per_network":false},"categories":[85],"tags":[3333,3332],"class_list":["post-21068","post","type-post","status-publish","format-standard","hentry","category-policial","tag-nena-asesinada","tag-pueblada-en-mercedes","generate-columns","tablet-grid-50","mobile-grid-100","grid-parent","grid-50"],"jetpack_publicize_connections":[],"jetpack_featured_media_url":"","wps_subtitle":"","jetpack_sharing_enabled":true,"_links":{"self":[{"href":"https:\/\/www.hoymercedes.com.ar\/principal\/wp-json\/wp\/v2\/posts\/21068","targetHints":{"allow":["GET"]}}],"collection":[{"href":"https:\/\/www.hoymercedes.com.ar\/principal\/wp-json\/wp\/v2\/posts"}],"about":[{"href":"https:\/\/www.hoymercedes.com.ar\/principal\/wp-json\/wp\/v2\/types\/post"}],"author":[{"embeddable":true,"href":"https:\/\/www.hoymercedes.com.ar\/principal\/wp-json\/wp\/v2\/users\/1"}],"replies":[{"embeddable":true,"href":"https:\/\/www.hoymercedes.com.ar\/principal\/wp-json\/wp\/v2\/comments?post=21068"}],"version-history":[{"count":0,"href":"https:\/\/www.hoymercedes.com.ar\/principal\/wp-json\/wp\/v2\/posts\/21068\/revisions"}],"wp:attachment":[{"href":"https:\/\/www.hoymercedes.com.ar\/principal\/wp-json\/wp\/v2\/media?parent=21068"}],"wp:term":[{"taxonomy":"category","embeddable":true,"href":"https:\/\/www.hoymercedes.com.ar\/principal\/wp-json\/wp\/v2\/categories?post=21068"},{"taxonomy":"post_tag","embeddable":true,"href":"https:\/\/www.hoymercedes.com.ar\/principal\/wp-json\/wp\/v2\/tags?post=21068"}],"curies":[{"name":"wp","href":"https:\/\/api.w.org\/{rel}","templated":true}]}}