{"id":21091,"date":"2013-03-30T17:07:12","date_gmt":"2013-03-30T17:07:12","guid":{"rendered":"http:\/\/www.hoymercedes.com.ar\/principal\/?p=21091"},"modified":"2013-03-30T17:07:31","modified_gmt":"2013-03-30T17:07:31","slug":"detenida-al-intentar-ingresar-drogas-a-la-carcel","status":"publish","type":"post","link":"https:\/\/www.hoymercedes.com.ar\/principal\/2013\/03\/30\/detenida-al-intentar-ingresar-drogas-a-la-carcel\/","title":{"rendered":"Detenida al intentar ingresar drogas a la C\u00e1rcel."},"content":{"rendered":"<p><em><strong>Si bien el hecho ocurri\u00f3 hace casi quince d\u00edas permite reflejas una problem\u00e1tica social que debe ser atendida y es el estado en el que viven y las condiciones en que se encuentran en todo sentido los sujetos privados de su libertad.<\/strong><\/em><\/p>\n<p>En este caso se trat\u00f3 de una mujer que intent\u00f3 ingresar a la Unidad Penitenciaria N\u00ba 5 cocaina.<\/p>\n<p>Una mujer, domiciliada en calle 10 y 57,hab\u00eda ido a la Unidad Penitenciaria a visitar a un familiar, llevaba consigo una cantidad de 25 gramos de coca\u00edna. Al ser revisada se le encontr\u00f3 la froga. Fue requerida la presencia de efectivos Policiales y estos llevaron a cabo la detenci\u00f3n de la misma, quien quedo a disposici\u00f3n de la fiscal\u00eda en turno.<\/p>\n<p>De esta forma queda en evidencia la necesidad de atender integralmente al detenido que en algunas ocasiones es drogadicto y necesita m\u00e1s que un encierro, requiere,\u00a0claramente\u00a0 atenci\u00f3n psicol\u00f3gica, contra las adicciones y protecci\u00f3n de la salud. M\u00e1s all\u00e1 del echo se denota toda una necesidad de fondo.<\/p>\n","protected":false},"excerpt":{"rendered":"<p>Si bien el hecho ocurri\u00f3 hace casi quince d\u00edas permite reflejas una problem\u00e1tica social que debe ser atendida y es &#8230; <a title=\"Detenida al intentar ingresar drogas a la C\u00e1rcel.\" class=\"read-more\" href=\"https:\/\/www.hoymercedes.com.ar\/principal\/2013\/03\/30\/detenida-al-intentar-ingresar-drogas-a-la-carcel\/\" aria-label=\"Leer m\u00e1s sobre Detenida al intentar ingresar drogas a la C\u00e1rcel.\">Leer m\u00e1s<\/a><\/p>\n","protected":false},"author":1,"featured_media":0,"comment_status":"open","ping_status":"open","sticky":false,"template":"","format":"standard","meta":{"_monsterinsights_skip_tracking":false,"_monsterinsights_sitenote_active":false,"_monsterinsights_sitenote_note":"","_monsterinsights_sitenote_category":0,"jetpack_post_was_ever_published":false,"_jetpack_newsletter_access":"","_jetpack_dont_email_post_to_subs":false,"_jetpack_newsletter_tier_id":0,"_jetpack_memberships_contains_paywalled_content":false,"_jetpack_memberships_contains_paid_content":false,"footnotes":"","jetpack_publicize_message":"","jetpack_publicize_feature_enabled":true,"jetpack_social_post_already_shared":false,"jetpack_social_options":{"image_generator_settings":{"template":"highway","default_image_id":0,"font":"","enabled":false},"version":2},"_wpas_customize_per_network":false},"categories":[85],"tags":[1011],"class_list":["post-21091","post","type-post","status-publish","format-standard","hentry","category-policial","tag-carcel","generate-columns","tablet-grid-50","mobile-grid-100","grid-parent","grid-50"],"jetpack_publicize_connections":[],"jetpack_featured_media_url":"","wps_subtitle":"","jetpack_sharing_enabled":true,"_links":{"self":[{"href":"https:\/\/www.hoymercedes.com.ar\/principal\/wp-json\/wp\/v2\/posts\/21091","targetHints":{"allow":["GET"]}}],"collection":[{"href":"https:\/\/www.hoymercedes.com.ar\/principal\/wp-json\/wp\/v2\/posts"}],"about":[{"href":"https:\/\/www.hoymercedes.com.ar\/principal\/wp-json\/wp\/v2\/types\/post"}],"author":[{"embeddable":true,"href":"https:\/\/www.hoymercedes.com.ar\/principal\/wp-json\/wp\/v2\/users\/1"}],"replies":[{"embeddable":true,"href":"https:\/\/www.hoymercedes.com.ar\/principal\/wp-json\/wp\/v2\/comments?post=21091"}],"version-history":[{"count":0,"href":"https:\/\/www.hoymercedes.com.ar\/principal\/wp-json\/wp\/v2\/posts\/21091\/revisions"}],"wp:attachment":[{"href":"https:\/\/www.hoymercedes.com.ar\/principal\/wp-json\/wp\/v2\/media?parent=21091"}],"wp:term":[{"taxonomy":"category","embeddable":true,"href":"https:\/\/www.hoymercedes.com.ar\/principal\/wp-json\/wp\/v2\/categories?post=21091"},{"taxonomy":"post_tag","embeddable":true,"href":"https:\/\/www.hoymercedes.com.ar\/principal\/wp-json\/wp\/v2\/tags?post=21091"}],"curies":[{"name":"wp","href":"https:\/\/api.w.org\/{rel}","templated":true}]}}