{"id":2110,"date":"2011-02-10T02:57:30","date_gmt":"2011-02-10T02:57:30","guid":{"rendered":"http:\/\/www.hoymercedes.com.ar\/principal\/?p=2110"},"modified":"2011-02-10T02:57:30","modified_gmt":"2011-02-10T02:57:30","slug":"el-municipio-pagara-a-los-empleados-la-ayuda-escolar-a-partir-del-2102","status":"publish","type":"post","link":"https:\/\/www.hoymercedes.com.ar\/principal\/2011\/02\/10\/el-municipio-pagara-a-los-empleados-la-ayuda-escolar-a-partir-del-2102\/","title":{"rendered":"El municipio pagar\u00e1 a los empleados la ayuda escolar a partir del 21\/02"},"content":{"rendered":"<p style=\"text-align: justify;\">\n<figure id=\"attachment_336\" aria-describedby=\"caption-attachment-336\" style=\"width: 290px\" class=\"wp-caption alignleft\"><a href=\"https:\/\/www.hoymercedes.com.ar\/principal\/wp-content\/uploads\/2010\/11\/Balsategui.jpg\"><img loading=\"lazy\" decoding=\"async\" data-attachment-id=\"336\" data-permalink=\"https:\/\/www.hoymercedes.com.ar\/principal\/2010\/11\/16\/municipales-de-toda-la-provincia-firman-petitorio-para-entregare-a-la-presidente-cfk\/balsategui\/#main\" data-orig-file=\"https:\/\/www.hoymercedes.com.ar\/principal\/wp-content\/uploads\/2010\/11\/Balsategui.jpg\" data-orig-size=\"400,303\" data-comments-opened=\"1\" data-image-meta=\"{&quot;aperture&quot;:&quot;0&quot;,&quot;credit&quot;:&quot;&quot;,&quot;camera&quot;:&quot;&quot;,&quot;caption&quot;:&quot;&quot;,&quot;created_timestamp&quot;:&quot;0&quot;,&quot;copyright&quot;:&quot;&quot;,&quot;focal_length&quot;:&quot;0&quot;,&quot;iso&quot;:&quot;0&quot;,&quot;shutter_speed&quot;:&quot;0&quot;,&quot;title&quot;:&quot;&quot;}\" data-image-title=\"Balsategui\" data-image-description=\"&lt;p&gt;Mar\u00eda Florencia Balzategui&lt;\/p&gt;\n\" data-image-caption=\"&lt;p&gt;Mar\u00eda Florencia Balzategui&lt;\/p&gt;\n\" data-large-file=\"https:\/\/www.hoymercedes.com.ar\/principal\/wp-content\/uploads\/2010\/11\/Balsategui.jpg\" class=\"size-medium wp-image-336\" title=\"Balsategui\" src=\"https:\/\/www.hoymercedes.com.ar\/principal\/wp-content\/uploads\/2010\/11\/Balsategui-300x227.jpg\" alt=\"Mar\u00eda Florencia Balzategui\" width=\"300\" height=\"227\" \/><\/a><figcaption id=\"caption-attachment-336\" class=\"wp-caption-text\">Mar\u00eda Florencia Balzategui<\/figcaption><\/figure>\n<p>La municipalidad de Mercedes depositar\u00e1 en las cuentas individuales de sus empleados con hijos en edad escolar el importe correspondiente a la ayuda escolar 2011 seg\u00fan lo manifestado en primer t\u00e9rmino por la secretaria del Sindicato de Trabajadores Municipales Mar\u00eda Florencia Balsategui y luego conformado por el propio intendente Carlos Selva qui\u00e9n precis\u00f3 \u201cnormalmente la ayuda se pagaba junto a liquidaci\u00f3n del mes de trabajo en este caso febrero pero como las clases justamente comenzar\u00e1n el 28 de este mes decidimos adelantar el pago\u201d.<\/p>\n<p style=\"text-align: justify;\">Posteriormente la principal responsable del STMM sostuvo \u201cpara los trabajadores es importante recibir el dinero antes del comienzo de las clases porque les permite ir comprando las cosas que habitualmente ya saben que van a necesitar sus hijos y la verdad es que casi ninguno de ellos cuenta con sumas disponibles para poder afrontar dicho gasto.<\/p>\n<p style=\"text-align: justify;\">Como todos los a\u00f1os desde el Sindicato estamos preparando bolsas con \u00fatiles que van desde el jard\u00edn obligatorio hasta el noveno a\u00f1o, es decir lo que ahora es el secundo a\u00f1o de la secundaria<\/p>\n<p style=\"text-align: justify;\">Dichas bolsas contienen elementos acorde con el grado al que concurre cada uno de los hijos de nuestros afiliados y las empezaremos a entregar tambi\u00e9n a partir del 21igual que los guardapolvos y delantales que se entregan para pagar en dos y hasta tres cuotas seg\u00fan a cantidad de hijos en edad escolar que tenga el afiliado\u201d.<\/p>\n","protected":false},"excerpt":{"rendered":"<p>La municipalidad de Mercedes depositar\u00e1 en las cuentas individuales de sus empleados con hijos en edad escolar el importe correspondiente &#8230; <a title=\"El municipio pagar\u00e1 a los empleados la ayuda escolar a partir del 21\/02\" class=\"read-more\" href=\"https:\/\/www.hoymercedes.com.ar\/principal\/2011\/02\/10\/el-municipio-pagara-a-los-empleados-la-ayuda-escolar-a-partir-del-2102\/\" aria-label=\"Leer m\u00e1s sobre El municipio pagar\u00e1 a los empleados la ayuda escolar a partir del 21\/02\">Leer m\u00e1s<\/a><\/p>\n","protected":false},"author":1,"featured_media":0,"comment_status":"open","ping_status":"open","sticky":false,"template":"","format":"standard","meta":{"_monsterinsights_skip_tracking":false,"_monsterinsights_sitenote_active":false,"_monsterinsights_sitenote_note":"","_monsterinsights_sitenote_category":0,"jetpack_post_was_ever_published":false,"_jetpack_newsletter_access":"","_jetpack_dont_email_post_to_subs":false,"_jetpack_newsletter_tier_id":0,"_jetpack_memberships_contains_paywalled_content":false,"_jetpack_memberships_contains_paid_content":false,"footnotes":"","jetpack_publicize_message":"","jetpack_publicize_feature_enabled":true,"jetpack_social_post_already_shared":false,"jetpack_social_options":{"image_generator_settings":{"template":"highway","default_image_id":0,"font":"","enabled":false},"version":2},"_wpas_customize_per_network":false},"categories":[30],"tags":[197,461],"class_list":["post-2110","post","type-post","status-publish","format-standard","hentry","category-municipio","tag-municipalidad-de-mercedes","tag-sindicato-municipal","generate-columns","tablet-grid-50","mobile-grid-100","grid-parent","grid-50"],"jetpack_publicize_connections":[],"jetpack_featured_media_url":"","wps_subtitle":"","jetpack_sharing_enabled":true,"_links":{"self":[{"href":"https:\/\/www.hoymercedes.com.ar\/principal\/wp-json\/wp\/v2\/posts\/2110","targetHints":{"allow":["GET"]}}],"collection":[{"href":"https:\/\/www.hoymercedes.com.ar\/principal\/wp-json\/wp\/v2\/posts"}],"about":[{"href":"https:\/\/www.hoymercedes.com.ar\/principal\/wp-json\/wp\/v2\/types\/post"}],"author":[{"embeddable":true,"href":"https:\/\/www.hoymercedes.com.ar\/principal\/wp-json\/wp\/v2\/users\/1"}],"replies":[{"embeddable":true,"href":"https:\/\/www.hoymercedes.com.ar\/principal\/wp-json\/wp\/v2\/comments?post=2110"}],"version-history":[{"count":0,"href":"https:\/\/www.hoymercedes.com.ar\/principal\/wp-json\/wp\/v2\/posts\/2110\/revisions"}],"wp:attachment":[{"href":"https:\/\/www.hoymercedes.com.ar\/principal\/wp-json\/wp\/v2\/media?parent=2110"}],"wp:term":[{"taxonomy":"category","embeddable":true,"href":"https:\/\/www.hoymercedes.com.ar\/principal\/wp-json\/wp\/v2\/categories?post=2110"},{"taxonomy":"post_tag","embeddable":true,"href":"https:\/\/www.hoymercedes.com.ar\/principal\/wp-json\/wp\/v2\/tags?post=2110"}],"curies":[{"name":"wp","href":"https:\/\/api.w.org\/{rel}","templated":true}]}}