{"id":21127,"date":"2013-04-01T20:10:47","date_gmt":"2013-04-01T20:10:47","guid":{"rendered":"http:\/\/www.hoymercedes.com.ar\/principal\/?p=21127"},"modified":"2013-04-01T20:12:00","modified_gmt":"2013-04-01T20:12:00","slug":"padrastro-de-la-nena-muerta-detenido-en-la-plata-investigan-rol-de-la-mama","status":"publish","type":"post","link":"https:\/\/www.hoymercedes.com.ar\/principal\/2013\/04\/01\/padrastro-de-la-nena-muerta-detenido-en-la-plata-investigan-rol-de-la-mama\/","title":{"rendered":"Padrastro de la nena muerta detenido en La Plata. Investigan rol de la mam\u00e1"},"content":{"rendered":"<p><em><strong>El joven acusado de ser parte o responsable de la muerte a la ni\u00f1a de dos a\u00f1os de edad, llamada Rosa Sequeira, se encuentra en estos momentos incluido en un instituto de la ciudad de La Plata bajo modalidad de encierro.<\/strong><\/em><\/p>\n<p>El caso comenz\u00f3 a dar detalles. Se investiga en profundidad el rol de la mam\u00e1, Noelia Sequeira, de 23 a\u00f1os, qui\u00e9n se habr\u00eda contradicho o dado explicaciones poco claras sobre qu\u00e9 hab\u00eda efectuado durante esa ma\u00f1ana.<\/p>\n<p>El padrastro fue qui\u00e9n la entreg\u00f3 sin vida a la ni\u00f1a a la vecina que la llev\u00f3 al hospital y luego se dio a la fuga siendo hallado en casa de un amigo en 48 y 33. El rastrillaje fue r\u00e1pido y efectivo por parte de los efectivos policiales que encausaron el asunto con gran celeridad.<\/p>\n<p>A la madre ya le hab\u00edan quitado la tenencia de una mejor de 4 a\u00f1os de edad entregada a un t\u00edo ante lo cual en el ojo de la tormenta queda el Servicio Social local qui\u00e9n no desconoc\u00eda los problemas familiares, sostienen quienes est\u00e1n al tanto de la causa.<\/p>\n<p><strong>Descartado<\/strong><\/p>\n<p>Las pericias efectuadas por los profesionales, <a href=\"https:\/\/www.hoymercedes.com.ar\/principal\/2013\/03\/28\/investiga-la-justicia-muerte-de-nena-de-dos-anos\/\">tal como adelantamos<\/a>, realizadas en la General Rodr\u00edguez tras el traslado en una ambulancia pagada por el municipio a una cocher\u00eda local, dieron que no sufri\u00f3 la ni\u00f1a abusos sexuales, aunque si un paro cardiorespiratorio traum\u00e1tico que le produjo la muerte.<\/p>\n<p><strong>Robos<\/strong><\/p>\n<p>La vivienda prendida fuego por los vecinos d\u00edas atr\u00e1s, que tambi\u00e9n <a href=\"https:\/\/www.hoymercedes.com.ar\/principal\/2013\/03\/29\/alzamiento-de-vecinos-incendian-la-casa-del-padrastro-de-la-nena-muerta\/\">reflej\u00e1bamos en HoyMercedes como un \u201calzamiento\u201d <\/a>habr\u00eda sufrido robos de elementos. Qued\u00f3 totalmente destruida. Por la noche cuando se produc\u00edan los hechos era complejo determinarlo, pero, luego, se pudo observar el gran da\u00f1o producido que requiri\u00f3 de dos dotaciones de bomberos.<\/p>\n<p><strong>La justicia<\/strong><\/p>\n<p>La justicia tiene ahora en sus manos la posibilidad de aclarar plenamente las cuestiones inherentes a la causa que permitir\u00e1n explicar por completo qu\u00e9 sucedi\u00f3 para que el desenlace sea fatal. La causa est\u00e1 en manos del fiscal H\u00e9ctor Zunino.<\/p>\n<p>&nbsp;<\/p>\n","protected":false},"excerpt":{"rendered":"<p>El joven acusado de ser parte o responsable de la muerte a la ni\u00f1a de dos a\u00f1os de edad, llamada &#8230; <a title=\"Padrastro de la nena muerta detenido en La Plata. Investigan rol de la mam\u00e1\" class=\"read-more\" href=\"https:\/\/www.hoymercedes.com.ar\/principal\/2013\/04\/01\/padrastro-de-la-nena-muerta-detenido-en-la-plata-investigan-rol-de-la-mama\/\" aria-label=\"Leer m\u00e1s sobre Padrastro de la nena muerta detenido en La Plata. Investigan rol de la mam\u00e1\">Leer m\u00e1s<\/a><\/p>\n","protected":false},"author":1,"featured_media":0,"comment_status":"open","ping_status":"open","sticky":false,"template":"","format":"standard","meta":{"_monsterinsights_skip_tracking":false,"_monsterinsights_sitenote_active":false,"_monsterinsights_sitenote_note":"","_monsterinsights_sitenote_category":0,"jetpack_post_was_ever_published":false,"_jetpack_newsletter_access":"","_jetpack_dont_email_post_to_subs":false,"_jetpack_newsletter_tier_id":0,"_jetpack_memberships_contains_paywalled_content":false,"_jetpack_memberships_contains_paid_content":false,"footnotes":"","jetpack_publicize_message":"","jetpack_publicize_feature_enabled":true,"jetpack_social_post_already_shared":false,"jetpack_social_options":{"image_generator_settings":{"template":"highway","default_image_id":0,"font":"","enabled":false},"version":2},"_wpas_customize_per_network":false},"categories":[85],"tags":[3339],"class_list":["post-21127","post","type-post","status-publish","format-standard","hentry","category-policial","tag-nena-muerta","generate-columns","tablet-grid-50","mobile-grid-100","grid-parent","grid-50"],"jetpack_publicize_connections":[],"jetpack_featured_media_url":"","wps_subtitle":"","jetpack_sharing_enabled":true,"_links":{"self":[{"href":"https:\/\/www.hoymercedes.com.ar\/principal\/wp-json\/wp\/v2\/posts\/21127","targetHints":{"allow":["GET"]}}],"collection":[{"href":"https:\/\/www.hoymercedes.com.ar\/principal\/wp-json\/wp\/v2\/posts"}],"about":[{"href":"https:\/\/www.hoymercedes.com.ar\/principal\/wp-json\/wp\/v2\/types\/post"}],"author":[{"embeddable":true,"href":"https:\/\/www.hoymercedes.com.ar\/principal\/wp-json\/wp\/v2\/users\/1"}],"replies":[{"embeddable":true,"href":"https:\/\/www.hoymercedes.com.ar\/principal\/wp-json\/wp\/v2\/comments?post=21127"}],"version-history":[{"count":0,"href":"https:\/\/www.hoymercedes.com.ar\/principal\/wp-json\/wp\/v2\/posts\/21127\/revisions"}],"wp:attachment":[{"href":"https:\/\/www.hoymercedes.com.ar\/principal\/wp-json\/wp\/v2\/media?parent=21127"}],"wp:term":[{"taxonomy":"category","embeddable":true,"href":"https:\/\/www.hoymercedes.com.ar\/principal\/wp-json\/wp\/v2\/categories?post=21127"},{"taxonomy":"post_tag","embeddable":true,"href":"https:\/\/www.hoymercedes.com.ar\/principal\/wp-json\/wp\/v2\/tags?post=21127"}],"curies":[{"name":"wp","href":"https:\/\/api.w.org\/{rel}","templated":true}]}}