{"id":21134,"date":"2013-04-01T22:07:08","date_gmt":"2013-04-01T22:07:08","guid":{"rendered":"http:\/\/www.hoymercedes.com.ar\/principal\/?p=21134"},"modified":"2013-04-01T22:14:00","modified_gmt":"2013-04-01T22:14:00","slug":"accidente-en-47-y-26-no-logro-girar-correctamente","status":"publish","type":"post","link":"https:\/\/www.hoymercedes.com.ar\/principal\/2013\/04\/01\/accidente-en-47-y-26-no-logro-girar-correctamente\/","title":{"rendered":"Accidente en 47 y 26: no logr\u00f3 girar correctamente"},"content":{"rendered":"<figure id=\"attachment_21136\" aria-describedby=\"caption-attachment-21136\" style=\"width: 608px\" class=\"wp-caption aligncenter\"><a href=\"https:\/\/www.hoymercedes.com.ar\/principal\/wp-content\/uploads\/2013\/04\/P1080088.jpg\"><img loading=\"lazy\" decoding=\"async\" data-attachment-id=\"21136\" data-permalink=\"https:\/\/www.hoymercedes.com.ar\/principal\/2013\/04\/01\/accidente-en-47-y-26-no-logro-girar-correctamente\/p1080088\/#main\" data-orig-file=\"https:\/\/www.hoymercedes.com.ar\/principal\/wp-content\/uploads\/2013\/04\/P1080088.jpg\" data-orig-size=\"618,824\" data-comments-opened=\"1\" data-image-meta=\"{&quot;aperture&quot;:&quot;3.1&quot;,&quot;credit&quot;:&quot;&quot;,&quot;camera&quot;:&quot;DMC-S1&quot;,&quot;caption&quot;:&quot;&quot;,&quot;created_timestamp&quot;:&quot;1364576331&quot;,&quot;copyright&quot;:&quot;&quot;,&quot;focal_length&quot;:&quot;5&quot;,&quot;iso&quot;:&quot;800&quot;,&quot;shutter_speed&quot;:&quot;0.016666666666667&quot;,&quot;title&quot;:&quot;&quot;}\" data-image-title=\"Accidente 47 y 26\" data-image-description=\"\" data-image-caption=\"&lt;p&gt;Accidente 47 y 26&lt;\/p&gt;\n\" data-large-file=\"https:\/\/www.hoymercedes.com.ar\/principal\/wp-content\/uploads\/2013\/04\/P1080088.jpg\" class=\"size-full wp-image-21136\" alt=\"Accidente 47 y 26\" src=\"https:\/\/www.hoymercedes.com.ar\/principal\/wp-content\/uploads\/2013\/04\/P1080088.jpg\" width=\"618\" height=\"824\" srcset=\"https:\/\/www.hoymercedes.com.ar\/principal\/wp-content\/uploads\/2013\/04\/P1080088.jpg 618w, https:\/\/www.hoymercedes.com.ar\/principal\/wp-content\/uploads\/2013\/04\/P1080088-465x620.jpg 465w\" sizes=\"auto, (max-width: 618px) 100vw, 618px\" \/><\/a><figcaption id=\"caption-attachment-21136\" class=\"wp-caption-text\">Accidente 47 y 26<\/figcaption><\/figure>\n<p>La madrugada del domingo depar\u00f3 un nuevo accidente de tr\u00e1nsito en avenida 47 y 26. En este caso se trat\u00f3 de un veh\u00edculo que se incrust\u00f3 contra un \u00e1rbol, pero con la buena de no tener que padecer problemas mayores.<\/p>\n<p>Seg\u00fan se pudo averiguar en t\u00e9rminos extra oficiales es que el conductor no logr\u00f3 realizar con perfecci\u00f3n la curva al dobla desde 47 a 26 llev\u00e1ndolo a chocar con un \u00e1rbol ubicado frente a un taller que se encuentra en esa esquina. \u00a0Nuevamente, fuentes no oficiales, manifiestan que no habr\u00eda problemas con la salud del conductor.<\/p>\n<p>Lo que no se logr\u00f3 saber es si se debi\u00f3 a una maniobra mal finalizada por el conductor o que el auto se hizo inmanejable por el agua que hab\u00eda en el lugar debido a la lluvia al momento de la\u00a0colisi\u00f3n.<\/p>\n<figure id=\"attachment_21137\" aria-describedby=\"caption-attachment-21137\" style=\"width: 608px\" class=\"wp-caption aligncenter\"><a href=\"https:\/\/www.hoymercedes.com.ar\/principal\/wp-content\/uploads\/2013\/04\/P1080086.jpg\"><img loading=\"lazy\" decoding=\"async\" data-attachment-id=\"21137\" data-permalink=\"https:\/\/www.hoymercedes.com.ar\/principal\/2013\/04\/01\/accidente-en-47-y-26-no-logro-girar-correctamente\/p1080086\/#main\" data-orig-file=\"https:\/\/www.hoymercedes.com.ar\/principal\/wp-content\/uploads\/2013\/04\/P1080086.jpg\" data-orig-size=\"618,464\" data-comments-opened=\"1\" data-image-meta=\"{&quot;aperture&quot;:&quot;3.1&quot;,&quot;credit&quot;:&quot;&quot;,&quot;camera&quot;:&quot;DMC-S1&quot;,&quot;caption&quot;:&quot;&quot;,&quot;created_timestamp&quot;:&quot;1364576314&quot;,&quot;copyright&quot;:&quot;&quot;,&quot;focal_length&quot;:&quot;5&quot;,&quot;iso&quot;:&quot;800&quot;,&quot;shutter_speed&quot;:&quot;0.066666666666667&quot;,&quot;title&quot;:&quot;&quot;}\" data-image-title=\"Accidente &amp;#8211; 47 y 26 \" data-image-description=\"\" data-image-caption=\"&lt;p&gt;Accidente en 47 y 26 durante la madrugada del domingo 1 de mayo&lt;\/p&gt;\n\" data-large-file=\"https:\/\/www.hoymercedes.com.ar\/principal\/wp-content\/uploads\/2013\/04\/P1080086.jpg\" class=\"size-full wp-image-21137\" alt=\"Accidente en 47 y 26 durante la madrugada del domingo 1 de mayo\" src=\"https:\/\/www.hoymercedes.com.ar\/principal\/wp-content\/uploads\/2013\/04\/P1080086.jpg\" width=\"618\" height=\"464\" srcset=\"https:\/\/www.hoymercedes.com.ar\/principal\/wp-content\/uploads\/2013\/04\/P1080086.jpg 618w, https:\/\/www.hoymercedes.com.ar\/principal\/wp-content\/uploads\/2013\/04\/P1080086-300x225.jpg 300w\" sizes=\"auto, (max-width: 618px) 100vw, 618px\" \/><\/a><figcaption id=\"caption-attachment-21137\" class=\"wp-caption-text\">Accidente en 47 y 26 durante la madrugada del domingo 1 de mayoe<\/figcaption><\/figure>\n<p>&nbsp;<\/p>\n<p>&nbsp;<\/p>\n","protected":false},"excerpt":{"rendered":"<p>La madrugada del domingo depar\u00f3 un nuevo accidente de tr\u00e1nsito en avenida 47 y 26. En este caso se trat\u00f3 &#8230; <a title=\"Accidente en 47 y 26: no logr\u00f3 girar correctamente\" class=\"read-more\" href=\"https:\/\/www.hoymercedes.com.ar\/principal\/2013\/04\/01\/accidente-en-47-y-26-no-logro-girar-correctamente\/\" aria-label=\"Leer m\u00e1s sobre Accidente en 47 y 26: no logr\u00f3 girar correctamente\">Leer m\u00e1s<\/a><\/p>\n","protected":false},"author":1,"featured_media":0,"comment_status":"open","ping_status":"open","sticky":false,"template":"","format":"standard","meta":{"_monsterinsights_skip_tracking":false,"_monsterinsights_sitenote_active":false,"_monsterinsights_sitenote_note":"","_monsterinsights_sitenote_category":0,"jetpack_post_was_ever_published":false,"_jetpack_newsletter_access":"","_jetpack_dont_email_post_to_subs":false,"_jetpack_newsletter_tier_id":0,"_jetpack_memberships_contains_paywalled_content":false,"_jetpack_memberships_contains_paid_content":false,"footnotes":"","jetpack_publicize_message":"","jetpack_publicize_feature_enabled":true,"jetpack_social_post_already_shared":false,"jetpack_social_options":{"image_generator_settings":{"template":"highway","default_image_id":0,"font":"","enabled":false},"version":2},"_wpas_customize_per_network":false},"categories":[8],"tags":[3340],"class_list":["post-21134","post","type-post","status-publish","format-standard","hentry","category-sociedad","tag-accidente-47-y-26","generate-columns","tablet-grid-50","mobile-grid-100","grid-parent","grid-50"],"jetpack_publicize_connections":[],"jetpack_featured_media_url":"","wps_subtitle":"","jetpack_sharing_enabled":true,"_links":{"self":[{"href":"https:\/\/www.hoymercedes.com.ar\/principal\/wp-json\/wp\/v2\/posts\/21134","targetHints":{"allow":["GET"]}}],"collection":[{"href":"https:\/\/www.hoymercedes.com.ar\/principal\/wp-json\/wp\/v2\/posts"}],"about":[{"href":"https:\/\/www.hoymercedes.com.ar\/principal\/wp-json\/wp\/v2\/types\/post"}],"author":[{"embeddable":true,"href":"https:\/\/www.hoymercedes.com.ar\/principal\/wp-json\/wp\/v2\/users\/1"}],"replies":[{"embeddable":true,"href":"https:\/\/www.hoymercedes.com.ar\/principal\/wp-json\/wp\/v2\/comments?post=21134"}],"version-history":[{"count":0,"href":"https:\/\/www.hoymercedes.com.ar\/principal\/wp-json\/wp\/v2\/posts\/21134\/revisions"}],"wp:attachment":[{"href":"https:\/\/www.hoymercedes.com.ar\/principal\/wp-json\/wp\/v2\/media?parent=21134"}],"wp:term":[{"taxonomy":"category","embeddable":true,"href":"https:\/\/www.hoymercedes.com.ar\/principal\/wp-json\/wp\/v2\/categories?post=21134"},{"taxonomy":"post_tag","embeddable":true,"href":"https:\/\/www.hoymercedes.com.ar\/principal\/wp-json\/wp\/v2\/tags?post=21134"}],"curies":[{"name":"wp","href":"https:\/\/api.w.org\/{rel}","templated":true}]}}