{"id":21142,"date":"2013-04-01T22:31:48","date_gmt":"2013-04-01T22:31:48","guid":{"rendered":"http:\/\/www.hoymercedes.com.ar\/principal\/?p=21142"},"modified":"2013-04-01T22:33:18","modified_gmt":"2013-04-01T22:33:18","slug":"22-anos-tenia-ortubia-joven-muerto-tras-discusion-con-su-ex-pareja","status":"publish","type":"post","link":"https:\/\/www.hoymercedes.com.ar\/principal\/2013\/04\/01\/22-anos-tenia-ortubia-joven-muerto-tras-discusion-con-su-ex-pareja\/","title":{"rendered":"22 a\u00f1os ten\u00eda Ortubia, joven muerto tras discusi\u00f3n con su ex pareja"},"content":{"rendered":"<p><em><strong>La justicia \u00a0investiga la muerte de Jonatham Ortubia de 22 a\u00f1os de edad sucedida la madrugada del pasado s\u00e1bado cuando apareci\u00f3 sin vida cerca de las 03.00am en calle 105 entre 22 y 24.<\/strong><\/em><\/p>\n<p>La muerte se produjo luego de recibir una herida con un elemento cortante. Seg\u00fan el relato de los vecinos se produjo tal desenlace luego de que Jonathan buscara y lograra ingresar por la fuerza en la vivienda de su ex pareja, Carla Ozcoide, de 20 a\u00f1os de edad. Los mismos vecinos est\u00e1n actuando de testigos en la investigaci\u00f3n.<\/p>\n<p>Las reiteradas denuncias que Ortubia pose\u00eda en su contra llevaron a que la justicia le dictaminara lo que se conoce como \u201cper\u00edmetro\u201d que es una orden de la justicia con riesgo de caer preso en caso de no cumplirla para no estar a determinados metros de otra persona, en este caso, su ex pareja, v\u00edctima de los tratos en cuesti\u00f3n que dieron lugar al per\u00edmetro.<\/p>\n<p>Jonathan Ortubia intent\u00f3 ingresar a la vivienda, rompiendo el per\u00edmetro, por lugares no habituales, como techos o violentando entradas e incluso tendr\u00eda alg\u00fan elemento contundente en su poder.<\/p>\n<p>Dentro de la vivienda donde logr\u00f3 ingresar se produjo la discusi\u00f3n que habr\u00eda provocado que la joven debiera actuar con elementos punzantes que le provocaron heridas que lo llevaron a retirarse, pero, la sangre perdida y el tipo de corte generaron que poco despu\u00e9s cayera sin vida.<\/p>\n<p>Carla Ozcoide se halla detenida. La causa est\u00e1 a cargo de la Fiscal\u00eda de Instrucci\u00f3n N\u00b02 a cargo de Leandro Marchiegui bajo car\u00e1tula de \u201chomicidio\u201d.<\/p>\n<p>&nbsp;<\/p>\n","protected":false},"excerpt":{"rendered":"<p>La justicia \u00a0investiga la muerte de Jonatham Ortubia de 22 a\u00f1os de edad sucedida la madrugada del pasado s\u00e1bado cuando &#8230; <a title=\"22 a\u00f1os ten\u00eda Ortubia, joven muerto tras discusi\u00f3n con su ex pareja\" class=\"read-more\" href=\"https:\/\/www.hoymercedes.com.ar\/principal\/2013\/04\/01\/22-anos-tenia-ortubia-joven-muerto-tras-discusion-con-su-ex-pareja\/\" aria-label=\"Leer m\u00e1s sobre 22 a\u00f1os ten\u00eda Ortubia, joven muerto tras discusi\u00f3n con su ex pareja\">Leer m\u00e1s<\/a><\/p>\n","protected":false},"author":1,"featured_media":0,"comment_status":"open","ping_status":"open","sticky":false,"template":"","format":"standard","meta":{"_monsterinsights_skip_tracking":false,"_monsterinsights_sitenote_active":false,"_monsterinsights_sitenote_note":"","_monsterinsights_sitenote_category":0,"jetpack_post_was_ever_published":false,"_jetpack_newsletter_access":"","_jetpack_dont_email_post_to_subs":false,"_jetpack_newsletter_tier_id":0,"_jetpack_memberships_contains_paywalled_content":false,"_jetpack_memberships_contains_paid_content":false,"footnotes":"","jetpack_publicize_message":"","jetpack_publicize_feature_enabled":true,"jetpack_social_post_already_shared":false,"jetpack_social_options":{"image_generator_settings":{"template":"highway","default_image_id":0,"font":"","enabled":false},"version":2},"_wpas_customize_per_network":false},"categories":[85],"tags":[3341,3342,1475],"class_list":["post-21142","post","type-post","status-publish","format-standard","hentry","category-policial","tag-ortubia","tag-ozcoide","tag-violencia-de-genero","generate-columns","tablet-grid-50","mobile-grid-100","grid-parent","grid-50"],"jetpack_publicize_connections":[],"jetpack_featured_media_url":"","wps_subtitle":"","jetpack_sharing_enabled":true,"_links":{"self":[{"href":"https:\/\/www.hoymercedes.com.ar\/principal\/wp-json\/wp\/v2\/posts\/21142","targetHints":{"allow":["GET"]}}],"collection":[{"href":"https:\/\/www.hoymercedes.com.ar\/principal\/wp-json\/wp\/v2\/posts"}],"about":[{"href":"https:\/\/www.hoymercedes.com.ar\/principal\/wp-json\/wp\/v2\/types\/post"}],"author":[{"embeddable":true,"href":"https:\/\/www.hoymercedes.com.ar\/principal\/wp-json\/wp\/v2\/users\/1"}],"replies":[{"embeddable":true,"href":"https:\/\/www.hoymercedes.com.ar\/principal\/wp-json\/wp\/v2\/comments?post=21142"}],"version-history":[{"count":0,"href":"https:\/\/www.hoymercedes.com.ar\/principal\/wp-json\/wp\/v2\/posts\/21142\/revisions"}],"wp:attachment":[{"href":"https:\/\/www.hoymercedes.com.ar\/principal\/wp-json\/wp\/v2\/media?parent=21142"}],"wp:term":[{"taxonomy":"category","embeddable":true,"href":"https:\/\/www.hoymercedes.com.ar\/principal\/wp-json\/wp\/v2\/categories?post=21142"},{"taxonomy":"post_tag","embeddable":true,"href":"https:\/\/www.hoymercedes.com.ar\/principal\/wp-json\/wp\/v2\/tags?post=21142"}],"curies":[{"name":"wp","href":"https:\/\/api.w.org\/{rel}","templated":true}]}}