{"id":2117,"date":"2011-02-10T15:50:10","date_gmt":"2011-02-10T15:50:10","guid":{"rendered":"http:\/\/www.hoymercedes.com.ar\/principal\/?p=2117"},"modified":"2011-02-10T15:50:10","modified_gmt":"2011-02-10T15:50:10","slug":"voraz-incendio-en-una-vivienda-y-un-menor-herido","status":"publish","type":"post","link":"https:\/\/www.hoymercedes.com.ar\/principal\/2011\/02\/10\/voraz-incendio-en-una-vivienda-y-un-menor-herido\/","title":{"rendered":"Voraz incendio en una vivienda y un menor herido"},"content":{"rendered":"<p style=\"text-align: justify;\">Transcurr\u00eda las primeras horas de este mi\u00e9rcoles cuando aproximadamente a las\u00a0 09,30 hs ingresa a la Central Emergencia 911un llamado telef\u00f3nico dando cuenta que se estaba incendiando una casa en calle 21 e\/ 44 y 46 .<\/p>\n<p style=\"text-align: justify;\">De inmediato y tras la llega de los bomberos que sofocan el incendio tambi\u00e9n se hizo presente una ambulancia del Hospital local y personal de la Estaci\u00f3n Comunal Mercedes de Polic\u00eda. Las primeras tareas se habr\u00edan cumplimentado tras sofocar el fuego y trasladar hasta el nosocomio a un menor de 3 a\u00f1os por presentar quemaduras en casi la totalidad de su cuerpo.<\/p>\n<p style=\"text-align: justify;\">De las averiguaciones practicadas se logra establecer que mientras sucedieron los hechos, el padre del menor\u00a0 se hallaba trabajando y la madre realizando compras, mientras que el menor se hallaba solo en su habitaci\u00f3n, al parecer habr\u00eda manipulado algunos\u00a0 f\u00f3sforos provocando incineraci\u00f3n total e inmediata del colch\u00f3n de la cama que ocupaba el menor y en un ambiente contiguo una hermana la que habr\u00eda alertado al 911 de lo ocurrido, la cual no presenta lesiones.<\/p>\n<p style=\"text-align: justify;\">Poco despu\u00e9s de examinado el menor un facultativo del hospital informar\u00eda que\u00a0 presenta el 90 % de quemaduras en su cuerpo, con alto riesgo ,lesiones consideradas de\u00a0 car\u00e1cter graves y como consecuencia de ello ser\u00eda\u00a0 trasladado en las pr\u00f3ximas horas a un Centro Asistencia de mayor complejidad.<\/p>\n<p style=\"text-align: justify;\">Interviene UFI 2 del Departamento Judicial de Mercedes en causa \u201cLesiones graves por incendia\u201d<\/p>\n<p style=\"text-align: justify;\"><span style=\"color: #888888;\"><span style=\"color: #888888;\">Info:\u00a0Polic\u00eda\u00a0Mercedes<\/span><\/span><\/p>\n","protected":false},"excerpt":{"rendered":"<p>Transcurr\u00eda las primeras horas de este mi\u00e9rcoles cuando aproximadamente a las\u00a0 09,30 hs ingresa a la Central Emergencia 911un llamado &#8230; <a title=\"Voraz incendio en una vivienda y un menor herido\" class=\"read-more\" href=\"https:\/\/www.hoymercedes.com.ar\/principal\/2011\/02\/10\/voraz-incendio-en-una-vivienda-y-un-menor-herido\/\" aria-label=\"Leer m\u00e1s sobre Voraz incendio en una vivienda y un menor herido\">Leer m\u00e1s<\/a><\/p>\n","protected":false},"author":1,"featured_media":0,"comment_status":"open","ping_status":"open","sticky":false,"template":"","format":"standard","meta":{"_monsterinsights_skip_tracking":false,"_monsterinsights_sitenote_active":false,"_monsterinsights_sitenote_note":"","_monsterinsights_sitenote_category":0,"jetpack_post_was_ever_published":false,"_jetpack_newsletter_access":"","_jetpack_dont_email_post_to_subs":false,"_jetpack_newsletter_tier_id":0,"_jetpack_memberships_contains_paywalled_content":false,"_jetpack_memberships_contains_paid_content":false,"footnotes":"","jetpack_publicize_message":"","jetpack_publicize_feature_enabled":true,"jetpack_social_post_already_shared":false,"jetpack_social_options":{"image_generator_settings":{"template":"highway","default_image_id":0,"font":"","enabled":false},"version":2},"_wpas_customize_per_network":false},"categories":[8],"tags":[286],"class_list":["post-2117","post","type-post","status-publish","format-standard","hentry","category-sociedad","tag-incendio","generate-columns","tablet-grid-50","mobile-grid-100","grid-parent","grid-50"],"jetpack_publicize_connections":[],"jetpack_featured_media_url":"","wps_subtitle":"","jetpack_sharing_enabled":true,"_links":{"self":[{"href":"https:\/\/www.hoymercedes.com.ar\/principal\/wp-json\/wp\/v2\/posts\/2117","targetHints":{"allow":["GET"]}}],"collection":[{"href":"https:\/\/www.hoymercedes.com.ar\/principal\/wp-json\/wp\/v2\/posts"}],"about":[{"href":"https:\/\/www.hoymercedes.com.ar\/principal\/wp-json\/wp\/v2\/types\/post"}],"author":[{"embeddable":true,"href":"https:\/\/www.hoymercedes.com.ar\/principal\/wp-json\/wp\/v2\/users\/1"}],"replies":[{"embeddable":true,"href":"https:\/\/www.hoymercedes.com.ar\/principal\/wp-json\/wp\/v2\/comments?post=2117"}],"version-history":[{"count":0,"href":"https:\/\/www.hoymercedes.com.ar\/principal\/wp-json\/wp\/v2\/posts\/2117\/revisions"}],"wp:attachment":[{"href":"https:\/\/www.hoymercedes.com.ar\/principal\/wp-json\/wp\/v2\/media?parent=2117"}],"wp:term":[{"taxonomy":"category","embeddable":true,"href":"https:\/\/www.hoymercedes.com.ar\/principal\/wp-json\/wp\/v2\/categories?post=2117"},{"taxonomy":"post_tag","embeddable":true,"href":"https:\/\/www.hoymercedes.com.ar\/principal\/wp-json\/wp\/v2\/tags?post=2117"}],"curies":[{"name":"wp","href":"https:\/\/api.w.org\/{rel}","templated":true}]}}