{"id":21239,"date":"2013-04-05T02:13:06","date_gmt":"2013-04-05T02:13:06","guid":{"rendered":"http:\/\/www.hoymercedes.com.ar\/principal\/?p=21239"},"modified":"2013-04-05T02:19:23","modified_gmt":"2013-04-05T02:19:23","slug":"en-el-fmpv-reciben-donaciones-para-victimas-de-la-plata","status":"publish","type":"post","link":"https:\/\/www.hoymercedes.com.ar\/principal\/2013\/04\/05\/en-el-fmpv-reciben-donaciones-para-victimas-de-la-plata\/","title":{"rendered":"En el FMPV reciben donaciones para victimas de La Plata"},"content":{"rendered":"<p><em><strong>El Frente Mercedino para la Victoria se suma a las\u00a0instituciones\u00a0y entes oficiales que recolectan diversos elementos para ser acercados a la zona cr\u00edtica en la ciudad de La Plata donde ya contamos medio centenar de muertos.<\/strong><\/em><\/p>\n<p>Desde el espacio pol\u00edtico sostienen:<em> \u00abEl Frente Mercedino para la Victoria recibe en su local de la calle 25 (entre 14 y 16) distintas donaciones para las v\u00edctimas de las tr\u00e1gicas inundaciones ocurridas en La Plata y la Ciudad Aut\u00f3noma de Buenos Aires (CABA).\u00bb<\/em><\/p>\n<p>La agrupaci\u00f3n que conduce Juan Ignacio Ustarroz reunir\u00e1 las donaciones juves, vi\u00e9rnes y s\u00e1bado entre las 9 y las 19 y el domingo a partir de las 14 para luego trasladarlas a los distintos centros de evacuados. Tambi\u00e9n lo hace en el local de Casa Joven, 33 y 14.<\/p>\n<p>Entre los productos prioritarios, el FMPV enumer\u00f3 pa\u00f1ales, agua mineral, velas, botas de goma, colchones, frazadas, alcohol en gel, ropa, lavandina, secadores de piso, trapos de piso, guantes, bolsas de consorcio y baldes. Tambi\u00e9n alimentos no perecederos, leche en polvo, az\u00facar, chocolate en polvo y galletitas.<\/p>\n","protected":false},"excerpt":{"rendered":"<p>El Frente Mercedino para la Victoria se suma a las\u00a0instituciones\u00a0y entes oficiales que recolectan diversos elementos para ser acercados a &#8230; <a title=\"En el FMPV reciben donaciones para victimas de La Plata\" class=\"read-more\" href=\"https:\/\/www.hoymercedes.com.ar\/principal\/2013\/04\/05\/en-el-fmpv-reciben-donaciones-para-victimas-de-la-plata\/\" aria-label=\"Leer m\u00e1s sobre En el FMPV reciben donaciones para victimas de La Plata\">Leer m\u00e1s<\/a><\/p>\n","protected":false},"author":1,"featured_media":0,"comment_status":"open","ping_status":"open","sticky":false,"template":"","format":"standard","meta":{"_monsterinsights_skip_tracking":false,"_monsterinsights_sitenote_active":false,"_monsterinsights_sitenote_note":"","_monsterinsights_sitenote_category":0,"jetpack_post_was_ever_published":false,"_jetpack_newsletter_access":"","_jetpack_dont_email_post_to_subs":false,"_jetpack_newsletter_tier_id":0,"_jetpack_memberships_contains_paywalled_content":false,"_jetpack_memberships_contains_paid_content":false,"footnotes":"","jetpack_publicize_message":"","jetpack_publicize_feature_enabled":true,"jetpack_social_post_already_shared":false,"jetpack_social_options":{"image_generator_settings":{"template":"highway","default_image_id":0,"font":"","enabled":false},"version":2},"_wpas_customize_per_network":false},"categories":[5],"tags":[3,1007],"class_list":["post-21239","post","type-post","status-publish","format-standard","hentry","category-politica","tag-casa-joven","tag-frente-mercedino","generate-columns","tablet-grid-50","mobile-grid-100","grid-parent","grid-50"],"jetpack_publicize_connections":[],"jetpack_featured_media_url":"","wps_subtitle":"","jetpack_sharing_enabled":true,"_links":{"self":[{"href":"https:\/\/www.hoymercedes.com.ar\/principal\/wp-json\/wp\/v2\/posts\/21239","targetHints":{"allow":["GET"]}}],"collection":[{"href":"https:\/\/www.hoymercedes.com.ar\/principal\/wp-json\/wp\/v2\/posts"}],"about":[{"href":"https:\/\/www.hoymercedes.com.ar\/principal\/wp-json\/wp\/v2\/types\/post"}],"author":[{"embeddable":true,"href":"https:\/\/www.hoymercedes.com.ar\/principal\/wp-json\/wp\/v2\/users\/1"}],"replies":[{"embeddable":true,"href":"https:\/\/www.hoymercedes.com.ar\/principal\/wp-json\/wp\/v2\/comments?post=21239"}],"version-history":[{"count":0,"href":"https:\/\/www.hoymercedes.com.ar\/principal\/wp-json\/wp\/v2\/posts\/21239\/revisions"}],"wp:attachment":[{"href":"https:\/\/www.hoymercedes.com.ar\/principal\/wp-json\/wp\/v2\/media?parent=21239"}],"wp:term":[{"taxonomy":"category","embeddable":true,"href":"https:\/\/www.hoymercedes.com.ar\/principal\/wp-json\/wp\/v2\/categories?post=21239"},{"taxonomy":"post_tag","embeddable":true,"href":"https:\/\/www.hoymercedes.com.ar\/principal\/wp-json\/wp\/v2\/tags?post=21239"}],"curies":[{"name":"wp","href":"https:\/\/api.w.org\/{rel}","templated":true}]}}