{"id":21244,"date":"2013-04-05T02:38:33","date_gmt":"2013-04-05T02:38:33","guid":{"rendered":"http:\/\/www.hoymercedes.com.ar\/principal\/?p=21244"},"modified":"2013-04-05T02:38:49","modified_gmt":"2013-04-05T02:38:49","slug":"avanzan-las-obras-en-el-parque-industrial","status":"publish","type":"post","link":"https:\/\/www.hoymercedes.com.ar\/principal\/2013\/04\/05\/avanzan-las-obras-en-el-parque-industrial\/","title":{"rendered":"Avanzan las obras en el Parque Industrial"},"content":{"rendered":"<figure id=\"attachment_21246\" aria-describedby=\"caption-attachment-21246\" style=\"width: 608px\" class=\"wp-caption aligncenter\"><a href=\"https:\/\/www.hoymercedes.com.ar\/principal\/wp-content\/uploads\/2013\/04\/GasParqueIndustriall.jpg\"><img loading=\"lazy\" decoding=\"async\" data-attachment-id=\"21246\" data-permalink=\"https:\/\/www.hoymercedes.com.ar\/principal\/2013\/04\/05\/avanzan-las-obras-en-el-parque-industrial\/gasparqueindustriall\/#main\" data-orig-file=\"https:\/\/www.hoymercedes.com.ar\/principal\/wp-content\/uploads\/2013\/04\/GasParqueIndustriall.jpg\" data-orig-size=\"618,348\" data-comments-opened=\"1\" data-image-meta=\"{&quot;aperture&quot;:&quot;1.8&quot;,&quot;credit&quot;:&quot;&quot;,&quot;camera&quot;:&quot;GZ-E220&quot;,&quot;caption&quot;:&quot;&quot;,&quot;created_timestamp&quot;:&quot;1365081363&quot;,&quot;copyright&quot;:&quot;&quot;,&quot;focal_length&quot;:&quot;4.2&quot;,&quot;iso&quot;:&quot;0&quot;,&quot;shutter_speed&quot;:&quot;0.0002&quot;,&quot;title&quot;:&quot;&quot;}\" data-image-title=\"GasParqueIndustriall\" data-image-description=\"\" data-image-caption=\"\" data-large-file=\"https:\/\/www.hoymercedes.com.ar\/principal\/wp-content\/uploads\/2013\/04\/GasParqueIndustriall.jpg\" class=\"size-full wp-image-21246\" alt=\"GasParqueIndustriall\" src=\"https:\/\/www.hoymercedes.com.ar\/principal\/wp-content\/uploads\/2013\/04\/GasParqueIndustriall.jpg\" width=\"618\" height=\"348\" \/><\/a><figcaption id=\"caption-attachment-21246\" class=\"wp-caption-text\">Obras en Parque Industrial<\/figcaption><\/figure>\n<p><em><strong>Tras las gestiones de la Municipalidad de Mercedes, qui\u00e9n est\u00e1 haciendo y dando un fuerte impulso desde el sector p\u00fablico al sector privado se contin\u00faan realizando las obras para la colocaci\u00f3n del gas natural en el Parque Industrial.<\/strong><\/em><\/p>\n<p>Desde el \u00a0municipio informan desde las afirmaciones de Fernando Zapate: <em>\u00abEl gas natural ya es una realidad en el Sector Industrial Planificado. Luego de que la obra se llevara adelante en el transcurso del 2012, s\u00f3lo faltaban aprobaciones por parte de Vialidad Provincial para poder habilitar el ingreso de este vital fluido en la red del SIP. \u201cEl intendente Selva gestion\u00f3 personalmente con la gente de Vialidad Provincial para que se destrabe el tr\u00e1mite administrativo. Se necesitaba la autorizaci\u00f3n final de este organismo para poder dar el servicio y aprovechamos la \u00faltima llegada a la ciudad de Ricardo Curetti para pedir por la aceleraci\u00f3n de la parte final del tr\u00e1mite\u201d<\/em><\/p>\n<p>Recorrieron las obras Zapata y Salomone quienes verificaban que est\u00e1 todo listo para que se haga la conexi\u00f3n final por parte de la empresa y el gas empiece a utilizarse.<\/p>\n<p>Un hecho por dem\u00e1s de destacado en este Sector Industrial Planificado de Mercedes es que es el \u00fanico de la zona que posee gas natural, algo que lo hace por dem\u00e1s de atractivo para las empresas que buscan donde afincarse. <em>\u201cNosotros trabajamos siempre por darle m\u00e1s servicios a este SIP y lo seguiremos haciendo. En breve tiempo vamos a llegar a buen puerto tambi\u00e9n con las gestiones realizadas con la fibra \u00f3ptica, otro elemento muy requerido por las empresas del lugar\u201d<\/em>, anticip\u00f3 el director de Producci\u00f3n.<\/p>\n<p>&nbsp;<\/p>\n","protected":false},"excerpt":{"rendered":"<p>Tras las gestiones de la Municipalidad de Mercedes, qui\u00e9n est\u00e1 haciendo y dando un fuerte impulso desde el sector p\u00fablico &#8230; <a title=\"Avanzan las obras en el Parque Industrial\" class=\"read-more\" href=\"https:\/\/www.hoymercedes.com.ar\/principal\/2013\/04\/05\/avanzan-las-obras-en-el-parque-industrial\/\" aria-label=\"Leer m\u00e1s sobre Avanzan las obras en el Parque Industrial\">Leer m\u00e1s<\/a><\/p>\n","protected":false},"author":1,"featured_media":0,"comment_status":"open","ping_status":"open","sticky":false,"template":"","format":"standard","meta":{"_monsterinsights_skip_tracking":false,"_monsterinsights_sitenote_active":false,"_monsterinsights_sitenote_note":"","_monsterinsights_sitenote_category":0,"jetpack_post_was_ever_published":false,"_jetpack_newsletter_access":"","_jetpack_dont_email_post_to_subs":false,"_jetpack_newsletter_tier_id":0,"_jetpack_memberships_contains_paywalled_content":false,"_jetpack_memberships_contains_paid_content":false,"footnotes":"","jetpack_publicize_message":"","jetpack_publicize_feature_enabled":true,"jetpack_social_post_already_shared":false,"jetpack_social_options":{"image_generator_settings":{"template":"highway","default_image_id":0,"font":"","enabled":false},"version":2},"_wpas_customize_per_network":false},"categories":[30],"tags":[2873,229,1231],"class_list":["post-21244","post","type-post","status-publish","format-standard","hentry","category-municipio","tag-fernando-zapata","tag-gustavo-salomone","tag-parque-industrial","generate-columns","tablet-grid-50","mobile-grid-100","grid-parent","grid-50"],"jetpack_publicize_connections":[],"jetpack_featured_media_url":"","wps_subtitle":"","jetpack_sharing_enabled":true,"_links":{"self":[{"href":"https:\/\/www.hoymercedes.com.ar\/principal\/wp-json\/wp\/v2\/posts\/21244","targetHints":{"allow":["GET"]}}],"collection":[{"href":"https:\/\/www.hoymercedes.com.ar\/principal\/wp-json\/wp\/v2\/posts"}],"about":[{"href":"https:\/\/www.hoymercedes.com.ar\/principal\/wp-json\/wp\/v2\/types\/post"}],"author":[{"embeddable":true,"href":"https:\/\/www.hoymercedes.com.ar\/principal\/wp-json\/wp\/v2\/users\/1"}],"replies":[{"embeddable":true,"href":"https:\/\/www.hoymercedes.com.ar\/principal\/wp-json\/wp\/v2\/comments?post=21244"}],"version-history":[{"count":0,"href":"https:\/\/www.hoymercedes.com.ar\/principal\/wp-json\/wp\/v2\/posts\/21244\/revisions"}],"wp:attachment":[{"href":"https:\/\/www.hoymercedes.com.ar\/principal\/wp-json\/wp\/v2\/media?parent=21244"}],"wp:term":[{"taxonomy":"category","embeddable":true,"href":"https:\/\/www.hoymercedes.com.ar\/principal\/wp-json\/wp\/v2\/categories?post=21244"},{"taxonomy":"post_tag","embeddable":true,"href":"https:\/\/www.hoymercedes.com.ar\/principal\/wp-json\/wp\/v2\/tags?post=21244"}],"curies":[{"name":"wp","href":"https:\/\/api.w.org\/{rel}","templated":true}]}}