{"id":21276,"date":"2013-04-06T03:52:35","date_gmt":"2013-04-06T03:52:35","guid":{"rendered":"http:\/\/www.hoymercedes.com.ar\/principal\/?p=21276"},"modified":"2013-04-06T03:53:09","modified_gmt":"2013-04-06T03:53:09","slug":"pro-cre-ar-gran-interes-en-charla-en-mercedes","status":"publish","type":"post","link":"https:\/\/www.hoymercedes.com.ar\/principal\/2013\/04\/06\/pro-cre-ar-gran-interes-en-charla-en-mercedes\/","title":{"rendered":"Pro.Cre.Ar: gran inter\u00e9s en charla en Mercedes"},"content":{"rendered":"<p><em><strong>Organizada por el Frente Mercedino se llev\u00f3 a cabo en nuestra ciudad un encuentro para explicar a los interesados los alcances del Programa Pro.Cre.Ar lanzado por el Gobierno Nacional. El encuentro se desarroll\u00f3 en el sal\u00f3 de la Sociedad Espa\u00f1ola.<\/strong><\/em><\/p>\n<p>Se trat\u00f3 de un encuentro con la participaci\u00f3n del Gerente de la sucursal Luj\u00e1n del Banco Hipotecario, Pablo Soro, y el ex candidato a intendente y representante del Frente Mercedino Juan Ustarroz.<\/p>\n<p>De la reuni\u00f3n participaron m\u00e1s de cien mercedinos. Se inform\u00f3 a los vecinos de todos los detalles y aspectos para ser parte de la medida denominada:\u00a0Programa de Cr\u00e9dito Argentino Bicentenario (Procrear) para la construcci\u00f3n de viviendas: con terreno propio, sin terreno propio, ampliaci\u00f3n o refacci\u00f3n de la casa y pr\u00e9stamos para la finalizaci\u00f3n de la obra.<\/p>\n<p>El encuentro fue en la Sociedad Espa\u00f1ola. Cont\u00f3 tambi\u00e9n con la participaci\u00f3n del director de la UDAI Mercedes, Fernando San Padro; \u00a0Juan Ustarroz y Soro.<\/p>\n<p>Al respecto, Ustarroz sostuvo:\u00a0<em>\u201cPara nosotros es muy importante difundir este programa \u00a0por dos motivos centrales: la posibilidad de que la gente cumpla el sue\u00f1o del techo propio, y la motorizaci\u00f3n que representa para la econom\u00eda de nuestra ciudad. Ocurre aqu\u00ed y en todos los rincones de la Argentina. La industria de la construcci\u00f3n dinamiza como pocas todo lo que tiene que ver con generaci\u00f3n de empleo y consumo. (&#8230;)\u00a0Afortunadamente el plan viene creciendo en todo el pa\u00eds y en Mercedes tambi\u00e9n. Por ah\u00ed a veces la gente tiene algunas dudas respecto de las l\u00edneas de cr\u00e9dito, o de los requisitos para acceder, y esta reuni\u00f3n est\u00e1 pensada justamente para eso: responder preguntas, evitarles a los vecinos de la ciudad la obligaci\u00f3n de viajar hasta Luj\u00e1n (la sucursal m\u00e1s cercana del Hipotecario) y descentralizar todo lo que es informaci\u00f3n. Llevarle la ANSES a la gente y que no sea al rev\u00e9s\u201d, cont\u00f3 el referente del Frente Mercedino para la Victoria.<\/em><\/p>\n<p>Soro, representante del Banco Hipotecario,\u00a0explic\u00f3\u00a0cuestiones t\u00e9cnicas y requisitos para ser adjudicatario.\u00a0Entre las cuestiones t\u00e9cnicas, record\u00f3 que para pedir el cr\u00e9dito para vecinos con terreno el grupo familiar no puede superar los 20 mil pesos de ingresos (\u201cde ah\u00ed para abajo, todos califican\u201d, especific\u00f3); disip\u00f3 dudas sobre escrituraci\u00f3n y subdivisi\u00f3n de tierras; detall\u00f3 los beneficios financieros de los pr\u00e9stamos (que otorga el Banco y gestiona la ANSES); y alert\u00f3 la necesidad de poder comprobar un a\u00f1o de estabilidad laboral.<\/p>\n<p>\u201cNo importa que hayan cambiado de trabajo hace seis meses, lo que importa es que puedan mostrar ingresos en los \u00faltimos 12 meses, aunque hay flexibilidad si en el cambio de un trabajo a otro hubo hasta 60 d\u00edas sin ingresos . Y no importa la condici\u00f3n laboral: puede ser planta permanente, contratado, pasante, lo que fuere. El cr\u00e9dito est\u00e1 contemplado hasta para el monotributo social, porque es un plan inclusivo\u201d.<\/p>\n<p>Ustarroz invit\u00f3 especialmente a la reuni\u00f3n de este viernes a due\u00f1os de corralones, martilleros p\u00fablicos y distintos empresarios locales. <em>\u201cTenemos que trabajar en conjunto para llegar a los objetivos que nos planteamos. En Mercedes existe un d\u00e9ficil habitacional muy alto y con este tipo de proyectos podemos empezar a resolverlo\u201d<\/em>, dijo.<\/p>\n<p>&nbsp;<\/p>\n","protected":false},"excerpt":{"rendered":"<p>Organizada por el Frente Mercedino se llev\u00f3 a cabo en nuestra ciudad un encuentro para explicar a los interesados los &#8230; <a title=\"Pro.Cre.Ar: gran inter\u00e9s en charla en Mercedes\" class=\"read-more\" href=\"https:\/\/www.hoymercedes.com.ar\/principal\/2013\/04\/06\/pro-cre-ar-gran-interes-en-charla-en-mercedes\/\" aria-label=\"Leer m\u00e1s sobre Pro.Cre.Ar: gran inter\u00e9s en charla en Mercedes\">Leer m\u00e1s<\/a><\/p>\n","protected":false},"author":1,"featured_media":0,"comment_status":"open","ping_status":"open","sticky":false,"template":"","format":"standard","meta":{"_monsterinsights_skip_tracking":false,"_monsterinsights_sitenote_active":false,"_monsterinsights_sitenote_note":"","_monsterinsights_sitenote_category":0,"jetpack_post_was_ever_published":false,"_jetpack_newsletter_access":"","_jetpack_dont_email_post_to_subs":false,"_jetpack_newsletter_tier_id":0,"_jetpack_memberships_contains_paywalled_content":false,"_jetpack_memberships_contains_paid_content":false,"footnotes":"","jetpack_publicize_message":"","jetpack_publicize_feature_enabled":true,"jetpack_social_post_already_shared":false,"jetpack_social_options":{"image_generator_settings":{"template":"highway","default_image_id":0,"font":"","enabled":false},"version":2},"_wpas_customize_per_network":false},"categories":[5],"tags":[1007],"class_list":["post-21276","post","type-post","status-publish","format-standard","hentry","category-politica","tag-frente-mercedino","generate-columns","tablet-grid-50","mobile-grid-100","grid-parent","grid-50"],"jetpack_publicize_connections":[],"jetpack_featured_media_url":"","wps_subtitle":"","jetpack_sharing_enabled":true,"_links":{"self":[{"href":"https:\/\/www.hoymercedes.com.ar\/principal\/wp-json\/wp\/v2\/posts\/21276","targetHints":{"allow":["GET"]}}],"collection":[{"href":"https:\/\/www.hoymercedes.com.ar\/principal\/wp-json\/wp\/v2\/posts"}],"about":[{"href":"https:\/\/www.hoymercedes.com.ar\/principal\/wp-json\/wp\/v2\/types\/post"}],"author":[{"embeddable":true,"href":"https:\/\/www.hoymercedes.com.ar\/principal\/wp-json\/wp\/v2\/users\/1"}],"replies":[{"embeddable":true,"href":"https:\/\/www.hoymercedes.com.ar\/principal\/wp-json\/wp\/v2\/comments?post=21276"}],"version-history":[{"count":0,"href":"https:\/\/www.hoymercedes.com.ar\/principal\/wp-json\/wp\/v2\/posts\/21276\/revisions"}],"wp:attachment":[{"href":"https:\/\/www.hoymercedes.com.ar\/principal\/wp-json\/wp\/v2\/media?parent=21276"}],"wp:term":[{"taxonomy":"category","embeddable":true,"href":"https:\/\/www.hoymercedes.com.ar\/principal\/wp-json\/wp\/v2\/categories?post=21276"},{"taxonomy":"post_tag","embeddable":true,"href":"https:\/\/www.hoymercedes.com.ar\/principal\/wp-json\/wp\/v2\/tags?post=21276"}],"curies":[{"name":"wp","href":"https:\/\/api.w.org\/{rel}","templated":true}]}}