{"id":2132,"date":"2011-02-11T20:03:04","date_gmt":"2011-02-11T20:03:04","guid":{"rendered":"http:\/\/www.hoymercedes.com.ar\/principal\/?p=2132"},"modified":"2011-02-11T20:03:04","modified_gmt":"2011-02-11T20:03:04","slug":"congoja-y-dolor-por-la-muerte-de-un-nene-de-tan-solo-tres-anos","status":"publish","type":"post","link":"https:\/\/www.hoymercedes.com.ar\/principal\/2011\/02\/11\/congoja-y-dolor-por-la-muerte-de-un-nene-de-tan-solo-tres-anos\/","title":{"rendered":"Congoja y dolor por la muerte de un nene de tan s\u00f3lo tres a\u00f1os"},"content":{"rendered":"<p style=\"text-align: justify;\">Mientras\u00a0 jugaba solo en una habitaci\u00f3n de la vivienda en la que viv\u00eda en principio con f\u00f3sforos se produjo la combusti\u00f3n del un colch\u00f3n y un incendio generalizado en el interior de la habitaci\u00f3n recibiendo quemaduras en el 95 por ciento de su peque\u00f1o cuerpo lo cual le provoc\u00f3 la muerte<\/p>\n<p style=\"text-align: justify;\">El Director de Seguridad de la comuna, Esteban Rossi\u00a0 dio detalles del lamentable hecho que se produjo en el interior de una vivienda ubicada en pleno barrio Trocha de nuestra ciudad, calle 21 entre 44 y 46 en la que accidentalmente tomo fuego un colch\u00f3n lo que produjo el incendio generalizado en el interior de una peque\u00f1a habitaci\u00f3n en la que se encontraba jugando un ni\u00f1o de tan solo tres a\u00f1os.<\/p>\n<p style=\"text-align: justify;\">\n<p style=\"text-align: justify;\">Las atenciones m\u00e9dicas se le brindaron en el hospital Dubarry, pero la situaci\u00f3n se torn\u00f3 irreversible.<\/p>\n<p style=\"text-align: justify;\">\n<p style=\"text-align: justify;\">Rossi sostuvo \u201ccuando telef\u00f3nicamente tome conocimiento del hecho inmediatamente me traslade hasta la vivienda pero ya hab\u00edan trasladado al chiquito al Hospital con quemaduras en m\u00e1s del noventa por ciento de su cuerpo lo cual hasta para una persona grande es un porcentaje fatal.<\/p>\n<p style=\"text-align: justify;\">Desde la vivienda convoque al servicio local concurriendo en forma inmediata la Directora de Minoridad Evangelina Deluca con un equipo de trabajo para ver en que se\u00a0 pod\u00eda ayudar y m\u00e1s tarde el Secretario de Desarrollo Hugo Zunini tambi\u00e9n hizo lo propio.<\/p>\n<p style=\"text-align: justify;\">La mam\u00e1 hab\u00eda salido a efectuar una compra a dos cuadras de la casa y hab\u00eda otra se\u00f1ora en el interior de la misma porque en principio all\u00ed viven dos familias con siete chicos y cuando se dieron cuenta de lo que estaba ocurriendo el ni\u00f1o fue sacado por un hermano de 13 a\u00f1os.<\/p>\n<p style=\"text-align: justify;\">Desde el municipio se le ha dado toda la ayuda necesaria posible, incluso se ofreci\u00f3 a trav\u00e9s de la Directora Deluca la posibilidad de trasladar a los ni\u00f1os hasta el hogar que se encuentra en el ex Instituto Unzue hasta tanto se pueda normalizar la situaci\u00f3n de la vivienda que si bien el fuego solo afect\u00f3 una sola habitaci\u00f3n, por precauci\u00f3n bomberos procedi\u00f3 a cortar la energ\u00eda el\u00e9ctrica hasta concluir con su trabajo.<\/p>\n<p style=\"text-align: justify;\">Realmente es lamentable el hecho para cualquier edad pero sobre todo para un chiquito que todav\u00eda no tiene demasiada conciencia de lo que son las cosas\u201d<\/p>\n","protected":false},"excerpt":{"rendered":"<p>Mientras\u00a0 jugaba solo en una habitaci\u00f3n de la vivienda en la que viv\u00eda en principio con f\u00f3sforos se produjo la &#8230; <a title=\"Congoja y dolor por la muerte de un nene de tan s\u00f3lo tres a\u00f1os\" class=\"read-more\" href=\"https:\/\/www.hoymercedes.com.ar\/principal\/2011\/02\/11\/congoja-y-dolor-por-la-muerte-de-un-nene-de-tan-solo-tres-anos\/\" aria-label=\"Leer m\u00e1s sobre Congoja y dolor por la muerte de un nene de tan s\u00f3lo tres a\u00f1os\">Leer m\u00e1s<\/a><\/p>\n","protected":false},"author":1,"featured_media":0,"comment_status":"open","ping_status":"open","sticky":false,"template":"","format":"standard","meta":{"_monsterinsights_skip_tracking":false,"_monsterinsights_sitenote_active":false,"_monsterinsights_sitenote_note":"","_monsterinsights_sitenote_category":0,"jetpack_post_was_ever_published":false,"_jetpack_newsletter_access":"","_jetpack_dont_email_post_to_subs":false,"_jetpack_newsletter_tier_id":0,"_jetpack_memberships_contains_paywalled_content":false,"_jetpack_memberships_contains_paid_content":false,"footnotes":"","jetpack_publicize_message":"","jetpack_publicize_feature_enabled":true,"jetpack_social_post_already_shared":false,"jetpack_social_options":{"image_generator_settings":{"template":"highway","default_image_id":0,"font":"","enabled":false},"version":2},"_wpas_customize_per_network":false},"categories":[8],"tags":[466],"class_list":["post-2132","post","type-post","status-publish","format-standard","hentry","category-sociedad","tag-fatal-incendio","generate-columns","tablet-grid-50","mobile-grid-100","grid-parent","grid-50"],"jetpack_publicize_connections":[],"jetpack_featured_media_url":"","wps_subtitle":"","jetpack_sharing_enabled":true,"_links":{"self":[{"href":"https:\/\/www.hoymercedes.com.ar\/principal\/wp-json\/wp\/v2\/posts\/2132","targetHints":{"allow":["GET"]}}],"collection":[{"href":"https:\/\/www.hoymercedes.com.ar\/principal\/wp-json\/wp\/v2\/posts"}],"about":[{"href":"https:\/\/www.hoymercedes.com.ar\/principal\/wp-json\/wp\/v2\/types\/post"}],"author":[{"embeddable":true,"href":"https:\/\/www.hoymercedes.com.ar\/principal\/wp-json\/wp\/v2\/users\/1"}],"replies":[{"embeddable":true,"href":"https:\/\/www.hoymercedes.com.ar\/principal\/wp-json\/wp\/v2\/comments?post=2132"}],"version-history":[{"count":0,"href":"https:\/\/www.hoymercedes.com.ar\/principal\/wp-json\/wp\/v2\/posts\/2132\/revisions"}],"wp:attachment":[{"href":"https:\/\/www.hoymercedes.com.ar\/principal\/wp-json\/wp\/v2\/media?parent=2132"}],"wp:term":[{"taxonomy":"category","embeddable":true,"href":"https:\/\/www.hoymercedes.com.ar\/principal\/wp-json\/wp\/v2\/categories?post=2132"},{"taxonomy":"post_tag","embeddable":true,"href":"https:\/\/www.hoymercedes.com.ar\/principal\/wp-json\/wp\/v2\/tags?post=2132"}],"curies":[{"name":"wp","href":"https:\/\/api.w.org\/{rel}","templated":true}]}}