{"id":21323,"date":"2013-04-08T19:48:04","date_gmt":"2013-04-08T19:48:04","guid":{"rendered":"http:\/\/www.hoymercedes.com.ar\/principal\/?p=21323"},"modified":"2013-04-08T19:50:41","modified_gmt":"2013-04-08T19:50:41","slug":"h-c-d-esta-noche-pedira-oposicion-remocion-de-autoridades","status":"publish","type":"post","link":"https:\/\/www.hoymercedes.com.ar\/principal\/2013\/04\/08\/h-c-d-esta-noche-pedira-oposicion-remocion-de-autoridades\/","title":{"rendered":"FMPV, el PRO, el MIC, el FAP y la UCR esta noche pedir\u00e1n remoci\u00f3n de autoridades del Concejo Deliberante"},"content":{"rendered":"<p>Los ediles opositores a la gesti\u00f3n del intendente Carlos Selva pedir\u00e1n esta noche, en el desarrollo de la primera sesi\u00f3n ordinaria de 2013, el cambio de autoridades del Honorable Concejo Deliberante de la ciudad: \u201cSe lleg\u00f3 a un acuerdo entre todos los ediles para elevar esta solicitud\u201d, anunci\u00f3 el secretario de bloque del Frente Mercedino para la Victoria (FMPV), Oscar \u2018Vasco\u2019 Apeztegu\u00eda.<\/p>\n<p>Los cargos puntuales que los opositores buscan remover son los del presidente del HCD de Mercedes, Marcelo Den\u00e1pole; y la secretaria, Yolanda Gorosito.<\/p>\n<p>Seg\u00fan explic\u00f3 Apeztegu\u00eda, la solicitud est\u00e1 consensuada por los concejales del FMPV, el PRO, el MIC, el FAP y la UCR.<\/p>\n<p>Para tratar el cambio de autoridades, los concejales deben antes aprobar primero el desarrollo de una sesi\u00f3n especial, objetivo que esperan cumplir esta misma noche.<\/p>\n<p>El temario del dia:<\/p>\n<p>&nbsp;<\/p>\n<p>&nbsp;<\/p>\n","protected":false},"excerpt":{"rendered":"<p>Los ediles opositores a la gesti\u00f3n del intendente Carlos Selva pedir\u00e1n esta noche, en el desarrollo de la primera sesi\u00f3n &#8230; <a title=\"FMPV, el PRO, el MIC, el FAP y la UCR esta noche pedir\u00e1n remoci\u00f3n de autoridades del Concejo Deliberante\" class=\"read-more\" href=\"https:\/\/www.hoymercedes.com.ar\/principal\/2013\/04\/08\/h-c-d-esta-noche-pedira-oposicion-remocion-de-autoridades\/\" aria-label=\"Leer m\u00e1s sobre FMPV, el PRO, el MIC, el FAP y la UCR esta noche pedir\u00e1n remoci\u00f3n de autoridades del Concejo Deliberante\">Leer m\u00e1s<\/a><\/p>\n","protected":false},"author":1,"featured_media":0,"comment_status":"open","ping_status":"open","sticky":false,"template":"","format":"standard","meta":{"_monsterinsights_skip_tracking":false,"_monsterinsights_sitenote_active":false,"_monsterinsights_sitenote_note":"","_monsterinsights_sitenote_category":0,"jetpack_post_was_ever_published":false,"_jetpack_newsletter_access":"","_jetpack_dont_email_post_to_subs":false,"_jetpack_newsletter_tier_id":0,"_jetpack_memberships_contains_paywalled_content":false,"_jetpack_memberships_contains_paid_content":false,"footnotes":"","jetpack_publicize_message":"","jetpack_publicize_feature_enabled":true,"jetpack_social_post_already_shared":false,"jetpack_social_options":{"image_generator_settings":{"template":"highway","default_image_id":0,"font":"","enabled":false},"version":2},"_wpas_customize_per_network":false},"categories":[5],"tags":[236],"class_list":["post-21323","post","type-post","status-publish","format-standard","hentry","category-politica","tag-concejo-deliberante","generate-columns","tablet-grid-50","mobile-grid-100","grid-parent","grid-50"],"jetpack_publicize_connections":[],"jetpack_featured_media_url":"","wps_subtitle":"","jetpack_sharing_enabled":true,"_links":{"self":[{"href":"https:\/\/www.hoymercedes.com.ar\/principal\/wp-json\/wp\/v2\/posts\/21323","targetHints":{"allow":["GET"]}}],"collection":[{"href":"https:\/\/www.hoymercedes.com.ar\/principal\/wp-json\/wp\/v2\/posts"}],"about":[{"href":"https:\/\/www.hoymercedes.com.ar\/principal\/wp-json\/wp\/v2\/types\/post"}],"author":[{"embeddable":true,"href":"https:\/\/www.hoymercedes.com.ar\/principal\/wp-json\/wp\/v2\/users\/1"}],"replies":[{"embeddable":true,"href":"https:\/\/www.hoymercedes.com.ar\/principal\/wp-json\/wp\/v2\/comments?post=21323"}],"version-history":[{"count":0,"href":"https:\/\/www.hoymercedes.com.ar\/principal\/wp-json\/wp\/v2\/posts\/21323\/revisions"}],"wp:attachment":[{"href":"https:\/\/www.hoymercedes.com.ar\/principal\/wp-json\/wp\/v2\/media?parent=21323"}],"wp:term":[{"taxonomy":"category","embeddable":true,"href":"https:\/\/www.hoymercedes.com.ar\/principal\/wp-json\/wp\/v2\/categories?post=21323"},{"taxonomy":"post_tag","embeddable":true,"href":"https:\/\/www.hoymercedes.com.ar\/principal\/wp-json\/wp\/v2\/tags?post=21323"}],"curies":[{"name":"wp","href":"https:\/\/api.w.org\/{rel}","templated":true}]}}