{"id":21343,"date":"2013-04-09T03:00:44","date_gmt":"2013-04-09T03:00:44","guid":{"rendered":"http:\/\/www.hoymercedes.com.ar\/principal\/?p=21343"},"modified":"2013-04-09T03:17:15","modified_gmt":"2013-04-09T03:17:15","slug":"primera-sesion-ordinaria-del-2013-del-concejo-deliberante","status":"publish","type":"post","link":"https:\/\/www.hoymercedes.com.ar\/principal\/2013\/04\/09\/primera-sesion-ordinaria-del-2013-del-concejo-deliberante\/","title":{"rendered":"Primera sesi\u00f3n ordinaria del 2013 del Concejo Deliberante con pedidos de informes"},"content":{"rendered":"<figure id=\"attachment_21345\" aria-describedby=\"caption-attachment-21345\" style=\"width: 608px\" class=\"wp-caption aligncenter\"><img loading=\"lazy\" decoding=\"async\" data-attachment-id=\"21345\" data-permalink=\"https:\/\/www.hoymercedes.com.ar\/principal\/2013\/04\/09\/primera-sesion-ordinaria-del-2013-del-concejo-deliberante\/concejodeliberante-mercedes-09-04-2013\/#main\" data-orig-file=\"https:\/\/www.hoymercedes.com.ar\/principal\/wp-content\/uploads\/2013\/04\/ConcejoDeliberante-Mercedes-09.04.2013.jpg\" data-orig-size=\"618,464\" data-comments-opened=\"1\" data-image-meta=\"{&quot;aperture&quot;:&quot;3.1&quot;,&quot;credit&quot;:&quot;&quot;,&quot;camera&quot;:&quot;COOLPIX L310&quot;,&quot;caption&quot;:&quot;&quot;,&quot;created_timestamp&quot;:&quot;1365536868&quot;,&quot;copyright&quot;:&quot;&quot;,&quot;focal_length&quot;:&quot;4.5&quot;,&quot;iso&quot;:&quot;200&quot;,&quot;shutter_speed&quot;:&quot;0.033333333333333&quot;,&quot;title&quot;:&quot;&quot;}\" data-image-title=\"ConcejoDeliberante-Mercedes-09.04.2013\" data-image-description=\"\" data-image-caption=\"&lt;p&gt;Concejo Deliberante Mercedes&lt;\/p&gt;\n\" data-large-file=\"https:\/\/www.hoymercedes.com.ar\/principal\/wp-content\/uploads\/2013\/04\/ConcejoDeliberante-Mercedes-09.04.2013.jpg\" class=\"size-full wp-image-21345\" alt=\"Concejo Deliberante Mercedes \" src=\"https:\/\/www.hoymercedes.com.ar\/principal\/wp-content\/uploads\/2013\/04\/ConcejoDeliberante-Mercedes-09.04.2013.jpg\" width=\"618\" height=\"464\" \/><figcaption id=\"caption-attachment-21345\" class=\"wp-caption-text\">Concejo Deliberante Mercedes<\/figcaption><\/figure>\n<p><em><strong>En el Concejo Deliberante se llev\u00f3 a cabo la primera sesi\u00f3n ordinaria del a\u00f1o con un orden breve, pero, fue ampliamente aumentado por temas presentados por los concejales fuera del orden del d\u00eda. Se esperaba una sesi\u00f3n con m\u00e1s contenido del que hubo. Dur\u00f3 cerca de 50 minutos y empez\u00f3, como es habitual, bastante m\u00e1s tarde de lo anunciado.<\/strong><\/em><\/p>\n<p>Los temas eran pocos para el d\u00eda de \u00a0aunque se incrementaron luego por pedidos de los ediles. Lo que m\u00e1s llev\u00f3 tiempo fue quiz\u00e1s el pedido de informe que realiz\u00f3 el concejal Cestari sobre el Sector Industrial Planificado: su predio, subsidios, trabajos realizados y todo lo que a \u00e9l se refiere. Hubo un pedido de informe sobre el \u00abPrograma Envi\u00f3n\u00bb en relaci\u00f3n a todo lo que al mismo concierne. Se debati\u00f3 tambi\u00e9n con fuerza qu\u00e9 procedimiento realizar en el terreno del Cuartel XV donde se busca crear una tosquera.<\/p>\n<p>Luego hubo mucha cantidad de pedidos de reparaciones, colocaci\u00f3n de se\u00f1al\u00e9tica, colocaci\u00f3n de luminaria, limpieza, etc.<\/p>\n<p><strong>El orden previsto era el siguiente:<\/strong><\/p>\n<p>Proyecto de Ordenanza (GEN), derogaci\u00f3n Ordenanza N\u00b06182\/06 (inmueble Cuartel XV, C\u00e1rcel Provincial); Proy. Ordenanza (DE), contrataci\u00f3n locaci\u00f3n inmueble en calle 4 e\/60 y 61; Proy. Ordenanza (DE), ampliaci\u00f3n de recolecci\u00f3n de residuos y foco en calle 104 bis y 103; Proy. Ordenanza (DE), alumbrado p\u00fablicoen calle 79 e\/4 y 6; 79 y 6; 79 e\/ 6 y 10.<\/p>\n<p><strong>Lo que no fue<\/strong><\/p>\n<p>Lo anunciado desde temprano por los bloques opositores sobre la b\u00fasqueda del cambio de autoridades del Concejo Deliberante no se produjo. Una de las excusas por lo cual se empez\u00f3 tan tarde la sesi\u00f3n es que nos ediles opositores no se pon\u00edan de acuerdo sobre c\u00f3mo zanjar el asunto que, en la sesi\u00f3n, no fue mencionado.<\/p>\n<p>&nbsp;<\/p>\n","protected":false},"excerpt":{"rendered":"<p>En el Concejo Deliberante se llev\u00f3 a cabo la primera sesi\u00f3n ordinaria del a\u00f1o con un orden breve, pero, fue &#8230; <a title=\"Primera sesi\u00f3n ordinaria del 2013 del Concejo Deliberante con pedidos de informes\" class=\"read-more\" href=\"https:\/\/www.hoymercedes.com.ar\/principal\/2013\/04\/09\/primera-sesion-ordinaria-del-2013-del-concejo-deliberante\/\" aria-label=\"Leer m\u00e1s sobre Primera sesi\u00f3n ordinaria del 2013 del Concejo Deliberante con pedidos de informes\">Leer m\u00e1s<\/a><\/p>\n","protected":false},"author":1,"featured_media":0,"comment_status":"open","ping_status":"open","sticky":false,"template":"","format":"standard","meta":{"_monsterinsights_skip_tracking":false,"_monsterinsights_sitenote_active":false,"_monsterinsights_sitenote_note":"","_monsterinsights_sitenote_category":0,"jetpack_post_was_ever_published":false,"_jetpack_newsletter_access":"","_jetpack_dont_email_post_to_subs":false,"_jetpack_newsletter_tier_id":0,"_jetpack_memberships_contains_paywalled_content":false,"_jetpack_memberships_contains_paid_content":false,"footnotes":"","jetpack_publicize_message":"","jetpack_publicize_feature_enabled":true,"jetpack_social_post_already_shared":false,"jetpack_social_options":{"image_generator_settings":{"template":"highway","default_image_id":0,"font":"","enabled":false},"version":2},"_wpas_customize_per_network":false},"categories":[5],"tags":[45],"class_list":["post-21343","post","type-post","status-publish","format-standard","hentry","category-politica","tag-concejo-deliberante-mercedes","generate-columns","tablet-grid-50","mobile-grid-100","grid-parent","grid-50"],"jetpack_publicize_connections":[],"jetpack_featured_media_url":"","wps_subtitle":"","jetpack_sharing_enabled":true,"_links":{"self":[{"href":"https:\/\/www.hoymercedes.com.ar\/principal\/wp-json\/wp\/v2\/posts\/21343","targetHints":{"allow":["GET"]}}],"collection":[{"href":"https:\/\/www.hoymercedes.com.ar\/principal\/wp-json\/wp\/v2\/posts"}],"about":[{"href":"https:\/\/www.hoymercedes.com.ar\/principal\/wp-json\/wp\/v2\/types\/post"}],"author":[{"embeddable":true,"href":"https:\/\/www.hoymercedes.com.ar\/principal\/wp-json\/wp\/v2\/users\/1"}],"replies":[{"embeddable":true,"href":"https:\/\/www.hoymercedes.com.ar\/principal\/wp-json\/wp\/v2\/comments?post=21343"}],"version-history":[{"count":0,"href":"https:\/\/www.hoymercedes.com.ar\/principal\/wp-json\/wp\/v2\/posts\/21343\/revisions"}],"wp:attachment":[{"href":"https:\/\/www.hoymercedes.com.ar\/principal\/wp-json\/wp\/v2\/media?parent=21343"}],"wp:term":[{"taxonomy":"category","embeddable":true,"href":"https:\/\/www.hoymercedes.com.ar\/principal\/wp-json\/wp\/v2\/categories?post=21343"},{"taxonomy":"post_tag","embeddable":true,"href":"https:\/\/www.hoymercedes.com.ar\/principal\/wp-json\/wp\/v2\/tags?post=21343"}],"curies":[{"name":"wp","href":"https:\/\/api.w.org\/{rel}","templated":true}]}}