{"id":2141,"date":"2011-02-12T05:45:10","date_gmt":"2011-02-12T05:45:10","guid":{"rendered":"http:\/\/www.hoymercedes.com.ar\/principal\/?p=2141"},"modified":"2011-02-12T05:45:10","modified_gmt":"2011-02-12T05:45:10","slug":"primer-concurso-literario-%e2%80%9chistorias-en-cuento%e2%80%9d","status":"publish","type":"post","link":"https:\/\/www.hoymercedes.com.ar\/principal\/2011\/02\/12\/primer-concurso-literario-%e2%80%9chistorias-en-cuento%e2%80%9d\/","title":{"rendered":"Primer Concurso Literario: \u201cHistorias en cuento\u201d"},"content":{"rendered":"<p style=\"text-align: justify;\">El\u00a0<strong>Instituto de Previsi\u00f3n Social de la Provincia de Buenos Aires<\/strong>,\u00a0invita a participar\u00a0a todos los jubilados y pensionados de la caja previsional, a\u00a0la caja de Jubilaciones, Subsidios y Pensiones del Personal del\u00a0\u00a0Banco Provincia , a la caja de Retiro, Jubilaciones y Pensiones de la\u00a0\u00a0Polic\u00eda\u00a0\u00a0de la provincia de Buenas Aires, y a los aportantes activos al sistema previsional bonaerense,\u00a0al\u00a0\u00a0Primer Concurso\u00a0\u00a0\u201c<strong>Historias en cuento<\/strong>\u201d.<\/p>\n<p style=\"text-align: justify;\">La inscripci\u00f3n es gratuita. Se recibir\u00e1n las obras hasta el viernes\u00a0\u00a0<strong><span style=\"text-decoration: underline;\">15 de abril de 2011<\/span><\/strong> inclusive.\u00a0El d\u00eda\u00a0<strong><span style=\"text-decoration: underline;\">viernes 6 de mayo de 2011, a\u00a0las 12hs se dar\u00e1n a conocer los ganadores a trav\u00e9s del sitio Web del Instituto de Previsi\u00f3n Social:<a href=\"http:\/\/www.ips.gba.gov.ar\/\" target=\"_blank\" rel=\"noopener\">www.ips.gba.gov.ar<\/a> . Oportunamente ser\u00e1n notificados los ganadores en forma personal.<\/span><\/strong><\/p>\n<p style=\"text-align: justify;\"><strong>Tema<\/strong>: Historias, leyendas y an\u00e9cdotas del Trabajo en la Provincia de Buenos Aires, de ayer y de hoy.<\/p>\n<p style=\"text-align: justify;\"><strong>Los premios:<\/strong><\/p>\n<p style=\"text-align: justify;\">1er. Premio: $5000 y un viaje para 2 personas, 10 d\u00edas, pensi\u00f3n completa, a Mar del Plata<\/p>\n<p style=\"text-align: justify;\">2do. Premio: $3000 y un viaje para 2 personas, 7d\u00edas, pensi\u00f3n completa, a Villa Gesell<\/p>\n<p style=\"text-align: justify;\">3er. Premio: $2000 y un viaje para 2 personas, 5 d\u00edas, pensi\u00f3n completa, a San Nicol\u00e1s.<\/p>\n<p style=\"text-align: justify;\">Presidente del jurado\u00a0\u00a0\u00a0\u00a0Eduardo Sacheri. Jurado:\u00a0\u00a0Susana Cantero, Mario Arteca<\/p>\n<p style=\"text-align: justify;\">Jurado Honor\u00edfico\u00a0\u00a0Lic. Sergio Zaragoza<\/p>\n<p style=\"text-align: justify;\"><strong>Para m\u00e1s informaci\u00f3n sobre el concurso y env\u00edo de obras dirigirse a la Direcci\u00f3n de Cultura y Educaci\u00f3n, calle 27 Nro. 578 1\u00ba de lunes a viernes de 8 a 13.<\/strong><\/p>\n","protected":false},"excerpt":{"rendered":"<p>El\u00a0Instituto de Previsi\u00f3n Social de la Provincia de Buenos Aires,\u00a0invita a participar\u00a0a todos los jubilados y pensionados de la caja &#8230; <a title=\"Primer Concurso Literario: \u201cHistorias en cuento\u201d\" class=\"read-more\" href=\"https:\/\/www.hoymercedes.com.ar\/principal\/2011\/02\/12\/primer-concurso-literario-%e2%80%9chistorias-en-cuento%e2%80%9d\/\" aria-label=\"Leer m\u00e1s sobre Primer Concurso Literario: \u201cHistorias en cuento\u201d\">Leer m\u00e1s<\/a><\/p>\n","protected":false},"author":1,"featured_media":0,"comment_status":"open","ping_status":"open","sticky":false,"template":"","format":"standard","meta":{"_monsterinsights_skip_tracking":false,"_monsterinsights_sitenote_active":false,"_monsterinsights_sitenote_note":"","_monsterinsights_sitenote_category":0,"jetpack_post_was_ever_published":false,"_jetpack_newsletter_access":"","_jetpack_dont_email_post_to_subs":false,"_jetpack_newsletter_tier_id":0,"_jetpack_memberships_contains_paywalled_content":false,"_jetpack_memberships_contains_paid_content":false,"footnotes":"","jetpack_publicize_message":"","jetpack_publicize_feature_enabled":true,"jetpack_social_post_already_shared":false,"jetpack_social_options":{"image_generator_settings":{"template":"highway","default_image_id":0,"font":"","enabled":false},"version":2},"_wpas_customize_per_network":false},"categories":[8],"tags":[468],"class_list":["post-2141","post","type-post","status-publish","format-standard","hentry","category-sociedad","tag-concurso-de-cuentos","generate-columns","tablet-grid-50","mobile-grid-100","grid-parent","grid-50"],"jetpack_publicize_connections":[],"jetpack_featured_media_url":"","wps_subtitle":"","jetpack_sharing_enabled":true,"_links":{"self":[{"href":"https:\/\/www.hoymercedes.com.ar\/principal\/wp-json\/wp\/v2\/posts\/2141","targetHints":{"allow":["GET"]}}],"collection":[{"href":"https:\/\/www.hoymercedes.com.ar\/principal\/wp-json\/wp\/v2\/posts"}],"about":[{"href":"https:\/\/www.hoymercedes.com.ar\/principal\/wp-json\/wp\/v2\/types\/post"}],"author":[{"embeddable":true,"href":"https:\/\/www.hoymercedes.com.ar\/principal\/wp-json\/wp\/v2\/users\/1"}],"replies":[{"embeddable":true,"href":"https:\/\/www.hoymercedes.com.ar\/principal\/wp-json\/wp\/v2\/comments?post=2141"}],"version-history":[{"count":0,"href":"https:\/\/www.hoymercedes.com.ar\/principal\/wp-json\/wp\/v2\/posts\/2141\/revisions"}],"wp:attachment":[{"href":"https:\/\/www.hoymercedes.com.ar\/principal\/wp-json\/wp\/v2\/media?parent=2141"}],"wp:term":[{"taxonomy":"category","embeddable":true,"href":"https:\/\/www.hoymercedes.com.ar\/principal\/wp-json\/wp\/v2\/categories?post=2141"},{"taxonomy":"post_tag","embeddable":true,"href":"https:\/\/www.hoymercedes.com.ar\/principal\/wp-json\/wp\/v2\/tags?post=2141"}],"curies":[{"name":"wp","href":"https:\/\/api.w.org\/{rel}","templated":true}]}}