{"id":21417,"date":"2013-04-11T03:03:50","date_gmt":"2013-04-11T03:03:50","guid":{"rendered":"http:\/\/www.hoymercedes.com.ar\/principal\/?p=21417"},"modified":"2013-04-11T03:06:13","modified_gmt":"2013-04-11T03:06:13","slug":"pasos-previos-no-hay-organizacion-en-la-recoleccion-de-residuos","status":"publish","type":"post","link":"https:\/\/www.hoymercedes.com.ar\/principal\/2013\/04\/11\/pasos-previos-no-hay-organizacion-en-la-recoleccion-de-residuos\/","title":{"rendered":"Pasos Previos: \u00abno hay organizaci\u00f3n en la recolecci\u00f3n de residuos\u00bb"},"content":{"rendered":"<figure id=\"attachment_21419\" aria-describedby=\"caption-attachment-21419\" style=\"width: 608px\" class=\"wp-caption aligncenter\"><a href=\"https:\/\/www.hoymercedes.com.ar\/principal\/wp-content\/uploads\/2013\/04\/basuramercedes.jpg\"><img loading=\"lazy\" decoding=\"async\" data-attachment-id=\"21419\" data-permalink=\"https:\/\/www.hoymercedes.com.ar\/principal\/2013\/04\/11\/pasos-previos-no-hay-organizacion-en-la-recoleccion-de-residuos\/basuramercedes\/#main\" data-orig-file=\"https:\/\/www.hoymercedes.com.ar\/principal\/wp-content\/uploads\/2013\/04\/basuramercedes.jpg\" data-orig-size=\"618,324\" data-comments-opened=\"1\" data-image-meta=\"{&quot;aperture&quot;:&quot;0&quot;,&quot;credit&quot;:&quot;&quot;,&quot;camera&quot;:&quot;&quot;,&quot;caption&quot;:&quot;&quot;,&quot;created_timestamp&quot;:&quot;0&quot;,&quot;copyright&quot;:&quot;&quot;,&quot;focal_length&quot;:&quot;0&quot;,&quot;iso&quot;:&quot;0&quot;,&quot;shutter_speed&quot;:&quot;0&quot;,&quot;title&quot;:&quot;&quot;}\" data-image-title=\"basuramercedes\" data-image-description=\"\" data-image-caption=\"&lt;p&gt;Basura en Mercedes&lt;\/p&gt;\n\" data-large-file=\"https:\/\/www.hoymercedes.com.ar\/principal\/wp-content\/uploads\/2013\/04\/basuramercedes.jpg\" class=\"size-full wp-image-21419\" alt=\"Basura en Mercedes\" src=\"https:\/\/www.hoymercedes.com.ar\/principal\/wp-content\/uploads\/2013\/04\/basuramercedes.jpg\" width=\"618\" height=\"324\" \/><\/a><figcaption id=\"caption-attachment-21419\" class=\"wp-caption-text\">Basura en Mercedes<\/figcaption><\/figure>\n<p><em><strong>Desde la Agrupaci\u00f3n Pol\u00edtica \u201cLos Pasos Previos\u201d en voz de su referente Mart\u00edn \u00c1lvarez manifestaron su preocupaci\u00f3n por la recolecci\u00f3n de residuos y la salud de los trabajadores de nuestra ciudad.<\/strong><\/em><\/p>\n<p>Mart\u00edn \u00c1lvarez afirm\u00f3: <em>\u201cnos preocupa enormemente desde Los Pasos Previos las condiciones de los trabajadores municipales en la recolecci\u00f3n de residuos. Lo hacen sin guantes, por ejemplo, cosa que les puede generar problemas a su integridad. Adem\u00e1s est\u00e1 el tema de la recolecci\u00f3n en s\u00ed que denota una falta de organizaci\u00f3n. Ellos ponen las bolsas en las esquinas. Los perros las rompen, se quedan en la calle los desechos que son luego expuestos a todos ya que no los vuelven a juntar. Esa basura es un tema que afecta a la salud de los vecinos, de nuestros hijos, a la comunidad\u201d.<\/em><\/p>\n<p>La Agrupaci\u00f3n los Pasos Previos es un grupo pol\u00edtico de nuestra ciudad que adhiere a las pol\u00edticas del gobierno nacional y que hace poco efectu\u00f3 su segundo plenario general.<\/p>\n<p>Por otra parte, \u00c1lvarez, nos coment\u00f3: <em>\u201cpronto habr\u00e1 novedades respecto a nuestra participaci\u00f3n ciudadana ya que estaremos abriendo una Unidad B\u00e1sica\u201d<\/em><\/p>\n<p>&nbsp;<\/p>\n","protected":false},"excerpt":{"rendered":"<p>Desde la Agrupaci\u00f3n Pol\u00edtica \u201cLos Pasos Previos\u201d en voz de su referente Mart\u00edn \u00c1lvarez manifestaron su preocupaci\u00f3n por la recolecci\u00f3n &#8230; <a title=\"Pasos Previos: \u00abno hay organizaci\u00f3n en la recolecci\u00f3n de residuos\u00bb\" class=\"read-more\" href=\"https:\/\/www.hoymercedes.com.ar\/principal\/2013\/04\/11\/pasos-previos-no-hay-organizacion-en-la-recoleccion-de-residuos\/\" aria-label=\"Leer m\u00e1s sobre Pasos Previos: \u00abno hay organizaci\u00f3n en la recolecci\u00f3n de residuos\u00bb\">Leer m\u00e1s<\/a><\/p>\n","protected":false},"author":1,"featured_media":0,"comment_status":"open","ping_status":"open","sticky":false,"template":"","format":"standard","meta":{"_monsterinsights_skip_tracking":false,"_monsterinsights_sitenote_active":false,"_monsterinsights_sitenote_note":"","_monsterinsights_sitenote_category":0,"jetpack_post_was_ever_published":false,"_jetpack_newsletter_access":"","_jetpack_dont_email_post_to_subs":false,"_jetpack_newsletter_tier_id":0,"_jetpack_memberships_contains_paywalled_content":false,"_jetpack_memberships_contains_paid_content":false,"footnotes":"","jetpack_publicize_message":"","jetpack_publicize_feature_enabled":true,"jetpack_social_post_already_shared":false,"jetpack_social_options":{"image_generator_settings":{"template":"highway","default_image_id":0,"font":"","enabled":false},"version":2},"_wpas_customize_per_network":false},"categories":[5],"tags":[3289,3374],"class_list":["post-21417","post","type-post","status-publish","format-standard","hentry","category-politica","tag-los-pasos-previos","tag-martin-alvarez","generate-columns","tablet-grid-50","mobile-grid-100","grid-parent","grid-50"],"jetpack_publicize_connections":[],"jetpack_featured_media_url":"","wps_subtitle":"","jetpack_sharing_enabled":true,"_links":{"self":[{"href":"https:\/\/www.hoymercedes.com.ar\/principal\/wp-json\/wp\/v2\/posts\/21417","targetHints":{"allow":["GET"]}}],"collection":[{"href":"https:\/\/www.hoymercedes.com.ar\/principal\/wp-json\/wp\/v2\/posts"}],"about":[{"href":"https:\/\/www.hoymercedes.com.ar\/principal\/wp-json\/wp\/v2\/types\/post"}],"author":[{"embeddable":true,"href":"https:\/\/www.hoymercedes.com.ar\/principal\/wp-json\/wp\/v2\/users\/1"}],"replies":[{"embeddable":true,"href":"https:\/\/www.hoymercedes.com.ar\/principal\/wp-json\/wp\/v2\/comments?post=21417"}],"version-history":[{"count":0,"href":"https:\/\/www.hoymercedes.com.ar\/principal\/wp-json\/wp\/v2\/posts\/21417\/revisions"}],"wp:attachment":[{"href":"https:\/\/www.hoymercedes.com.ar\/principal\/wp-json\/wp\/v2\/media?parent=21417"}],"wp:term":[{"taxonomy":"category","embeddable":true,"href":"https:\/\/www.hoymercedes.com.ar\/principal\/wp-json\/wp\/v2\/categories?post=21417"},{"taxonomy":"post_tag","embeddable":true,"href":"https:\/\/www.hoymercedes.com.ar\/principal\/wp-json\/wp\/v2\/tags?post=21417"}],"curies":[{"name":"wp","href":"https:\/\/api.w.org\/{rel}","templated":true}]}}