{"id":21444,"date":"2013-04-11T23:06:35","date_gmt":"2013-04-11T23:06:35","guid":{"rendered":"http:\/\/www.hoymercedes.com.ar\/principal\/?p=21444"},"modified":"2013-04-11T23:09:27","modified_gmt":"2013-04-11T23:09:27","slug":"alberto-cucho-espana-presento-dos-proyectos-por-los-inundados-de-la-plata","status":"publish","type":"post","link":"https:\/\/www.hoymercedes.com.ar\/principal\/2013\/04\/11\/alberto-cucho-espana-presento-dos-proyectos-por-los-inundados-de-la-plata\/","title":{"rendered":"Alberto \u00abCucho\u00bb Espa\u00f1a present\u00f3 dos proyectos por los inundados de La Plata"},"content":{"rendered":"<p>La ciudad de La Plata como es sabido vivi\u00f3 una de las m\u00e1s grandes tragedias de su historia. Muchos mercedinos fueron parte de las tareas solidarias especialmente la semana pasada, pero, la cuesti\u00f3n no se agot\u00f3. Ahora el diputado provincial mercedino Alberto \u2018Cucho\u2019 Espa\u00f1a present\u00f3 ante el Congreso bonaerense dos proyectos de ley a favor de los damnificados por las inundaciones en La Plata y localidades adyacentes.<\/p>\n<p>El proyecto les permite acceder gratuitamente a las escrituras de las viviendas afectadas y a distintos beneficios impositivos.<\/p>\n<p>En primer t\u00e9rmino Espa\u00f1a solicit\u00f3 la intervenci\u00f3n sin costo alguno de la Escriban\u00eda General de Gobierno para la expedici\u00f3n gratuita de segundos testimonios y con eximici\u00f3n de las tasas registrales para las viviendas afectadas en las localidades de La Plata, Berisso y Ensenada.<\/p>\n<p>Espa\u00f1a sostuvo: \u201cLa aprobaci\u00f3n de este proyecto no solamente le permitir\u00eda a los damnificados la posibilidad de acceder en forma r\u00e1pida a las escrituras p\u00fablicas de sus casas, sino que les representar\u00eda un ahorro de m\u00e1s de 4.000 pesos por vivienda\u201d<\/p>\n<p>La segunda propuesta permitir\u00e1 la exenci\u00f3n por 180 d\u00edas del pago de los impuestos inmobiliario y de automotores a los afectados por el temporal en las mismas tres ciudades, y la eximici\u00f3n del pago de ingresos brutos para comerciantes y profesionales por un plazo de 60 d\u00edas a contar desde el regreso a la actividad.<\/p>\n<p>En este caso, adem\u00e1s, Espa\u00f1a pide otorgarle a la Provincia de Buenos Aires \u201cla facultad a realizar obras y contrataciones que demande la emergencia\u201d.<\/p>\n<p>\u201cLas recientes inundaciones que sufrieron los vecinos de La Plata y sus alrededores requieren de distintas acciones y decisiones que acompa\u00f1en las medidas que viene tomando el Gobierno Nacional para asistir a las v\u00edctimas de la tragedia\u201d, dijo Espa\u00f1a.<\/p>\n<p>\u201cAs\u00ed, por ejemplo, muchas familias han perdido entre sus pertenencias la escritura de su vivienda, lo que acarrea la imposibilidad de acceder a cr\u00e9ditos o afectar a la misma al r\u00e9gimen de bien de familia \u2013continu\u00f3-. Por eso, con el proyecto del acceso r\u00e1pido y gratuito a un segundo testimonio, la Legislatura hace un importante aporte para devolver a los afectados un instrumento tan valioso para el arraigo y el desarrollo\u201d.<\/p>\n<p>\u201cNos queda el profundo pesar por la p\u00e9rdida de vidas humanas y al Estado le cabe ahora, ante el desastre clim\u00e1tico del pasado 2 de abril y entre muchas otras cosas, la articulaci\u00f3n de instrumentos de asistencia socioecon\u00f3mica y de herramientas que permitan actuar con la mayor celeridad posible\u201d, concluy\u00f3.<\/p>\n<p>&nbsp;<\/p>\n","protected":false},"excerpt":{"rendered":"<p>La ciudad de La Plata como es sabido vivi\u00f3 una de las m\u00e1s grandes tragedias de su historia. Muchos mercedinos &#8230; <a title=\"Alberto \u00abCucho\u00bb Espa\u00f1a present\u00f3 dos proyectos por los inundados de La Plata\" class=\"read-more\" href=\"https:\/\/www.hoymercedes.com.ar\/principal\/2013\/04\/11\/alberto-cucho-espana-presento-dos-proyectos-por-los-inundados-de-la-plata\/\" aria-label=\"Leer m\u00e1s sobre Alberto \u00abCucho\u00bb Espa\u00f1a present\u00f3 dos proyectos por los inundados de La Plata\">Leer m\u00e1s<\/a><\/p>\n","protected":false},"author":1,"featured_media":0,"comment_status":"open","ping_status":"open","sticky":false,"template":"","format":"standard","meta":{"_monsterinsights_skip_tracking":false,"_monsterinsights_sitenote_active":false,"_monsterinsights_sitenote_note":"","_monsterinsights_sitenote_category":0,"jetpack_post_was_ever_published":false,"_jetpack_newsletter_access":"","_jetpack_dont_email_post_to_subs":false,"_jetpack_newsletter_tier_id":0,"_jetpack_memberships_contains_paywalled_content":false,"_jetpack_memberships_contains_paid_content":false,"footnotes":"","jetpack_publicize_message":"","jetpack_publicize_feature_enabled":true,"jetpack_social_post_already_shared":false,"jetpack_social_options":{"image_generator_settings":{"template":"highway","default_image_id":0,"font":"","enabled":false},"version":2},"_wpas_customize_per_network":false},"categories":[5],"tags":[1204],"class_list":["post-21444","post","type-post","status-publish","format-standard","hentry","category-politica","tag-cucho-espana","generate-columns","tablet-grid-50","mobile-grid-100","grid-parent","grid-50"],"jetpack_publicize_connections":[],"jetpack_featured_media_url":"","wps_subtitle":"","jetpack_sharing_enabled":true,"_links":{"self":[{"href":"https:\/\/www.hoymercedes.com.ar\/principal\/wp-json\/wp\/v2\/posts\/21444","targetHints":{"allow":["GET"]}}],"collection":[{"href":"https:\/\/www.hoymercedes.com.ar\/principal\/wp-json\/wp\/v2\/posts"}],"about":[{"href":"https:\/\/www.hoymercedes.com.ar\/principal\/wp-json\/wp\/v2\/types\/post"}],"author":[{"embeddable":true,"href":"https:\/\/www.hoymercedes.com.ar\/principal\/wp-json\/wp\/v2\/users\/1"}],"replies":[{"embeddable":true,"href":"https:\/\/www.hoymercedes.com.ar\/principal\/wp-json\/wp\/v2\/comments?post=21444"}],"version-history":[{"count":0,"href":"https:\/\/www.hoymercedes.com.ar\/principal\/wp-json\/wp\/v2\/posts\/21444\/revisions"}],"wp:attachment":[{"href":"https:\/\/www.hoymercedes.com.ar\/principal\/wp-json\/wp\/v2\/media?parent=21444"}],"wp:term":[{"taxonomy":"category","embeddable":true,"href":"https:\/\/www.hoymercedes.com.ar\/principal\/wp-json\/wp\/v2\/categories?post=21444"},{"taxonomy":"post_tag","embeddable":true,"href":"https:\/\/www.hoymercedes.com.ar\/principal\/wp-json\/wp\/v2\/tags?post=21444"}],"curies":[{"name":"wp","href":"https:\/\/api.w.org\/{rel}","templated":true}]}}