{"id":2145,"date":"2011-02-12T05:48:40","date_gmt":"2011-02-12T05:48:40","guid":{"rendered":"http:\/\/www.hoymercedes.com.ar\/principal\/?p=2145"},"modified":"2011-02-12T05:48:40","modified_gmt":"2011-02-12T05:48:40","slug":"proponen-que-el-ejecutivo-cambie-las-luminarias-en-las-principales-plazas-de-la-ciudad","status":"publish","type":"post","link":"https:\/\/www.hoymercedes.com.ar\/principal\/2011\/02\/12\/proponen-que-el-ejecutivo-cambie-las-luminarias-en-las-principales-plazas-de-la-ciudad\/","title":{"rendered":"Proponen que el Ejecutivo cambie las luminarias en las principales plazas de la ciudad"},"content":{"rendered":"<p style=\"text-align: justify;\">El bloque de concejales de Uni\u00f3n Pro con la firma de sus tres integrantes present\u00f3 en las \u00faltimas horas un proyecto de Ordenanza propiciando el recambio de l\u00e1mpara en las Plazas P\u00fablicas de nuestra ciudad.<\/p>\n<p style=\"text-align: justify;\">El concejal Juan Carlos Ben\u00edtez, sostuvo \u201crealizar el cambio de las l\u00e1mparas en las plazas podr\u00eda ser utilizado como una experiencia piloto comenzando por las m\u00e1s peque\u00f1as para luego de ver el rendimiento de las mismas y el consumo efectivo dedicarnos\u00a0 a reemplazar gradualmente la mayor cantidad de unidades posibles en toda la ciudad.<\/p>\n<p style=\"text-align: justify;\">Impulsamos el recambio debido a que ha quedado comprobado que este tipo de l\u00e1mparas, las LEDs, consumen m\u00e1s de un cincuenta por ciento menos que las tradicionales a vapor de mercurio o de sodio que son las que se est\u00e1n utilizando en nuestra ciudad.<\/p>\n<p style=\"text-align: justify;\">Es decir que estamos ante una situaci\u00f3n en la que el municipio debe hacer valer su calidad de gran usuario comenzando de esta manera con el ahorro de energ\u00eda el\u00e9ctrica que significa por un lado un aporte al medio ambiente y al mismo tiempo tambi\u00e9n es mejor por la generaci\u00f3n de energ\u00eda que se debe realizar para poder mantener dicho consumo.<\/p>\n<p style=\"text-align: justify;\">Adem\u00e1s de la l\u00e1mpara propiamente dicha habr\u00eda que cambiar la luminaria exterior de cada columna pero ello en principio no significar\u00eda un gasto importante, pero vuelvo a reiterar que se podr\u00eda comenzar llevando a cabo una experiencia piloto de una plaza de las m\u00e1s chicas de la ciudad y en funci\u00f3n a los resultados que se obtengan profundizar los cambios necesarios en las restantes.<\/p>\n<p style=\"text-align: justify;\">Por otra parte la equivalencia\u00a0 de poder lum\u00ednico permite reemplazar\u00a0 una l\u00e1mpara tradicional de descarga de 250 watt por una LEDs de 112 watt, es decir que como lo manifest\u00e9 significa un ahorro de m\u00e1s del cincuenta por ciento del consumo actual.<\/p>\n<p style=\"text-align: justify;\">Otro detalle para ser tenido muy en cuenta es que la l\u00e1mpara LEDs tiene una vida \u00fatil de trece a\u00f1os mientras que las actuales el tiempo de uso se estima en tan solo cuatro a\u00f1os.<\/p>\n<p style=\"text-align: justify;\">Al mismo tiempo este tipo de cambios permitir\u00e1 que el municipio, como gran consumidor de energ\u00eda que es, de el ejemplo de estar a la vanguardia de los avances tecnol\u00f3gicos que se vienen registrando en materia de iluminaci\u00f3n al menos en los \u00faltimos diez a\u00f1os y entiendo que el municipio est\u00e1 en perfectas condiciones de poder con fondos propios encarar este proyecto que si bien no tengo datos precisos acerca del valor de cada l\u00e1mpara de este nuevo tipo, se que no difiere mucho de lo que estamos pagando ahora por la utilizaci\u00f3n de las de vapores de mercurio o sodio, m\u00e1s all\u00e1 que en definitiva el costo de cada unidad se pagar\u00eda solo con el ahorro en el consumo que nos permitir\u00eda realizar\u201d.<\/p>\n<p style=\"text-align: justify;\">Por \u00faltimo el edil de Uni\u00f3n Pro al ser consultado acerca de la posibilidad que en viviendas familiares se puedan utilizar las LEDs sostuvo \u201clos cat\u00e1logos que he recibido de parte de distribuidores y fabricante se refieren exclusivamente a l\u00e1mparas de uso externo pero seguramente que tambi\u00e9n llegar\u00e1n para las viviendas familiares porque est\u00e1 demostrado que son muy superiores a cualquier otro tipo de l\u00e1mparas que exista en el mercado, es lo \u00faltimo en tecnolog\u00eda lum\u00ednica y como suele pasar con casi todas las cosas nuevas que salen a la venta en la medida que comience su utilizaci\u00f3n el precio por unidad bajar\u00e1\u201d.<\/p>\n","protected":false},"excerpt":{"rendered":"<p>El bloque de concejales de Uni\u00f3n Pro con la firma de sus tres integrantes present\u00f3 en las \u00faltimas horas un &#8230; <a title=\"Proponen que el Ejecutivo cambie las luminarias en las principales plazas de la ciudad\" class=\"read-more\" href=\"https:\/\/www.hoymercedes.com.ar\/principal\/2011\/02\/12\/proponen-que-el-ejecutivo-cambie-las-luminarias-en-las-principales-plazas-de-la-ciudad\/\" aria-label=\"Leer m\u00e1s sobre Proponen que el Ejecutivo cambie las luminarias en las principales plazas de la ciudad\">Leer m\u00e1s<\/a><\/p>\n","protected":false},"author":1,"featured_media":0,"comment_status":"open","ping_status":"open","sticky":false,"template":"","format":"standard","meta":{"_monsterinsights_skip_tracking":false,"_monsterinsights_sitenote_active":false,"_monsterinsights_sitenote_note":"","_monsterinsights_sitenote_category":0,"jetpack_post_was_ever_published":false,"_jetpack_newsletter_access":"","_jetpack_dont_email_post_to_subs":false,"_jetpack_newsletter_tier_id":0,"_jetpack_memberships_contains_paywalled_content":false,"_jetpack_memberships_contains_paid_content":false,"footnotes":"","jetpack_publicize_message":"","jetpack_publicize_feature_enabled":true,"jetpack_social_post_already_shared":false,"jetpack_social_options":{"image_generator_settings":{"template":"highway","default_image_id":0,"font":"","enabled":false},"version":2},"_wpas_customize_per_network":false},"categories":[5],"tags":[469,364],"class_list":["post-2145","post","type-post","status-publish","format-standard","hentry","category-politica","tag-benitez","tag-union-pro","generate-columns","tablet-grid-50","mobile-grid-100","grid-parent","grid-50"],"jetpack_publicize_connections":[],"jetpack_featured_media_url":"","wps_subtitle":"","jetpack_sharing_enabled":true,"_links":{"self":[{"href":"https:\/\/www.hoymercedes.com.ar\/principal\/wp-json\/wp\/v2\/posts\/2145","targetHints":{"allow":["GET"]}}],"collection":[{"href":"https:\/\/www.hoymercedes.com.ar\/principal\/wp-json\/wp\/v2\/posts"}],"about":[{"href":"https:\/\/www.hoymercedes.com.ar\/principal\/wp-json\/wp\/v2\/types\/post"}],"author":[{"embeddable":true,"href":"https:\/\/www.hoymercedes.com.ar\/principal\/wp-json\/wp\/v2\/users\/1"}],"replies":[{"embeddable":true,"href":"https:\/\/www.hoymercedes.com.ar\/principal\/wp-json\/wp\/v2\/comments?post=2145"}],"version-history":[{"count":0,"href":"https:\/\/www.hoymercedes.com.ar\/principal\/wp-json\/wp\/v2\/posts\/2145\/revisions"}],"wp:attachment":[{"href":"https:\/\/www.hoymercedes.com.ar\/principal\/wp-json\/wp\/v2\/media?parent=2145"}],"wp:term":[{"taxonomy":"category","embeddable":true,"href":"https:\/\/www.hoymercedes.com.ar\/principal\/wp-json\/wp\/v2\/categories?post=2145"},{"taxonomy":"post_tag","embeddable":true,"href":"https:\/\/www.hoymercedes.com.ar\/principal\/wp-json\/wp\/v2\/tags?post=2145"}],"curies":[{"name":"wp","href":"https:\/\/api.w.org\/{rel}","templated":true}]}}