{"id":2148,"date":"2011-02-12T05:49:59","date_gmt":"2011-02-12T05:49:59","guid":{"rendered":"http:\/\/www.hoymercedes.com.ar\/principal\/?p=2148"},"modified":"2011-02-12T05:49:59","modified_gmt":"2011-02-12T05:49:59","slug":"el-22-de-febrero-se-hace-la-esperada-sesion-extraordinaria-en-el-concejo-deliberante","status":"publish","type":"post","link":"https:\/\/www.hoymercedes.com.ar\/principal\/2011\/02\/12\/el-22-de-febrero-se-hace-la-esperada-sesion-extraordinaria-en-el-concejo-deliberante\/","title":{"rendered":"El 22 de febrero se hace la esperada Sesi\u00f3n Extraordinaria en el Concejo Deliberante"},"content":{"rendered":"<p style=\"text-align: justify;\">A medida en que comenzaron a concluir las vacaciones de la mayor\u00eda de los integrantes de los diferentes bloques del Concejo Deliberante se fue haciendo m\u00e1s firme el comentarios relacionados con una posible sesi\u00f3n extraordinaria teniendo en cuenta que aun durante el receso administrativo que en general se vivi\u00f3 en el Municipio, fueron varios los expedientes que ingresaron a la Secretar\u00eda del Cuerpo Deliberativo a los cuales si se le suman los que hab\u00edan quedado pendientes del 2010 tras finalizar el per\u00edodo de sesiones ordinarias sumaban una interesante cantidad por lo cual se hac\u00eda m\u00e1s que necesario la convocatoria al menos a un extraordinaria para el mes de febrero.<\/p>\n<p style=\"text-align: justify;\">As\u00ed lo entend\u00edan varios concejales, especialmente los que pertenecen al sector de la oposici\u00f3n que a pesar del receso fueron presentando, tal el caso de la Coalici\u00f3n C\u00edvica Ari nuevos proyectos especialmente relacionados con pedidos de informes y la realizaci\u00f3n de diferentes tareas en distintos barrios de la ciudad.<\/p>\n<p style=\"text-align: justify;\">A dichos ediles se les sumaron los integrantes de Uni\u00f3n Pro que hicieron lo propio y de acuerdo a los comentarios recogidos ayer, la semana propia har\u00e1n lo mismo el GEN y el bloque de la Uni\u00f3n C\u00edvica habida cuenta que su \u00fanica representante tambi\u00e9n se reintegro a sus funciones concurriendo al HCD casi todos los d\u00edas.<\/p>\n<p style=\"text-align: justify;\"><strong>Convenio para asistencia a Tamberos <\/strong><\/p>\n<p style=\"text-align: justify;\">Por otra parte el titular del bloque de concejales del PJ, Marcelo Denapole sostuvo \u201centre los temas que podemos tratar se encuentra la aprobaci\u00f3n de un convenio firmado por el intendente Carlos Selva con el Ministerio de Asuntos Agrarios de la Provincia para la asistencia mediante la entrega de una determinada suma de dinero en car\u00e1cter de subsidio no reintegrable \u00a0a productores de leche de nuestro Partido que re\u00fanan las condiciones impuestas desde el municipio, si no me equivoco ya se le ha girado a nuestro municipio una suma de aproximadamente Cincuenta Mil pesos para distribuir pero dicho tema est\u00e1 siendo manejado de manera espec\u00edfica desde la Direcci\u00f3n de Planeamiento y Producci\u00f3n.<\/p>\n<p style=\"text-align: justify;\">Este convenio se habr\u00eda firmado en diciembre del a\u00f1o pasado y por diversos motivos no pudo ser elevado al Concejo para nuestra consideraci\u00f3n durante dicho mes y ha quedado para este a\u00f1o.<\/p>\n<p style=\"text-align: justify;\">Una vez que los integrantes del Acuerdo votemos la convalidaci\u00f3n del mismo el Departamento Ejecutivo quedar\u00e1 facultado para concretar la entrega de dicho dinero\u201d.<\/p>\n<p style=\"text-align: justify;\">La fecha del 22 de febrero a las 19.00 ya ha sido notificada de manera verbal desde la Secretar\u00eda del HCD a los titulares de los diferentes bloques de concejales<\/p>\n","protected":false},"excerpt":{"rendered":"<p>A medida en que comenzaron a concluir las vacaciones de la mayor\u00eda de los integrantes de los diferentes bloques del &#8230; <a title=\"El 22 de febrero se hace la esperada Sesi\u00f3n Extraordinaria en el Concejo Deliberante\" class=\"read-more\" href=\"https:\/\/www.hoymercedes.com.ar\/principal\/2011\/02\/12\/el-22-de-febrero-se-hace-la-esperada-sesion-extraordinaria-en-el-concejo-deliberante\/\" aria-label=\"Leer m\u00e1s sobre El 22 de febrero se hace la esperada Sesi\u00f3n Extraordinaria en el Concejo Deliberante\">Leer m\u00e1s<\/a><\/p>\n","protected":false},"author":1,"featured_media":0,"comment_status":"open","ping_status":"open","sticky":false,"template":"","format":"standard","meta":{"_monsterinsights_skip_tracking":false,"_monsterinsights_sitenote_active":false,"_monsterinsights_sitenote_note":"","_monsterinsights_sitenote_category":0,"jetpack_post_was_ever_published":false,"_jetpack_newsletter_access":"","_jetpack_dont_email_post_to_subs":false,"_jetpack_newsletter_tier_id":0,"_jetpack_memberships_contains_paywalled_content":false,"_jetpack_memberships_contains_paid_content":false,"footnotes":"","jetpack_publicize_message":"","jetpack_publicize_feature_enabled":true,"jetpack_social_post_already_shared":false,"jetpack_social_options":{"image_generator_settings":{"template":"highway","default_image_id":0,"font":"","enabled":false},"version":2},"_wpas_customize_per_network":false},"categories":[5],"tags":[470],"class_list":["post-2148","post","type-post","status-publish","format-standard","hentry","category-politica","tag-concejo-deli","generate-columns","tablet-grid-50","mobile-grid-100","grid-parent","grid-50"],"jetpack_publicize_connections":[],"jetpack_featured_media_url":"","wps_subtitle":"","jetpack_sharing_enabled":true,"_links":{"self":[{"href":"https:\/\/www.hoymercedes.com.ar\/principal\/wp-json\/wp\/v2\/posts\/2148","targetHints":{"allow":["GET"]}}],"collection":[{"href":"https:\/\/www.hoymercedes.com.ar\/principal\/wp-json\/wp\/v2\/posts"}],"about":[{"href":"https:\/\/www.hoymercedes.com.ar\/principal\/wp-json\/wp\/v2\/types\/post"}],"author":[{"embeddable":true,"href":"https:\/\/www.hoymercedes.com.ar\/principal\/wp-json\/wp\/v2\/users\/1"}],"replies":[{"embeddable":true,"href":"https:\/\/www.hoymercedes.com.ar\/principal\/wp-json\/wp\/v2\/comments?post=2148"}],"version-history":[{"count":0,"href":"https:\/\/www.hoymercedes.com.ar\/principal\/wp-json\/wp\/v2\/posts\/2148\/revisions"}],"wp:attachment":[{"href":"https:\/\/www.hoymercedes.com.ar\/principal\/wp-json\/wp\/v2\/media?parent=2148"}],"wp:term":[{"taxonomy":"category","embeddable":true,"href":"https:\/\/www.hoymercedes.com.ar\/principal\/wp-json\/wp\/v2\/categories?post=2148"},{"taxonomy":"post_tag","embeddable":true,"href":"https:\/\/www.hoymercedes.com.ar\/principal\/wp-json\/wp\/v2\/tags?post=2148"}],"curies":[{"name":"wp","href":"https:\/\/api.w.org\/{rel}","templated":true}]}}