{"id":2152,"date":"2011-02-12T05:53:47","date_gmt":"2011-02-12T05:53:47","guid":{"rendered":"http:\/\/www.hoymercedes.com.ar\/principal\/?p=2152"},"modified":"2011-02-12T05:53:47","modified_gmt":"2011-02-12T05:53:47","slug":"comenzo-el-ciclo-cine-para-todos","status":"publish","type":"post","link":"https:\/\/www.hoymercedes.com.ar\/principal\/2011\/02\/12\/comenzo-el-ciclo-cine-para-todos\/","title":{"rendered":"Comenz\u00f3 el ciclo \u00abCine para todos\u00bb"},"content":{"rendered":"<figure id=\"attachment_2154\" aria-describedby=\"caption-attachment-2154\" style=\"width: 290px\" class=\"wp-caption alignleft\"><a href=\"https:\/\/www.hoymercedes.com.ar\/principal\/wp-content\/uploads\/2011\/02\/melom.jpg\"><img loading=\"lazy\" decoding=\"async\" data-attachment-id=\"2154\" data-permalink=\"https:\/\/www.hoymercedes.com.ar\/principal\/2011\/02\/12\/comenzo-el-ciclo-cine-para-todos\/melom\/#main\" data-orig-file=\"https:\/\/www.hoymercedes.com.ar\/principal\/wp-content\/uploads\/2011\/02\/melom.jpg\" data-orig-size=\"300,225\" data-comments-opened=\"1\" data-image-meta=\"{&quot;aperture&quot;:&quot;2.8&quot;,&quot;credit&quot;:&quot;&quot;,&quot;camera&quot;:&quot;COOLPIX L10&quot;,&quot;caption&quot;:&quot;&quot;,&quot;created_timestamp&quot;:&quot;1297176777&quot;,&quot;copyright&quot;:&quot;Copyright 2006&quot;,&quot;focal_length&quot;:&quot;6.2&quot;,&quot;iso&quot;:&quot;64&quot;,&quot;shutter_speed&quot;:&quot;0.014025245441795&quot;,&quot;title&quot;:&quot;&quot;}\" data-image-title=\"melom\" data-image-description=\"\" data-image-caption=\"\" data-large-file=\"https:\/\/www.hoymercedes.com.ar\/principal\/wp-content\/uploads\/2011\/02\/melom.jpg\" class=\"size-full wp-image-2154\" title=\"melom\" src=\"https:\/\/www.hoymercedes.com.ar\/principal\/wp-content\/uploads\/2011\/02\/melom.jpg\" alt=\"\" width=\"300\" height=\"225\" \/><\/a><figcaption id=\"caption-attachment-2154\" class=\"wp-caption-text\">Marcelo Melo, Director de Turismo<\/figcaption><\/figure>\n<p style=\"text-align: justify;\">Durante la jornada del jueves en el sector de la denominada plaza del sector nuevo del Parque Municipal dio comienzo el ciclo de cine para todos que abarcar\u00e1 diferentes\u00a0 barrios organizado\u00a0 por la Direcci\u00f3n de Turismo con la colaboraci\u00f3n de un grupo de j\u00f3venes de nuestra ciudad.<\/p>\n<p style=\"text-align: justify;\">Al dialogar con los medios de prensa Marcelo Melo sostuvo \u201choy comenzamos con el ciclo denominado \u00a0cine para todos con la proyecci\u00f3n de pel\u00edculas al aire libre que tendr\u00e1 como escenario especial los diferentes barrios de la ciudad porque la idea es que nuestros vecinos pasen un buen momento y para ello solo deber\u00e1n traerse sus propias sillas y sentarse simplemente a mirar una buena pel\u00edcula de cine nacional.<\/p>\n<p style=\"text-align: justify;\">Hoy comenzamos en este sector nuevo del Parque, concretamente en la plaza\u00a0 donde se encuentran los juegos y la idea es seguir las proyecciones como ya lo manifest\u00e9\u00a0 en diferentes barrios, para ello contamos con la colaboraci\u00f3n en todo lo que es la parte de organizaci\u00f3n de los integrantes de la Juventud Peronista de nuestra ciudad\u201d.<\/p>\n<p style=\"text-align: justify;\">Posteriormente el funcionario comunal manifest\u00f3 \u201choy estaremos proyectando la pel\u00edcula Iluminados por el Fuego que tiene que ver con la Guerra\u00a0\u00a0 de Malvinas\u00a0 y ls proyecciones continuaron este viernes 11 en la sede de la Sociedad de Fomento del Barrio La Amistad y el viernes 18\u00a0 la cita ser\u00e1 en la sede fomentista del Barrio Santa Teresita.<\/p>\n<p style=\"text-align: justify;\">Desde ya que los vecinos que as\u00ed lo quieran se pueden llevar el termo y el mate y pasarlo un poco mejor y si luego de la proyecci\u00f3n se quedan charlando entre ellos mejor todav\u00eda.<\/p>\n<p style=\"text-align: justify;\">La idea es conversar con la totalidad de las sociedades de fomentos porque pretendemos llegar con las pel\u00edculas a todos los barrios de la ciudad, incluso hemos recibido un anota con el pedido para que vayamos a Goldney as\u00ed que estamos buscando una fecha para poder hacerlo.<\/p>\n<p style=\"text-align: justify;\">Por otra parte estamos trabajando adem\u00e1s del ciclo de cine nacional con uno de origen Venezolano y contamos con un ciclo de f\u00fatbol que son cortometrajes realmente muy interesantes para que puedan ser disfrutados por todos los vecinos y por otra parte tenemos un arreglo especial con el INCA, el Instituto Nacional de Cine Argentino lo cual nos garantiza la calidad y la legitimidad de las pel\u00edculas que estaremos pasando que vamos a ir rotando a medida que vayamos a los diferentes barrios\u201d<\/p>\n<p style=\"text-align: justify;\">A medida que se vaya a los diferentes barrios desde el municipio se informar\u00e1 los lugares, horarios, titulo y genero del film que se proyectar\u00e1.<\/p>\n","protected":false},"excerpt":{"rendered":"<p>Durante la jornada del jueves en el sector de la denominada plaza del sector nuevo del Parque Municipal dio comienzo &#8230; <a title=\"Comenz\u00f3 el ciclo \u00abCine para todos\u00bb\" class=\"read-more\" href=\"https:\/\/www.hoymercedes.com.ar\/principal\/2011\/02\/12\/comenzo-el-ciclo-cine-para-todos\/\" aria-label=\"Leer m\u00e1s sobre Comenz\u00f3 el ciclo \u00abCine para todos\u00bb\">Leer m\u00e1s<\/a><\/p>\n","protected":false},"author":1,"featured_media":0,"comment_status":"open","ping_status":"open","sticky":false,"template":"","format":"standard","meta":{"_monsterinsights_skip_tracking":false,"_monsterinsights_sitenote_active":false,"_monsterinsights_sitenote_note":"","_monsterinsights_sitenote_category":0,"jetpack_post_was_ever_published":false,"_jetpack_newsletter_access":"","_jetpack_dont_email_post_to_subs":false,"_jetpack_newsletter_tier_id":0,"_jetpack_memberships_contains_paywalled_content":false,"_jetpack_memberships_contains_paid_content":false,"footnotes":"","jetpack_publicize_message":"","jetpack_publicize_feature_enabled":true,"jetpack_social_post_already_shared":false,"jetpack_social_options":{"image_generator_settings":{"template":"highway","default_image_id":0,"font":"","enabled":false},"version":2},"_wpas_customize_per_network":false},"categories":[30],"tags":[471],"class_list":["post-2152","post","type-post","status-publish","format-standard","hentry","category-municipio","tag-cine-para-todos","generate-columns","tablet-grid-50","mobile-grid-100","grid-parent","grid-50"],"jetpack_publicize_connections":[],"jetpack_featured_media_url":"","wps_subtitle":"","jetpack_sharing_enabled":true,"_links":{"self":[{"href":"https:\/\/www.hoymercedes.com.ar\/principal\/wp-json\/wp\/v2\/posts\/2152","targetHints":{"allow":["GET"]}}],"collection":[{"href":"https:\/\/www.hoymercedes.com.ar\/principal\/wp-json\/wp\/v2\/posts"}],"about":[{"href":"https:\/\/www.hoymercedes.com.ar\/principal\/wp-json\/wp\/v2\/types\/post"}],"author":[{"embeddable":true,"href":"https:\/\/www.hoymercedes.com.ar\/principal\/wp-json\/wp\/v2\/users\/1"}],"replies":[{"embeddable":true,"href":"https:\/\/www.hoymercedes.com.ar\/principal\/wp-json\/wp\/v2\/comments?post=2152"}],"version-history":[{"count":0,"href":"https:\/\/www.hoymercedes.com.ar\/principal\/wp-json\/wp\/v2\/posts\/2152\/revisions"}],"wp:attachment":[{"href":"https:\/\/www.hoymercedes.com.ar\/principal\/wp-json\/wp\/v2\/media?parent=2152"}],"wp:term":[{"taxonomy":"category","embeddable":true,"href":"https:\/\/www.hoymercedes.com.ar\/principal\/wp-json\/wp\/v2\/categories?post=2152"},{"taxonomy":"post_tag","embeddable":true,"href":"https:\/\/www.hoymercedes.com.ar\/principal\/wp-json\/wp\/v2\/tags?post=2152"}],"curies":[{"name":"wp","href":"https:\/\/api.w.org\/{rel}","templated":true}]}}