{"id":21565,"date":"2013-04-15T15:53:26","date_gmt":"2013-04-15T15:53:26","guid":{"rendered":"http:\/\/www.hoymercedes.com.ar\/principal\/?p=21565"},"modified":"2013-04-15T16:02:52","modified_gmt":"2013-04-15T16:02:52","slug":"barrio-calvino-quedo-en-manos-del-frente-mercedino","status":"publish","type":"post","link":"https:\/\/www.hoymercedes.com.ar\/principal\/2013\/04\/15\/barrio-calvino-quedo-en-manos-del-frente-mercedino\/","title":{"rendered":"Barrio Calvillo qued\u00f3 en manos del Frente Mercedino"},"content":{"rendered":"<p><em><strong>Una nueva elecci\u00f3n barrial se llev\u00f3 cabo este fin de semana. La victoria qued\u00f3 en manos de una lista que representaba al Frente Mercedino encabezada por Alejandro Ram\u00edrez qui\u00e9n logr\u00f3 81 votos contra los 55 de Ana Mar\u00eda Rossi.<\/strong><\/em><\/p>\n<p>Se trata de la octava elecci\u00f3n barrial seguida obtenida por la fuerza. En este 2013 las elecciones barriales han tomado un matiz distinto ya que se realizan especulaciones y afirmaciones que se incrementan dada la cercan\u00eda de las generales.<\/p>\n<p>La convocatoria fue importante al punto que la elecci\u00f3n, que cerraba a las 19.00hs, debi\u00f3 extenderse para que todos pudiesen sufragar.<\/p>\n<p>En la comisi\u00f3n que ahora conducir\u00e1 Calvillo est\u00e1n: Alejandro Ram\u00edrez, Barbara Giordano, Cintia Atampi, Isabel Ju\u00e1rez, Juan Estacione, Celia Ludue\u00f1a , Adriana Mass\u00f3n, Jorge Pereyra, Jos\u00e9 Barrientos, Paola Encino, \u00c1ngelica Quijano, Natalia Giordano y Maria Rosa Romero.<\/p>\n<p>&nbsp;<\/p>\n","protected":false},"excerpt":{"rendered":"<p>Una nueva elecci\u00f3n barrial se llev\u00f3 cabo este fin de semana. La victoria qued\u00f3 en manos de una lista que &#8230; <a title=\"Barrio Calvillo qued\u00f3 en manos del Frente Mercedino\" class=\"read-more\" href=\"https:\/\/www.hoymercedes.com.ar\/principal\/2013\/04\/15\/barrio-calvino-quedo-en-manos-del-frente-mercedino\/\" aria-label=\"Leer m\u00e1s sobre Barrio Calvillo qued\u00f3 en manos del Frente Mercedino\">Leer m\u00e1s<\/a><\/p>\n","protected":false},"author":1,"featured_media":0,"comment_status":"open","ping_status":"open","sticky":false,"template":"","format":"standard","meta":{"_monsterinsights_skip_tracking":false,"_monsterinsights_sitenote_active":false,"_monsterinsights_sitenote_note":"","_monsterinsights_sitenote_category":0,"jetpack_post_was_ever_published":false,"_jetpack_newsletter_access":"","_jetpack_dont_email_post_to_subs":false,"_jetpack_newsletter_tier_id":0,"_jetpack_memberships_contains_paywalled_content":false,"_jetpack_memberships_contains_paid_content":false,"footnotes":"","jetpack_publicize_message":"","jetpack_publicize_feature_enabled":true,"jetpack_social_post_already_shared":false,"jetpack_social_options":{"image_generator_settings":{"template":"highway","default_image_id":0,"font":"","enabled":false},"version":2},"_wpas_customize_per_network":false},"categories":[5],"tags":[338,379],"class_list":["post-21565","post","type-post","status-publish","format-standard","hentry","category-politica","tag-barrio-calvillo","tag-frente-mercedino-para-la-victoria","generate-columns","tablet-grid-50","mobile-grid-100","grid-parent","grid-50"],"jetpack_publicize_connections":[],"jetpack_featured_media_url":"","wps_subtitle":"","jetpack_sharing_enabled":true,"_links":{"self":[{"href":"https:\/\/www.hoymercedes.com.ar\/principal\/wp-json\/wp\/v2\/posts\/21565","targetHints":{"allow":["GET"]}}],"collection":[{"href":"https:\/\/www.hoymercedes.com.ar\/principal\/wp-json\/wp\/v2\/posts"}],"about":[{"href":"https:\/\/www.hoymercedes.com.ar\/principal\/wp-json\/wp\/v2\/types\/post"}],"author":[{"embeddable":true,"href":"https:\/\/www.hoymercedes.com.ar\/principal\/wp-json\/wp\/v2\/users\/1"}],"replies":[{"embeddable":true,"href":"https:\/\/www.hoymercedes.com.ar\/principal\/wp-json\/wp\/v2\/comments?post=21565"}],"version-history":[{"count":0,"href":"https:\/\/www.hoymercedes.com.ar\/principal\/wp-json\/wp\/v2\/posts\/21565\/revisions"}],"wp:attachment":[{"href":"https:\/\/www.hoymercedes.com.ar\/principal\/wp-json\/wp\/v2\/media?parent=21565"}],"wp:term":[{"taxonomy":"category","embeddable":true,"href":"https:\/\/www.hoymercedes.com.ar\/principal\/wp-json\/wp\/v2\/categories?post=21565"},{"taxonomy":"post_tag","embeddable":true,"href":"https:\/\/www.hoymercedes.com.ar\/principal\/wp-json\/wp\/v2\/tags?post=21565"}],"curies":[{"name":"wp","href":"https:\/\/api.w.org\/{rel}","templated":true}]}}