{"id":21570,"date":"2013-04-15T15:58:20","date_gmt":"2013-04-15T15:58:20","guid":{"rendered":"http:\/\/www.hoymercedes.com.ar\/principal\/?p=21570"},"modified":"2013-04-15T16:04:39","modified_gmt":"2013-04-15T16:04:39","slug":"beteterbide-renuncio-a-la-conduccion-del-pami-mercedes","status":"publish","type":"post","link":"https:\/\/www.hoymercedes.com.ar\/principal\/2013\/04\/15\/beteterbide-renuncio-a-la-conduccion-del-pami-mercedes\/","title":{"rendered":"Bereterbide renunci\u00f3 a la conducci\u00f3n del PAMI Mercedes"},"content":{"rendered":"<p><em><strong>El hasta el viernes m\u00e1ximo responsable de la agencia local del PAMI present\u00f3 su renuncia entendiendo su labor est\u00e1 cumplida cerrando un ciclo con saldo positivo.<\/strong><\/em><\/p>\n<p>La noticia que a muchos sorprendi\u00f3 se conoci\u00f3 con mayor certeza el fin de semana. Se trata de Santiago Bereterbide que desde el 2012 conduc\u00eda PAMI Mercedes.<\/p>\n<p>Bereterbide consider\u00f3 que logr\u00f3 mejorar las prestaciones, los servicios y las atenciones a los afiliados y que por cuestiones de gesti\u00f3n y personales la mejor decisi\u00f3n era dar un paso al costado y crear el lugar para una nueva conducci\u00f3n a la vez que confirma nada lo aleja de su participaci\u00f3n en el Frente Mercedino para la Victoria.<\/p>\n<p>Por el momento no hay nombres como posibles responsables.<\/p>\n<p>&nbsp;<\/p>\n","protected":false},"excerpt":{"rendered":"<p>El hasta el viernes m\u00e1ximo responsable de la agencia local del PAMI present\u00f3 su renuncia entendiendo su labor est\u00e1 cumplida &#8230; <a title=\"Bereterbide renunci\u00f3 a la conducci\u00f3n del PAMI Mercedes\" class=\"read-more\" href=\"https:\/\/www.hoymercedes.com.ar\/principal\/2013\/04\/15\/beteterbide-renuncio-a-la-conduccion-del-pami-mercedes\/\" aria-label=\"Leer m\u00e1s sobre Bereterbide renunci\u00f3 a la conducci\u00f3n del PAMI Mercedes\">Leer m\u00e1s<\/a><\/p>\n","protected":false},"author":1,"featured_media":0,"comment_status":"open","ping_status":"open","sticky":false,"template":"","format":"standard","meta":{"_monsterinsights_skip_tracking":false,"_monsterinsights_sitenote_active":false,"_monsterinsights_sitenote_note":"","_monsterinsights_sitenote_category":0,"jetpack_post_was_ever_published":false,"_jetpack_newsletter_access":"","_jetpack_dont_email_post_to_subs":false,"_jetpack_newsletter_tier_id":0,"_jetpack_memberships_contains_paywalled_content":false,"_jetpack_memberships_contains_paid_content":false,"footnotes":"","jetpack_publicize_message":"","jetpack_publicize_feature_enabled":true,"jetpack_social_post_already_shared":false,"jetpack_social_options":{"image_generator_settings":{"template":"highway","default_image_id":0,"font":"","enabled":false},"version":2},"_wpas_customize_per_network":false},"categories":[8],"tags":[500,2520],"class_list":["post-21570","post","type-post","status-publish","format-standard","hentry","category-sociedad","tag-pami-mercedes","tag-santiago-bereterbide","generate-columns","tablet-grid-50","mobile-grid-100","grid-parent","grid-50"],"jetpack_publicize_connections":[],"jetpack_featured_media_url":"","wps_subtitle":"","jetpack_sharing_enabled":true,"_links":{"self":[{"href":"https:\/\/www.hoymercedes.com.ar\/principal\/wp-json\/wp\/v2\/posts\/21570","targetHints":{"allow":["GET"]}}],"collection":[{"href":"https:\/\/www.hoymercedes.com.ar\/principal\/wp-json\/wp\/v2\/posts"}],"about":[{"href":"https:\/\/www.hoymercedes.com.ar\/principal\/wp-json\/wp\/v2\/types\/post"}],"author":[{"embeddable":true,"href":"https:\/\/www.hoymercedes.com.ar\/principal\/wp-json\/wp\/v2\/users\/1"}],"replies":[{"embeddable":true,"href":"https:\/\/www.hoymercedes.com.ar\/principal\/wp-json\/wp\/v2\/comments?post=21570"}],"version-history":[{"count":0,"href":"https:\/\/www.hoymercedes.com.ar\/principal\/wp-json\/wp\/v2\/posts\/21570\/revisions"}],"wp:attachment":[{"href":"https:\/\/www.hoymercedes.com.ar\/principal\/wp-json\/wp\/v2\/media?parent=21570"}],"wp:term":[{"taxonomy":"category","embeddable":true,"href":"https:\/\/www.hoymercedes.com.ar\/principal\/wp-json\/wp\/v2\/categories?post=21570"},{"taxonomy":"post_tag","embeddable":true,"href":"https:\/\/www.hoymercedes.com.ar\/principal\/wp-json\/wp\/v2\/tags?post=21570"}],"curies":[{"name":"wp","href":"https:\/\/api.w.org\/{rel}","templated":true}]}}