{"id":2161,"date":"2011-02-14T02:31:53","date_gmt":"2011-02-14T02:31:53","guid":{"rendered":"http:\/\/www.hoymercedes.com.ar\/principal\/?p=2161"},"modified":"2011-02-14T02:31:53","modified_gmt":"2011-02-14T02:31:53","slug":"alertan-sobre-problemas-en-determinadas-cooperativas-de-trabajo","status":"publish","type":"post","link":"https:\/\/www.hoymercedes.com.ar\/principal\/2011\/02\/14\/alertan-sobre-problemas-en-determinadas-cooperativas-de-trabajo\/","title":{"rendered":"Alertan sobre problemas en determinadas cooperativas de trabajo"},"content":{"rendered":"<figure id=\"attachment_2163\" aria-describedby=\"caption-attachment-2163\" style=\"width: 290px\" class=\"wp-caption alignleft\"><a href=\"https:\/\/www.hoymercedes.com.ar\/principal\/wp-content\/uploads\/2011\/02\/Galiani.jpg\"><img loading=\"lazy\" decoding=\"async\" data-attachment-id=\"2163\" data-permalink=\"https:\/\/www.hoymercedes.com.ar\/principal\/2011\/02\/14\/alertan-sobre-problemas-en-determinadas-cooperativas-de-trabajo\/galiani\/#main\" data-orig-file=\"https:\/\/www.hoymercedes.com.ar\/principal\/wp-content\/uploads\/2011\/02\/Galiani.jpg\" data-orig-size=\"300,225\" data-comments-opened=\"1\" data-image-meta=\"{&quot;aperture&quot;:&quot;2.8&quot;,&quot;credit&quot;:&quot;&quot;,&quot;camera&quot;:&quot;COOLPIX L10&quot;,&quot;caption&quot;:&quot;&quot;,&quot;created_timestamp&quot;:&quot;1297234324&quot;,&quot;copyright&quot;:&quot;Copyright 2006&quot;,&quot;focal_length&quot;:&quot;6.2&quot;,&quot;iso&quot;:&quot;64&quot;,&quot;shutter_speed&quot;:&quot;0.016666666666667&quot;,&quot;title&quot;:&quot;&quot;}\" data-image-title=\"Galiani\" data-image-description=\"\" data-image-caption=\"\" data-large-file=\"https:\/\/www.hoymercedes.com.ar\/principal\/wp-content\/uploads\/2011\/02\/Galiani.jpg\" class=\"size-full wp-image-2163\" title=\"Galiani\" src=\"https:\/\/www.hoymercedes.com.ar\/principal\/wp-content\/uploads\/2011\/02\/Galiani.jpg\" alt=\"\" width=\"300\" height=\"225\" \/><\/a><figcaption id=\"caption-attachment-2163\" class=\"wp-caption-text\">Mat\u00edas Galiani<\/figcaption><\/figure>\n<p style=\"text-align: justify;\">Durante una conferencia de prensa realizada en la Direcci\u00f3n de presa, Mat\u00edas Galiani, m\u00e1ximo responsable de la Unidad Ejecutora del Programa Argentina Trabaja que abarca a las diferentes Cooperativas que se formaron en Mercedes se refiri\u00f3 a ciertos inconvenientes que se han producido desde hace un tiempo a esta parte sosteniendo \u201clamentablemente nos fuimos encontrando con algunas anomal\u00edas que se formaron el a\u00f1o pasado que no entraron por el Municipio dentro del programa oficial que se llama Cooperativas Provinciales. Algo que nosotros sab\u00edamos que hab\u00eda ocurrido.<\/p>\n<p style=\"text-align: justify;\">Con el correr de las semanas nos fueron llegando a la Secretar\u00eda de Desarrollo Social una serie de denuncias sobre gente que se quedaba con las tarjetas de los dem\u00e1s, personas que no hac\u00edan trabajar a los beneficiarios y le ped\u00edan algo a cambio para que sigan cobrando y otras cosas por lo cual con toda esa documentaci\u00f3n cuando hizo su \u00faltima visita a Mercedes de la se\u00f1ora Ministro Alicia Kirchner elevamos todo a ella para que resuelva como corresponde que es lo que deb\u00edamos hacer.<\/p>\n<p style=\"text-align: justify;\">As\u00ed fue que como es normal en ella se ocupo r\u00e1pidamente\u00a0 y se puso manos en el asunto por lo cual ahora ya nos informaron que una de las tres cooperativas que en principio se hab\u00edan formado ya est\u00e1 pasando a la \u00f3rbita del Municipio, eso se le comenz\u00f3 a notificar a cada uno de los integrantes por correo, me estoy refiriendo a la Cooperativa Susana Pertierra, matr\u00edcula 37601 con 74 personas.<\/p>\n<p style=\"text-align: justify;\">El tiempo que tienen las cooperativas para adecuarse al ordenamiento municipal es hasta el mes de marzo y si no lo hacen lamentablemente se deber\u00e1 incluir a sus integrantes en la llamada planilla cero, la del presentimos con lo cual perder\u00e1n directamente el beneficio por no ir a trabajar. Se deben presentar en 47 y 26 poni\u00e9ndose a disposici\u00f3n de las autoridades de la Unidad Ejecutora.<\/p>\n<p style=\"text-align: justify;\">Vamos a colocar en nuestra Secretar\u00eda el listado con las personas involucradas porque la realidad indica que son muchos los que realmente no saben a qu\u00e9 Cooperativa pertenecen.<\/p>\n<p style=\"text-align: justify;\">\n<p style=\"text-align: justify;\">De cualquier manera de las 72 de la Cooperativa que cite ya hay m\u00e1s de veinte reubicadas en las que se manejan a trav\u00e9s del municipio.<\/p>\n<p style=\"text-align: justify;\">Pero ahora nos encontramos con otro tema, hay una persona, Gustavo Torriglia que est\u00e1 convocando a dichos beneficiarios, los cita a un galp\u00f3n de su propiedad que se encuentra en la calle 41 entre entre 24 y 26 n\u00famero 581en el cual por dicho de los vecinos tambi\u00e9n funciona la C\u00e1mpora de acuerdo a los dichos de los vecinos que manifiestan que desde dicho lugar salen hacia los actos pol\u00edticos a los que concurren.<\/p>\n<p style=\"text-align: justify;\">Gustavo Torriglia cuando se enter\u00f3 de las notificaciones que se estaban haciendo desde la provincia comenz\u00f3 a citar a las personas involucradas a trav\u00e9s de un papel que pudo haber sido hecho en cualquier computadora, cuya copia tengo porque la entreg\u00f3 uno d ellos trabajadores que ya se present\u00f3 y se encuentra trabajando con nosotros.<\/p>\n<p style=\"text-align: justify;\">Lo real es que se est\u00e1\u00a0 enga\u00f1ando a la gente y por eso desde el Ministerio de Trabajo de la provincia se est\u00e1 notificando a dichas personas envi\u00e1ndolas a nuestra sede 26 y 47 para que se pongan a disposici\u00f3n de la Unidad Ejecutora realmente autorizada as\u00ed que les pido que no se dejen enga\u00f1ar y si alguna personas les pidi\u00f3 la tarjeta vayan al banco y hagan la denuncia correspondiente porque este sistema funciona como cualquier otro sistema de p\u00e9rdida de tarjeta, igual se puede seguir cobrando desde ventanilla.<\/p>\n<p style=\"text-align: justify;\">Esperamos hasta marzo para formalizar las acciones contra las restantes cooperativas porque en las notificaciones que la gente est\u00e1 recibiendo por correo se le dice que tienen hasta dicho mes para presentarse<\/p>\n<p style=\"text-align: justify;\">y como no queremos que se juegue con la gente es que despu\u00e9s de consultar en el Ministerio donde nos respondieron que se trataba de una comunicaci\u00f3n de la propia Ministro en persona es que esperaremos hasta mediados del mes mencionado para actuar en consecuencia\u201d<\/p>\n","protected":false},"excerpt":{"rendered":"<p>Durante una conferencia de prensa realizada en la Direcci\u00f3n de presa, Mat\u00edas Galiani, m\u00e1ximo responsable de la Unidad Ejecutora del &#8230; <a title=\"Alertan sobre problemas en determinadas cooperativas de trabajo\" class=\"read-more\" href=\"https:\/\/www.hoymercedes.com.ar\/principal\/2011\/02\/14\/alertan-sobre-problemas-en-determinadas-cooperativas-de-trabajo\/\" aria-label=\"Leer m\u00e1s sobre Alertan sobre problemas en determinadas cooperativas de trabajo\">Leer m\u00e1s<\/a><\/p>\n","protected":false},"author":1,"featured_media":0,"comment_status":"open","ping_status":"open","sticky":false,"template":"","format":"standard","meta":{"_monsterinsights_skip_tracking":false,"_monsterinsights_sitenote_active":false,"_monsterinsights_sitenote_note":"","_monsterinsights_sitenote_category":0,"jetpack_post_was_ever_published":false,"_jetpack_newsletter_access":"","_jetpack_dont_email_post_to_subs":false,"_jetpack_newsletter_tier_id":0,"_jetpack_memberships_contains_paywalled_content":false,"_jetpack_memberships_contains_paid_content":false,"footnotes":"","jetpack_publicize_message":"","jetpack_publicize_feature_enabled":true,"jetpack_social_post_already_shared":false,"jetpack_social_options":{"image_generator_settings":{"template":"highway","default_image_id":0,"font":"","enabled":false},"version":2},"_wpas_customize_per_network":false},"categories":[5],"tags":[473],"class_list":["post-2161","post","type-post","status-publish","format-standard","hentry","category-politica","tag-cooperaticas","generate-columns","tablet-grid-50","mobile-grid-100","grid-parent","grid-50"],"jetpack_publicize_connections":[],"jetpack_featured_media_url":"","wps_subtitle":"","jetpack_sharing_enabled":true,"_links":{"self":[{"href":"https:\/\/www.hoymercedes.com.ar\/principal\/wp-json\/wp\/v2\/posts\/2161","targetHints":{"allow":["GET"]}}],"collection":[{"href":"https:\/\/www.hoymercedes.com.ar\/principal\/wp-json\/wp\/v2\/posts"}],"about":[{"href":"https:\/\/www.hoymercedes.com.ar\/principal\/wp-json\/wp\/v2\/types\/post"}],"author":[{"embeddable":true,"href":"https:\/\/www.hoymercedes.com.ar\/principal\/wp-json\/wp\/v2\/users\/1"}],"replies":[{"embeddable":true,"href":"https:\/\/www.hoymercedes.com.ar\/principal\/wp-json\/wp\/v2\/comments?post=2161"}],"version-history":[{"count":0,"href":"https:\/\/www.hoymercedes.com.ar\/principal\/wp-json\/wp\/v2\/posts\/2161\/revisions"}],"wp:attachment":[{"href":"https:\/\/www.hoymercedes.com.ar\/principal\/wp-json\/wp\/v2\/media?parent=2161"}],"wp:term":[{"taxonomy":"category","embeddable":true,"href":"https:\/\/www.hoymercedes.com.ar\/principal\/wp-json\/wp\/v2\/categories?post=2161"},{"taxonomy":"post_tag","embeddable":true,"href":"https:\/\/www.hoymercedes.com.ar\/principal\/wp-json\/wp\/v2\/tags?post=2161"}],"curies":[{"name":"wp","href":"https:\/\/api.w.org\/{rel}","templated":true}]}}