{"id":21655,"date":"2013-04-17T21:31:10","date_gmt":"2013-04-17T21:31:10","guid":{"rendered":"http:\/\/www.hoymercedes.com.ar\/principal\/?p=21655"},"modified":"2013-04-17T21:38:13","modified_gmt":"2013-04-17T21:38:13","slug":"mas-de-10-toneladas-de-basura-procesaron-tras-fiesta-de-la-torta-frita","status":"publish","type":"post","link":"https:\/\/www.hoymercedes.com.ar\/principal\/2013\/04\/17\/mas-de-10-toneladas-de-basura-procesaron-tras-fiesta-de-la-torta-frita\/","title":{"rendered":"M\u00e1s de 10 toneladas de basura procesaron tras Fiesta de la Torta Frita"},"content":{"rendered":"<figure id=\"attachment_21657\" aria-describedby=\"caption-attachment-21657\" style=\"width: 610px\" class=\"wp-caption aligncenter\"><a href=\"https:\/\/www.hoymercedes.com.ar\/principal\/wp-content\/uploads\/2013\/04\/IMG-20130417-00013.jpg\"><img loading=\"lazy\" decoding=\"async\" data-attachment-id=\"21657\" data-permalink=\"https:\/\/www.hoymercedes.com.ar\/principal\/2013\/04\/17\/mas-de-10-toneladas-de-basura-procesaron-tras-fiesta-de-la-torta-frita\/img-20130417-00013\/#main\" data-orig-file=\"https:\/\/www.hoymercedes.com.ar\/principal\/wp-content\/uploads\/2013\/04\/IMG-20130417-00013.jpg\" data-orig-size=\"620,465\" data-comments-opened=\"1\" data-image-meta=\"{&quot;aperture&quot;:&quot;0&quot;,&quot;credit&quot;:&quot;&quot;,&quot;camera&quot;:&quot;BlackBerry 9300&quot;,&quot;caption&quot;:&quot;&quot;,&quot;created_timestamp&quot;:&quot;0&quot;,&quot;copyright&quot;:&quot;&quot;,&quot;focal_length&quot;:&quot;0&quot;,&quot;iso&quot;:&quot;0&quot;,&quot;shutter_speed&quot;:&quot;0&quot;,&quot;title&quot;:&quot;&quot;}\" data-image-title=\"Parque Municipal\" data-image-description=\"\" data-image-caption=\"&lt;p&gt;Parque Municipal&lt;\/p&gt;\n\" data-large-file=\"https:\/\/www.hoymercedes.com.ar\/principal\/wp-content\/uploads\/2013\/04\/IMG-20130417-00013.jpg\" class=\"size-full wp-image-21657\" alt=\"Parque Municipal\" src=\"https:\/\/www.hoymercedes.com.ar\/principal\/wp-content\/uploads\/2013\/04\/IMG-20130417-00013.jpg\" width=\"620\" height=\"465\" \/><\/a><figcaption id=\"caption-attachment-21657\" class=\"wp-caption-text\">Parque Municipal<\/figcaption><\/figure>\n<p><em><strong>Varias toneladas de basura fueron removidas y procesadas tras la fiesta de la Torta Frita. La acci\u00f3n fue llevada a cabo por el\u00a0municipio\u00a0con el objetivo que el lunes, a mediod\u00eda, est\u00e9 el predio en condiciones para que todos los mercedinos puedan disfrutar del mismo tal como cotidianamente lo hacen.\u00a0<\/strong><\/em><\/p>\n<p><em><strong><\/strong><\/em>Tras la fiesta el personal trabaj\u00f3 ampliamente y cubriendo la totalidad del predio, de 54 hect\u00e1reas, limpiando y poniendo en orden los que dej\u00f3 una de las fiestas m\u00e1s grandes que vivi\u00f3 nuestro Parque, sostuvieron desde el\u00a0Municipio.<\/p>\n<p>Antes del mediod\u00eda del lunes se hab\u00edan limpiado m\u00e1s de diez toneladas en m\u00e1s de cinco camiones de la basura y residuos varios que quedaron. Alrededor de quince trabajadores estuvieron desde primera hora y finalizaron cuando no quedaban elementos. El parque, es importante recordar, sufri\u00f3 entre octubre y diciembre del 2013 siete inundaciones que le fueron perjudicando en todos los sentidos.<\/p>\n<p>\u201cEl proceso de recuperaci\u00f3n y mejoras es de mediano plazo y se trabaja en ese sentido\u201d afirmaron los responsables del \u00e1rea.<\/p>\n<p>Ya se hab\u00edan visto mejoras cuando se repar\u00f3 la pileta del parque para las vacaciones de verano y ahora, en la Fiesta de la Torta Frita, qued\u00f3 m\u00e1s claro el gran trabajo que requiere sostenerlo en las mejores condiciones.<\/p>\n<p><i>\u201cLa Fiesta cont\u00f3 con una participaci\u00f3n multitudinaria y, como era de esperar, requiri\u00f3 una fuerte tarea de puesta en condiciones para que los mercedinos puedan el mismo lunes disfrutar del predio caminando, usando las plazas, haciendo deportes\u201d,<\/i> sostuvieron desde la Direcci\u00f3n de Turismo.<\/p>\n<p>A su vez se aclar\u00f3 que la basura recibi\u00f3 el correcto tratamiento de separaci\u00f3n y clasificaci\u00f3n tal como se viene promoviendo desde esferas oficiales<\/p>\n<p>&nbsp;<\/p>\n","protected":false},"excerpt":{"rendered":"<p>Varias toneladas de basura fueron removidas y procesadas tras la fiesta de la Torta Frita. La acci\u00f3n fue llevada a &#8230; <a title=\"M\u00e1s de 10 toneladas de basura procesaron tras Fiesta de la Torta Frita\" class=\"read-more\" href=\"https:\/\/www.hoymercedes.com.ar\/principal\/2013\/04\/17\/mas-de-10-toneladas-de-basura-procesaron-tras-fiesta-de-la-torta-frita\/\" aria-label=\"Leer m\u00e1s sobre M\u00e1s de 10 toneladas de basura procesaron tras Fiesta de la Torta Frita\">Leer m\u00e1s<\/a><\/p>\n","protected":false},"author":1,"featured_media":0,"comment_status":"open","ping_status":"open","sticky":false,"template":"","format":"standard","meta":{"_monsterinsights_skip_tracking":false,"_monsterinsights_sitenote_active":false,"_monsterinsights_sitenote_note":"","_monsterinsights_sitenote_category":0,"jetpack_post_was_ever_published":false,"_jetpack_newsletter_access":"","_jetpack_dont_email_post_to_subs":false,"_jetpack_newsletter_tier_id":0,"_jetpack_memberships_contains_paywalled_content":false,"_jetpack_memberships_contains_paid_content":false,"footnotes":"","jetpack_publicize_message":"","jetpack_publicize_feature_enabled":true,"jetpack_social_post_already_shared":false,"jetpack_social_options":{"image_generator_settings":{"template":"highway","default_image_id":0,"font":"","enabled":false},"version":2},"_wpas_customize_per_network":false},"categories":[30],"tags":[1256],"class_list":["post-21655","post","type-post","status-publish","format-standard","hentry","category-municipio","tag-parque-municipal-independencia","generate-columns","tablet-grid-50","mobile-grid-100","grid-parent","grid-50"],"jetpack_publicize_connections":[],"jetpack_featured_media_url":"","wps_subtitle":"","jetpack_sharing_enabled":true,"_links":{"self":[{"href":"https:\/\/www.hoymercedes.com.ar\/principal\/wp-json\/wp\/v2\/posts\/21655","targetHints":{"allow":["GET"]}}],"collection":[{"href":"https:\/\/www.hoymercedes.com.ar\/principal\/wp-json\/wp\/v2\/posts"}],"about":[{"href":"https:\/\/www.hoymercedes.com.ar\/principal\/wp-json\/wp\/v2\/types\/post"}],"author":[{"embeddable":true,"href":"https:\/\/www.hoymercedes.com.ar\/principal\/wp-json\/wp\/v2\/users\/1"}],"replies":[{"embeddable":true,"href":"https:\/\/www.hoymercedes.com.ar\/principal\/wp-json\/wp\/v2\/comments?post=21655"}],"version-history":[{"count":0,"href":"https:\/\/www.hoymercedes.com.ar\/principal\/wp-json\/wp\/v2\/posts\/21655\/revisions"}],"wp:attachment":[{"href":"https:\/\/www.hoymercedes.com.ar\/principal\/wp-json\/wp\/v2\/media?parent=21655"}],"wp:term":[{"taxonomy":"category","embeddable":true,"href":"https:\/\/www.hoymercedes.com.ar\/principal\/wp-json\/wp\/v2\/categories?post=21655"},{"taxonomy":"post_tag","embeddable":true,"href":"https:\/\/www.hoymercedes.com.ar\/principal\/wp-json\/wp\/v2\/tags?post=21655"}],"curies":[{"name":"wp","href":"https:\/\/api.w.org\/{rel}","templated":true}]}}