{"id":21674,"date":"2013-04-18T01:36:16","date_gmt":"2013-04-18T01:36:16","guid":{"rendered":"http:\/\/www.hoymercedes.com.ar\/principal\/?p=21674"},"modified":"2013-04-18T02:27:23","modified_gmt":"2013-04-18T02:27:23","slug":"massa-podria-lanzarse-como-candidato-a-diputado-en-mercedes","status":"publish","type":"post","link":"https:\/\/www.hoymercedes.com.ar\/principal\/2013\/04\/18\/massa-podria-lanzarse-como-candidato-a-diputado-en-mercedes\/","title":{"rendered":"Massa \u00bfpodr\u00eda lanzarse como candidato a Diputado en Mercedes?"},"content":{"rendered":"<figure id=\"attachment_21676\" aria-describedby=\"caption-attachment-21676\" style=\"width: 610px\" class=\"wp-caption aligncenter\"><a href=\"https:\/\/www.hoymercedes.com.ar\/principal\/wp-content\/uploads\/2013\/04\/Massa-SelvaConducci\u00f3n-I2013.jpg\"><img loading=\"lazy\" decoding=\"async\" data-attachment-id=\"21676\" data-permalink=\"https:\/\/www.hoymercedes.com.ar\/principal\/2013\/04\/18\/massa-podria-lanzarse-como-candidato-a-diputado-en-mercedes\/massa-selvaconduccion-i2013\/#main\" data-orig-file=\"https:\/\/www.hoymercedes.com.ar\/principal\/wp-content\/uploads\/2013\/04\/Massa-SelvaConducci\u00f3n-I2013.jpg\" data-orig-size=\"620,466\" data-comments-opened=\"1\" data-image-meta=\"{&quot;aperture&quot;:&quot;2.6&quot;,&quot;credit&quot;:&quot;&quot;,&quot;camera&quot;:&quot;GT-B5510L&quot;,&quot;caption&quot;:&quot;&quot;,&quot;created_timestamp&quot;:&quot;1357630795&quot;,&quot;copyright&quot;:&quot;&quot;,&quot;focal_length&quot;:&quot;2.79&quot;,&quot;iso&quot;:&quot;50&quot;,&quot;shutter_speed&quot;:&quot;0.0125&quot;,&quot;title&quot;:&quot;&quot;}\" data-image-title=\"Massa-SelvaConducci\u00f3n-I2013\" data-image-description=\"\" data-image-caption=\"&lt;p&gt;Massa &amp;#8211; Selva conducci\u00f3n&lt;\/p&gt;\n\" data-large-file=\"https:\/\/www.hoymercedes.com.ar\/principal\/wp-content\/uploads\/2013\/04\/Massa-SelvaConducci\u00f3n-I2013.jpg\" class=\"size-full wp-image-21676\" alt=\"Massa - Selva conducci\u00f3n\" src=\"https:\/\/www.hoymercedes.com.ar\/principal\/wp-content\/uploads\/2013\/04\/Massa-SelvaConducci\u00f3n-I2013.jpg\" width=\"620\" height=\"466\" \/><\/a><figcaption id=\"caption-attachment-21676\" class=\"wp-caption-text\">Massa &#8211; Selva conducci\u00f3n<\/figcaption><\/figure>\n<p><em><strong>Seg\u00fan las versiones que se profundizaron en los \u00faltimos d\u00edas y que los militantes ya conocen por boca del propio primer mandatario, el selvismo podr\u00eda ser el encargado de hacer la presentaci\u00f3n nacional de lo que ser\u00eda Massa Diputado 2013. Si bien ello no implica la presencia del candidato en la ciudad, tendr\u00edan la posibilidad de dar el primer paso de la campa\u00f1a formal.<\/strong><\/em><\/p>\n<p>La noticia era plena especulaci\u00f3n, pero, a medida que avanzan los d\u00edas y se acortan los plazos para las primarias (si se realizan, pues se podr\u00edan suspender por \u00fanica vez \u2013 ampliaremos-) se empieza a confirmar. La militancia selvista ser\u00e1 anfitriona de otros militantes as\u00ed que se espera un lanzamiento con una buena organizaci\u00f3n y participaci\u00f3n y muy posiblemente dirigentes que den su apoyo, aunque no conlleva ello a que Massa venga pues habr\u00eda otro gran acto para mediados de mayo donde s\u00ed estar\u00eda el intendente de Tigre..<\/p>\n<p>Massa estar\u00eda de esa manera generando uno de los momentos pol\u00edticos m\u00e1s esperados y confirmando el cercano rol que tiene el intendente Carlos Selva con el actual dirigente e intendente de Tigre ya que tirar\u00edan desde nuestra ciudad una expresi\u00f3n de lo que el futuro podr\u00eda dar.<\/p>\n<p>La fecha ser\u00eda el pr\u00f3ximo 26 de abril.<\/p>\n<p><strong>Cruces<\/strong><\/p>\n<p>La noticia se confirma en un d\u00eda donde entre el Sciolismo y el Massismo hubo fuert\u00edsimos cruces medi\u00e1ticos y donde el mismo Massa acus\u00f3 a la gesti\u00f3n Scioli de cobrar en forma diferenciada e injusta los impuestos en la Provincia. Puede ser para las c\u00e1maras sostienen algunos, aunque, otros, ya piensan que podr\u00edan darse verdaderos chispazos. Una tercera posici\u00f3n, cercana a la primera, ve ac\u00e1 un tire y afloje que busca posicionar una alianza futura. La cuarta visi\u00f3n es que se dar\u00eda todo por caminos fuera del cristinismo, pero, quienes vayan m\u00e1s abajo terminar\u00e1n siendo funcionales al Frente para la Victoria con el objetivo de controlar las c\u00e1maras y construir pensando en el 2015. La novela es como esos libros donde, a pocas p\u00e1ginas de terminarlo, no se logra otear el final.<\/p>\n","protected":false},"excerpt":{"rendered":"<p>Seg\u00fan las versiones que se profundizaron en los \u00faltimos d\u00edas y que los militantes ya conocen por boca del propio &#8230; <a title=\"Massa \u00bfpodr\u00eda lanzarse como candidato a Diputado en Mercedes?\" class=\"read-more\" href=\"https:\/\/www.hoymercedes.com.ar\/principal\/2013\/04\/18\/massa-podria-lanzarse-como-candidato-a-diputado-en-mercedes\/\" aria-label=\"Leer m\u00e1s sobre Massa \u00bfpodr\u00eda lanzarse como candidato a Diputado en Mercedes?\">Leer m\u00e1s<\/a><\/p>\n","protected":false},"author":1,"featured_media":0,"comment_status":"open","ping_status":"open","sticky":false,"template":"","format":"standard","meta":{"_monsterinsights_skip_tracking":false,"_monsterinsights_sitenote_active":false,"_monsterinsights_sitenote_note":"","_monsterinsights_sitenote_category":0,"jetpack_post_was_ever_published":false,"_jetpack_newsletter_access":"","_jetpack_dont_email_post_to_subs":false,"_jetpack_newsletter_tier_id":0,"_jetpack_memberships_contains_paywalled_content":false,"_jetpack_memberships_contains_paid_content":false,"footnotes":"","jetpack_publicize_message":"","jetpack_publicize_feature_enabled":true,"jetpack_social_post_already_shared":false,"jetpack_social_options":{"image_generator_settings":{"template":"highway","default_image_id":0,"font":"","enabled":false},"version":2},"_wpas_customize_per_network":false},"categories":[5],"tags":[552,3226,18],"class_list":["post-21674","post","type-post","status-publish","format-standard","hentry","category-politica","tag-agrupacion-17-de-octubre","tag-massa","tag-selva","generate-columns","tablet-grid-50","mobile-grid-100","grid-parent","grid-50"],"jetpack_publicize_connections":[],"jetpack_featured_media_url":"","wps_subtitle":"","jetpack_sharing_enabled":true,"_links":{"self":[{"href":"https:\/\/www.hoymercedes.com.ar\/principal\/wp-json\/wp\/v2\/posts\/21674","targetHints":{"allow":["GET"]}}],"collection":[{"href":"https:\/\/www.hoymercedes.com.ar\/principal\/wp-json\/wp\/v2\/posts"}],"about":[{"href":"https:\/\/www.hoymercedes.com.ar\/principal\/wp-json\/wp\/v2\/types\/post"}],"author":[{"embeddable":true,"href":"https:\/\/www.hoymercedes.com.ar\/principal\/wp-json\/wp\/v2\/users\/1"}],"replies":[{"embeddable":true,"href":"https:\/\/www.hoymercedes.com.ar\/principal\/wp-json\/wp\/v2\/comments?post=21674"}],"version-history":[{"count":0,"href":"https:\/\/www.hoymercedes.com.ar\/principal\/wp-json\/wp\/v2\/posts\/21674\/revisions"}],"wp:attachment":[{"href":"https:\/\/www.hoymercedes.com.ar\/principal\/wp-json\/wp\/v2\/media?parent=21674"}],"wp:term":[{"taxonomy":"category","embeddable":true,"href":"https:\/\/www.hoymercedes.com.ar\/principal\/wp-json\/wp\/v2\/categories?post=21674"},{"taxonomy":"post_tag","embeddable":true,"href":"https:\/\/www.hoymercedes.com.ar\/principal\/wp-json\/wp\/v2\/tags?post=21674"}],"curies":[{"name":"wp","href":"https:\/\/api.w.org\/{rel}","templated":true}]}}