{"id":21715,"date":"2013-04-19T02:39:30","date_gmt":"2013-04-19T02:39:30","guid":{"rendered":"http:\/\/www.hoymercedes.com.ar\/principal\/?p=21715"},"modified":"2013-04-19T02:39:52","modified_gmt":"2013-04-19T02:39:52","slug":"el-mic-comenzo-el-ano-afiliando-y-con-varios-proyectos","status":"publish","type":"post","link":"https:\/\/www.hoymercedes.com.ar\/principal\/2013\/04\/19\/el-mic-comenzo-el-ano-afiliando-y-con-varios-proyectos\/","title":{"rendered":"El MIC comenz\u00f3 el a\u00f1o afiliando y con varios proyectos"},"content":{"rendered":"<figure id=\"attachment_21717\" aria-describedby=\"caption-attachment-21717\" style=\"width: 610px\" class=\"wp-caption aligncenter\"><a href=\"https:\/\/www.hoymercedes.com.ar\/principal\/wp-content\/uploads\/2013\/04\/JoseCestari-MicMercedes.jpg\"><img loading=\"lazy\" decoding=\"async\" data-attachment-id=\"21717\" data-permalink=\"https:\/\/www.hoymercedes.com.ar\/principal\/2013\/04\/19\/el-mic-comenzo-el-ano-afiliando-y-con-varios-proyectos\/josecestari-micmercedes\/#main\" data-orig-file=\"https:\/\/www.hoymercedes.com.ar\/principal\/wp-content\/uploads\/2013\/04\/JoseCestari-MicMercedes.jpg\" data-orig-size=\"620,413\" data-comments-opened=\"1\" data-image-meta=\"{&quot;aperture&quot;:&quot;4.5&quot;,&quot;credit&quot;:&quot;&quot;,&quot;camera&quot;:&quot;NIKON D90&quot;,&quot;caption&quot;:&quot;&quot;,&quot;created_timestamp&quot;:&quot;1289562676&quot;,&quot;copyright&quot;:&quot;Paula Soruco Fotograf\\u00eda&quot;,&quot;focal_length&quot;:&quot;35&quot;,&quot;iso&quot;:&quot;200&quot;,&quot;shutter_speed&quot;:&quot;0.033333333333333&quot;,&quot;title&quot;:&quot;&quot;}\" data-image-title=\"JoseCestari-MicMercedes\" data-image-description=\"\" data-image-caption=\"&lt;p&gt;Jos\u00e9 Cestari&lt;\/p&gt;\n\" data-large-file=\"https:\/\/www.hoymercedes.com.ar\/principal\/wp-content\/uploads\/2013\/04\/JoseCestari-MicMercedes.jpg\" class=\"size-full wp-image-21717\" alt=\"Jos\u00e9 Cestari \" src=\"https:\/\/www.hoymercedes.com.ar\/principal\/wp-content\/uploads\/2013\/04\/JoseCestari-MicMercedes.jpg\" width=\"620\" height=\"413\" \/><\/a><figcaption id=\"caption-attachment-21717\" class=\"wp-caption-text\">Jos\u00e9 Cestari<\/figcaption><\/figure>\n<p><strong>Por Semanario D\u00e9cadas <\/strong><\/p>\n<p><em><strong>El MIC comenz\u00f3 el a\u00f1o de sesiones presentando varios proyectos. Como el a\u00f1o anterior fue uno de los bloques que m\u00e1s proyectos ha presentado, el 2013 parece encaminarse hacia el mismo lugar, claro ejemplo del compromiso asumido por el Concejal Cestari.<\/strong><\/em><\/p>\n<p>Si bien el MIC sigue sumando afiliados para poder presentarse como un partido pol\u00edtico en las pr\u00f3ximas elecciones, tambi\u00e9n es cierto que no dejan de trabajar para los vecinos y recorren los barrios y distintos puntos de la ciudad, tratando de llevar soluciones a los habitantes, es as\u00ed que se detuvieron en la calle 20 esquina 17 y comprobaron ellos mismos la suciedad que all\u00ed se produce, es por ello que presentaron un proyecto que est\u00e1 relacionado con el edificio que se encuentra en dicha intersecci\u00f3n, donde le preocupa al MIC el estado de abandono y la cantidad de cartelera que all\u00ed se coloca d\u00eda tras d\u00edas. En este sentido promueve un proyecto para ver si los propietarios est\u00e1n al tanto de lo que all\u00ed se promociona con los debidos carteles, si ellos autorizaron. Adem\u00e1s propone intimar a sus propietarios para que mantengan limpia las veredas. No obstante ello hacen llegar su inquietud para que el \u00e1rea que corresponda limpie la boca de tormenta situada en dicha intersecci\u00f3n.<\/p>\n<p>En otro \u00e1mbito solicita por medio de un proyecto que la biblioteca Popular Domingo Faustino Sarmiento cuente con un bibliotecario para la atenci\u00f3n al p\u00fablico, entendiendo que tiene muchos a\u00f1os de trayectoria y all\u00ed se cultivaron miles de mercedinos.<\/p>\n<p>&#8211; Semanario D\u00e9cadas sale cada s\u00e1bado.<\/p>\n","protected":false},"excerpt":{"rendered":"<p>Por Semanario D\u00e9cadas El MIC comenz\u00f3 el a\u00f1o de sesiones presentando varios proyectos. Como el a\u00f1o anterior fue uno de &#8230; <a title=\"El MIC comenz\u00f3 el a\u00f1o afiliando y con varios proyectos\" class=\"read-more\" href=\"https:\/\/www.hoymercedes.com.ar\/principal\/2013\/04\/19\/el-mic-comenzo-el-ano-afiliando-y-con-varios-proyectos\/\" aria-label=\"Leer m\u00e1s sobre El MIC comenz\u00f3 el a\u00f1o afiliando y con varios proyectos\">Leer m\u00e1s<\/a><\/p>\n","protected":false},"author":1,"featured_media":0,"comment_status":"open","ping_status":"open","sticky":false,"template":"","format":"standard","meta":{"_monsterinsights_skip_tracking":false,"_monsterinsights_sitenote_active":false,"_monsterinsights_sitenote_note":"","_monsterinsights_sitenote_category":0,"jetpack_post_was_ever_published":false,"_jetpack_newsletter_access":"","_jetpack_dont_email_post_to_subs":false,"_jetpack_newsletter_tier_id":0,"_jetpack_memberships_contains_paywalled_content":false,"_jetpack_memberships_contains_paid_content":false,"footnotes":"","jetpack_publicize_message":"","jetpack_publicize_feature_enabled":true,"jetpack_social_post_already_shared":false,"jetpack_social_options":{"image_generator_settings":{"template":"highway","default_image_id":0,"font":"","enabled":false},"version":2},"_wpas_customize_per_network":false},"categories":[5],"tags":[321],"class_list":["post-21715","post","type-post","status-publish","format-standard","hentry","category-politica","tag-jose-cestari","generate-columns","tablet-grid-50","mobile-grid-100","grid-parent","grid-50"],"jetpack_publicize_connections":[],"jetpack_featured_media_url":"","wps_subtitle":"","jetpack_sharing_enabled":true,"_links":{"self":[{"href":"https:\/\/www.hoymercedes.com.ar\/principal\/wp-json\/wp\/v2\/posts\/21715","targetHints":{"allow":["GET"]}}],"collection":[{"href":"https:\/\/www.hoymercedes.com.ar\/principal\/wp-json\/wp\/v2\/posts"}],"about":[{"href":"https:\/\/www.hoymercedes.com.ar\/principal\/wp-json\/wp\/v2\/types\/post"}],"author":[{"embeddable":true,"href":"https:\/\/www.hoymercedes.com.ar\/principal\/wp-json\/wp\/v2\/users\/1"}],"replies":[{"embeddable":true,"href":"https:\/\/www.hoymercedes.com.ar\/principal\/wp-json\/wp\/v2\/comments?post=21715"}],"version-history":[{"count":0,"href":"https:\/\/www.hoymercedes.com.ar\/principal\/wp-json\/wp\/v2\/posts\/21715\/revisions"}],"wp:attachment":[{"href":"https:\/\/www.hoymercedes.com.ar\/principal\/wp-json\/wp\/v2\/media?parent=21715"}],"wp:term":[{"taxonomy":"category","embeddable":true,"href":"https:\/\/www.hoymercedes.com.ar\/principal\/wp-json\/wp\/v2\/categories?post=21715"},{"taxonomy":"post_tag","embeddable":true,"href":"https:\/\/www.hoymercedes.com.ar\/principal\/wp-json\/wp\/v2\/tags?post=21715"}],"curies":[{"name":"wp","href":"https:\/\/api.w.org\/{rel}","templated":true}]}}