{"id":21733,"date":"2013-04-19T22:37:30","date_gmt":"2013-04-19T22:37:30","guid":{"rendered":"http:\/\/www.hoymercedes.com.ar\/principal\/?p=21733"},"modified":"2013-04-19T23:09:41","modified_gmt":"2013-04-19T23:09:41","slug":"por-unanimidad-de-aprobaron-propuesta-de-alberto-espana-en-favor-de-los-inundados","status":"publish","type":"post","link":"https:\/\/www.hoymercedes.com.ar\/principal\/2013\/04\/19\/por-unanimidad-de-aprobaron-propuesta-de-alberto-espana-en-favor-de-los-inundados\/","title":{"rendered":"Por unanimidad se aprobaron propuestas de Alberto Espa\u00f1a en favor de los inundados"},"content":{"rendered":"<figure id=\"attachment_21735\" aria-describedby=\"caption-attachment-21735\" style=\"width: 610px\" class=\"wp-caption aligncenter\"><a href=\"https:\/\/www.hoymercedes.com.ar\/principal\/wp-content\/uploads\/2013\/04\/AlbertoEspa\u00f1a.jpg\"><img loading=\"lazy\" decoding=\"async\" data-attachment-id=\"21735\" data-permalink=\"https:\/\/www.hoymercedes.com.ar\/principal\/2013\/04\/19\/por-unanimidad-de-aprobaron-propuesta-de-alberto-espana-en-favor-de-los-inundados\/albertoespana\/#main\" data-orig-file=\"https:\/\/www.hoymercedes.com.ar\/principal\/wp-content\/uploads\/2013\/04\/AlbertoEspa\u00f1a.jpg\" data-orig-size=\"620,413\" data-comments-opened=\"1\" data-image-meta=\"{&quot;aperture&quot;:&quot;5.6&quot;,&quot;credit&quot;:&quot;&quot;,&quot;camera&quot;:&quot;NIKON D80&quot;,&quot;caption&quot;:&quot;&quot;,&quot;created_timestamp&quot;:&quot;1350585940&quot;,&quot;copyright&quot;:&quot;&quot;,&quot;focal_length&quot;:&quot;65&quot;,&quot;iso&quot;:&quot;1600&quot;,&quot;shutter_speed&quot;:&quot;0.02&quot;,&quot;title&quot;:&quot;&quot;}\" data-image-title=\"AlbertoEspa\u00f1a\" data-image-description=\"\" data-image-caption=\"&lt;p&gt;Diputado Alberto Espa\u00f1a&lt;\/p&gt;\n\" data-large-file=\"https:\/\/www.hoymercedes.com.ar\/principal\/wp-content\/uploads\/2013\/04\/AlbertoEspa\u00f1a.jpg\" class=\"size-full wp-image-21735\" alt=\"Diputado Alberto Espa\u00f1a\" src=\"https:\/\/www.hoymercedes.com.ar\/principal\/wp-content\/uploads\/2013\/04\/AlbertoEspa\u00f1a.jpg\" width=\"620\" height=\"413\" \/><\/a><figcaption id=\"caption-attachment-21735\" class=\"wp-caption-text\">Diputado Alberto Espa\u00f1a<\/figcaption><\/figure>\n<p><strong>Por Semanario D\u00e9cadas<\/strong><\/p>\n<p>Por unanimidad, la C\u00e1mara de Diputados de la Provincia de Buenos Aires acompa\u00f1\u00f3 esta noche dos proyectos de ley pertenecientes al legislador del Frente para la Victoria-Partido Justicialista Alberto Espa\u00f1a, que promueven beneficios para las familias afectadas por el temporal.<\/p>\n<p>La primera de las propuestas declara zona de desastre y en estado de emergencia social, econ\u00f3mica, sanitaria y urbana a los municipios de La Plata y otros, que resultaron afectados por el temporal del pasado 2 de abril. Asimismo, el proyecto establece beneficios impositivos para las familias residentes en esas zonas, como la exenci\u00f3n del pago del impuesto inmobiliario, de automotores, de sellos y del impuesto de Ingresos Brutos desde el reinicio de la actividad laboral y durante el plazo en que se encuentre en vigencia la Ley.<\/p>\n<p>Durante la sesi\u00f3n, el diputado Espa\u00f1a explic\u00f3 que \u201ctodas estas medidas que se van a implementar merecen, en honor a los miles de damnificados y a los millones de argentinos que se han solidarizados con sus vecinos, la responsabilidad como cuerpo de Estado ponernos en la piel en los zapatos y en el sufrimiento de los damnificados y trabajar en consecuencia\u201d.<\/p>\n<p>La segunda iniciativa que result\u00f3 aprobada permitir\u00e1 acceder en forma gratuita a un nuevo t\u00edtulo de propiedad a quienes hayan sufrido la destrucci\u00f3n o el extrav\u00edo de la escritura de su vivienda, que ser\u00e1n exceptuados del pago de todo tipo de tasas y aranceles.<\/p>\n<p>\u201cDesde el proyecto nacional venimos trabajando como lo hicimos el a\u00f1o pasado con el debate y la sanci\u00f3n de la ley de h\u00e1bitat y del PROCREAR, para llegar con m\u00e1s planificaci\u00f3n, prevenci\u00f3n y participaci\u00f3n del Estado en temas fundamentales como lo son la vivienda y el desarrollo del hogar familiar. Por eso, ahora ante este desastre, planteamos herramientas que si bien no resuelven el problema de los afectados, al menos logran acercar instrumentos legislativos que los benefician de manera concreta\u201d, esgrimi\u00f3 Espa\u00f1a.<\/p>\n<p>Para finalizar, el diputado reconoci\u00f3 \u201cla responsabilidad con que nuestra Presidenta se puso al hombro la situaci\u00f3n\u201d, y elogi\u00f3 que \u201chaya sido quien instrument\u00f3 todas las herramientas del gobierno nacional para apalear y ayudar en forma inmediata a todos los damnificados, y tambi\u00e9n es para nosotros un orgullo que, justamente, la sangre nueva, los j\u00f3venes, los adolescentes se volcaron a las calles organizados, con responsabilidad y con much\u00edsima alegr\u00eda de ir a ayudar al otro\u201d.<\/p>\n<p>Durante la sesi\u00f3n en que Diputados aprob\u00f3 los dos proyectos, el legislador kirchnerista indic\u00f3: \u201cTodas estas medidas que se van a implementar merecen, en honor a los miles de damnificados y a los millones de argentinos que se han solidarizados con sus vecinos, la responsabilidad como cuerpo de Estado de ponernos en la piel, en los zapatos y en el sufrimiento de los afectados y trabajar en consecuencia\u201d.<\/p>\n<p>\u201cDesde el proyecto nacional venimos trabajando como lo hicimos el a\u00f1o pasado con el debate y la sanci\u00f3n de la ley de h\u00e1bitat y del PROCREAR, para llegar con m\u00e1s planificaci\u00f3n, prevenci\u00f3n y participaci\u00f3n del Estado en temas fundamentales como lo son la vivienda y el desarrollo del hogar familiar. Por eso ahora, ante este desastre, planteamos herramientas que si bien no resuelven el problema de los afectados, al menos logran acercar instrumentos legislativos que los benefician de manera concreta\u201d, agreg\u00f3.<\/p>\n<p>Para finalizar, el diputado mercedino reconoci\u00f3 \u201ccon mucho agrado el hecho que nuestra Presidenta se haya puesto al hombro y haya sido ella la responsable de instrumentar y articular las herramientas del gobierno nacional para ayudar en forma inmediata a todos los damnificados, y tambi\u00e9n es para nosotros un orgullo que justamente la \u2018sangre nueva\u2019, los j\u00f3venes, los adolescentes, se hayan volcado organizados a las calles, con responsabilidad y con much\u00edsima alegr\u00eda de ir a ayudar al otro\u201d.<\/p>\n","protected":false},"excerpt":{"rendered":"<p>Por Semanario D\u00e9cadas Por unanimidad, la C\u00e1mara de Diputados de la Provincia de Buenos Aires acompa\u00f1\u00f3 esta noche dos proyectos &#8230; <a title=\"Por unanimidad se aprobaron propuestas de Alberto Espa\u00f1a en favor de los inundados\" class=\"read-more\" href=\"https:\/\/www.hoymercedes.com.ar\/principal\/2013\/04\/19\/por-unanimidad-de-aprobaron-propuesta-de-alberto-espana-en-favor-de-los-inundados\/\" aria-label=\"Leer m\u00e1s sobre Por unanimidad se aprobaron propuestas de Alberto Espa\u00f1a en favor de los inundados\">Leer m\u00e1s<\/a><\/p>\n","protected":false},"author":1,"featured_media":0,"comment_status":"open","ping_status":"open","sticky":false,"template":"","format":"standard","meta":{"_monsterinsights_skip_tracking":false,"_monsterinsights_sitenote_active":false,"_monsterinsights_sitenote_note":"","_monsterinsights_sitenote_category":0,"jetpack_post_was_ever_published":false,"_jetpack_newsletter_access":"","_jetpack_dont_email_post_to_subs":false,"_jetpack_newsletter_tier_id":0,"_jetpack_memberships_contains_paywalled_content":false,"_jetpack_memberships_contains_paid_content":false,"footnotes":"","jetpack_publicize_message":"","jetpack_publicize_feature_enabled":true,"jetpack_social_post_already_shared":true,"jetpack_social_options":{"image_generator_settings":{"template":"highway","default_image_id":0,"font":"","enabled":false},"version":2},"_wpas_customize_per_network":false},"categories":[5],"tags":[],"class_list":["post-21733","post","type-post","status-publish","format-standard","hentry","category-politica","generate-columns","tablet-grid-50","mobile-grid-100","grid-parent","grid-50"],"jetpack_publicize_connections":[],"jetpack_featured_media_url":"","wps_subtitle":"","jetpack_sharing_enabled":true,"_links":{"self":[{"href":"https:\/\/www.hoymercedes.com.ar\/principal\/wp-json\/wp\/v2\/posts\/21733","targetHints":{"allow":["GET"]}}],"collection":[{"href":"https:\/\/www.hoymercedes.com.ar\/principal\/wp-json\/wp\/v2\/posts"}],"about":[{"href":"https:\/\/www.hoymercedes.com.ar\/principal\/wp-json\/wp\/v2\/types\/post"}],"author":[{"embeddable":true,"href":"https:\/\/www.hoymercedes.com.ar\/principal\/wp-json\/wp\/v2\/users\/1"}],"replies":[{"embeddable":true,"href":"https:\/\/www.hoymercedes.com.ar\/principal\/wp-json\/wp\/v2\/comments?post=21733"}],"version-history":[{"count":0,"href":"https:\/\/www.hoymercedes.com.ar\/principal\/wp-json\/wp\/v2\/posts\/21733\/revisions"}],"wp:attachment":[{"href":"https:\/\/www.hoymercedes.com.ar\/principal\/wp-json\/wp\/v2\/media?parent=21733"}],"wp:term":[{"taxonomy":"category","embeddable":true,"href":"https:\/\/www.hoymercedes.com.ar\/principal\/wp-json\/wp\/v2\/categories?post=21733"},{"taxonomy":"post_tag","embeddable":true,"href":"https:\/\/www.hoymercedes.com.ar\/principal\/wp-json\/wp\/v2\/tags?post=21733"}],"curies":[{"name":"wp","href":"https:\/\/api.w.org\/{rel}","templated":true}]}}