{"id":21738,"date":"2013-04-19T23:06:19","date_gmt":"2013-04-19T23:06:19","guid":{"rendered":"http:\/\/www.hoymercedes.com.ar\/principal\/?p=21738"},"modified":"2013-04-19T23:06:19","modified_gmt":"2013-04-19T23:06:19","slug":"ustarroz-sobre-procrear-proponemos-que-se-use-el-sentido-comun-y-se-realice-el-dialogo-y-el-entendimiento","status":"publish","type":"post","link":"https:\/\/www.hoymercedes.com.ar\/principal\/2013\/04\/19\/ustarroz-sobre-procrear-proponemos-que-se-use-el-sentido-comun-y-se-realice-el-dialogo-y-el-entendimiento\/","title":{"rendered":"Ustarroz, sobre ProCreAr: \u00abproponemos que se use el sentido com\u00fan y se realice el di\u00e1logo y el entendimiento\u00bb"},"content":{"rendered":"<figure id=\"attachment_21740\" aria-describedby=\"caption-attachment-21740\" style=\"width: 610px\" class=\"wp-caption aligncenter\"><a href=\"https:\/\/www.hoymercedes.com.ar\/principal\/wp-content\/uploads\/2013\/04\/2013-04-19-11.20.52.jpg\"><img loading=\"lazy\" decoding=\"async\" data-attachment-id=\"21740\" data-permalink=\"https:\/\/www.hoymercedes.com.ar\/principal\/2013\/04\/19\/ustarroz-sobre-procrear-proponemos-que-se-use-el-sentido-comun-y-se-realice-el-dialogo-y-el-entendimiento\/2013-04-19-11-20-52\/#main\" data-orig-file=\"https:\/\/www.hoymercedes.com.ar\/principal\/wp-content\/uploads\/2013\/04\/2013-04-19-11.20.52.jpg\" data-orig-size=\"620,311\" data-comments-opened=\"1\" data-image-meta=\"{&quot;aperture&quot;:&quot;2.6&quot;,&quot;credit&quot;:&quot;&quot;,&quot;camera&quot;:&quot;GT-B5510L&quot;,&quot;caption&quot;:&quot;&quot;,&quot;created_timestamp&quot;:&quot;1366370452&quot;,&quot;copyright&quot;:&quot;&quot;,&quot;focal_length&quot;:&quot;2.79&quot;,&quot;iso&quot;:&quot;160&quot;,&quot;shutter_speed&quot;:&quot;0.090909090909091&quot;,&quot;title&quot;:&quot;&quot;}\" data-image-title=\"2013-04-19 11.20.52\" data-image-description=\"\" data-image-caption=\"&lt;p&gt;Ustarroz, L\u00f3pez y Cirillo&lt;\/p&gt;\n\" data-large-file=\"https:\/\/www.hoymercedes.com.ar\/principal\/wp-content\/uploads\/2013\/04\/2013-04-19-11.20.52.jpg\" class=\"size-full wp-image-21740\" alt=\"Ustarroz, L\u00f3pez y Cirillo\" src=\"https:\/\/www.hoymercedes.com.ar\/principal\/wp-content\/uploads\/2013\/04\/2013-04-19-11.20.52.jpg\" width=\"620\" height=\"311\" \/><\/a><figcaption id=\"caption-attachment-21740\" class=\"wp-caption-text\">Ustarroz, L\u00f3pez y Cirillo<\/figcaption><\/figure>\n<p><em><strong>Juan Ustarr\u00f3z, Juan Pablo L\u00f3pez \u00a0Baggioy Alberto Cirillo dieron una conferencia de prensa en la cual expusieron su visi\u00f3n de lo que se viene viviendo con el Plan ProCreAr. Explicaron los motivos por los cuales se present\u00f3 el terreno detr\u00e1s del hospital y no el sugerido por el intendente. Tambi\u00e9n las concesiones existentes, los plazos, la cuesti\u00f3n pol\u00edtica y las medidas potenciales. Una conferencia de prensa que tambi\u00e9n dio para el chispazo pol\u00edtico.<\/strong><\/em><\/p>\n<p>En una largu\u00edsima conferencia de prensa en la cual se proyectaron planos y muestras de c\u00f3mo Mercedes no est\u00e1 a\u00fan involucrada plenamente en el Programa ProCreAr.<\/p>\n<p>Ustarr\u00f3z sostuvo: <em>\u201cDesde el primer momento el intendente manifest\u00f3 su voluntad de acompa\u00f1ar este proyecto. Si vemos el pliego tenemos que Mercedes no figura. Es decir, las empresas constructoras no poseen la posibilidad de que se haga en Mercedes. \u00bfPor qu\u00e9?, por una raz\u00f3n muy sencilla, porque el intendente no firm\u00f3 el convenio y tampoco est\u00e1 la ordenanza del Concejo Deliberante.\u201d<\/em><\/p>\n<p>Luego dio a conocer la postura que su grupo tiene al respecto, afirmando: <em>\u201cnosotros planteamos algo muy simple y es destacar nuestra voluntad de trabajar por la ciudad, de acompa\u00f1ar y gestionar con todo lo que tenga que ver con recursos a la ciudad. La vivienda es una necesidad prioritaria. Esta demanda est\u00e1 muy presente. Sobre esta base lo que se le plante\u00f3 al intendente desde la primera reuni\u00f3n es la actitud de sumar y acompa\u00f1ar en este importante emprendimiento. Con esa informaci\u00f3n queda zanjada una duda y es que la gente de ProCreAr no quiera construir en algo m\u00e1s all\u00e1 de lo que quieren los mercedinos. Todo lo contrario. Se plantea que se necesita la adhesi\u00f3n del intendente y una ordenanza del Concejo Deliberante. Para que no queden dudas de cual es la vocaci\u00f3n y pretensi\u00f3n de ProCreAr. Luego de las diferentes reuniones con lo equipos t\u00e9cnicos se avanz\u00f3 con lo dialogado y consensuado que es en los terreno hoy en discusi\u00f3n detr\u00e1s del hospital. \u00bfC\u00f3mo se desarrollan los proyectos? Sobre los aportes de los equipos t\u00e9cnicos del Municipio y Provincia. En el \u00ednterin mientras se analizaba surge la propuesta del intendente de realizar el proyecto en otros terrenos, en los que se encuentran en 29 entre 6 y 17, \u00bfQu\u00e9 pasa? Es que est\u00e1n concesionados a una empresa, Am\u00e9rica Latina Log\u00edstica y no estaban en condiciones en lo inmediato m\u00e1s un juicio de desalojo de un privado que data del a\u00f1o 89. Esos fueron las razonas y los argumentos esgrimidos. Luego, respecto otra propuesta el 20 de marzo dos d\u00edas antes de la firma del convenio en la Casa Rosada el 22 donde fue convocado el intendente pero en esa fecha, el 20, el intendente propone otro terreno que es el que est\u00e1 en lo que se denomina el Club Defensores, calle 35, 6 y 29. Si bien hay una sesi\u00f3n de una hect\u00e1rea hecha por el municipio nos encontramos que ProCreAr avisa que ese mismo proyecto para un lugar de 3 hect\u00e1reas no puede hacerse en uno de 1 hect\u00e1rea. Entonces a dos d\u00edas de la firma del convenio lo que se hizo es esperar al pr\u00f3ximo sorteo as\u00ed resolvemos las cuestiones formales. No est\u00e1 definido se hagan en los terrenos planteados originalmente, pero, proponemos que se use el sentido com\u00fan y se realice el di\u00e1logo y el entendimiento.\u201d<\/em><\/p>\n<p>Ustarr\u00f3z tambi\u00e9n mencion\u00f3, y se produjo al fin luego de la conferencia de prensa, que se reunir\u00eda con el intendente: <em>\u201cLuego de la conferencia de prensa iremos junto al os concejales a solicitar una breve audiencia con el intendente para clarificar estos temas. Creemos que los m\u00e1s sensato es pensar los pro y los contras de cada terreno, de las dimensiones, el espacio y si se decide reformular estamos hablando de una menor cantidad de viviendas y tambi\u00e9n vemos el hecho de que antes de decidir debemos tener todos los argumentos e informaci\u00f3n correcta para llevar a buen puerto que ser\u00e1 la construcci\u00f3n de viviendas porque tenemos una crisis habitacional enorme.\u201d<\/em><\/p>\n<p><strong>Reuni\u00f3n<\/strong><em><\/em><\/p>\n<p>Tras la conferencia de prensa Juan Ustarroz se reuni\u00f3 con el intendente Carlos Selva en el despacho del primer mandatario. Los detalles de la reuni\u00f3n por el momento no se conocer, al menos, al cierre de esta nota.<\/p>\n<p><strong>Cambios<\/strong><\/p>\n<p>No se descartan cambios en la ubicaci\u00f3n del terreno para la construcci\u00f3n.<\/p>\n<p><strong>Concejo Deliberante<\/strong><\/p>\n<p>El ejecutivo present\u00f3 un proyecto para el cambio de terreno. El mismo fue cuestionado por el ex candidato a intendente Ustarroz y el Concejal Juan Pablo L\u00f3pez. El edil fue m\u00e1s profundo y analiz\u00f3 uno de los puntos donde demostr\u00f3 que el mismo estar\u00eda fuera de la correcta interpretaci\u00f3n ya que se plante\u00f3 desde la intendencia la necesidad de participar en el an\u00e1lisis de los beneficiarios, cuesti\u00f3n que no es posible porque no se trata de un proyecto social, sino, de un pr\u00e9stamo donde el an\u00e1lisis lo hace el Banco interviniente.<\/p>\n","protected":false},"excerpt":{"rendered":"<p>Juan Ustarr\u00f3z, Juan Pablo L\u00f3pez \u00a0Baggioy Alberto Cirillo dieron una conferencia de prensa en la cual expusieron su visi\u00f3n de &#8230; <a title=\"Ustarroz, sobre ProCreAr: \u00abproponemos que se use el sentido com\u00fan y se realice el di\u00e1logo y el entendimiento\u00bb\" class=\"read-more\" href=\"https:\/\/www.hoymercedes.com.ar\/principal\/2013\/04\/19\/ustarroz-sobre-procrear-proponemos-que-se-use-el-sentido-comun-y-se-realice-el-dialogo-y-el-entendimiento\/\" aria-label=\"Leer m\u00e1s sobre Ustarroz, sobre ProCreAr: \u00abproponemos que se use el sentido com\u00fan y se realice el di\u00e1logo y el entendimiento\u00bb\">Leer m\u00e1s<\/a><\/p>\n","protected":false},"author":1,"featured_media":0,"comment_status":"open","ping_status":"open","sticky":false,"template":"","format":"standard","meta":{"_monsterinsights_skip_tracking":false,"_monsterinsights_sitenote_active":false,"_monsterinsights_sitenote_note":"","_monsterinsights_sitenote_category":0,"jetpack_post_was_ever_published":false,"_jetpack_newsletter_access":"","_jetpack_dont_email_post_to_subs":false,"_jetpack_newsletter_tier_id":0,"_jetpack_memberships_contains_paywalled_content":false,"_jetpack_memberships_contains_paid_content":false,"footnotes":"","jetpack_publicize_message":"","jetpack_publicize_feature_enabled":true,"jetpack_social_post_already_shared":true,"jetpack_social_options":{"image_generator_settings":{"template":"highway","default_image_id":0,"font":"","enabled":false},"version":2},"_wpas_customize_per_network":false},"categories":[5],"tags":[273,585],"class_list":["post-21738","post","type-post","status-publish","format-standard","hentry","category-politica","tag-juan-pablo-lopez","tag-juan-ustarroz","generate-columns","tablet-grid-50","mobile-grid-100","grid-parent","grid-50"],"jetpack_publicize_connections":[],"jetpack_featured_media_url":"","wps_subtitle":"","jetpack_sharing_enabled":true,"_links":{"self":[{"href":"https:\/\/www.hoymercedes.com.ar\/principal\/wp-json\/wp\/v2\/posts\/21738","targetHints":{"allow":["GET"]}}],"collection":[{"href":"https:\/\/www.hoymercedes.com.ar\/principal\/wp-json\/wp\/v2\/posts"}],"about":[{"href":"https:\/\/www.hoymercedes.com.ar\/principal\/wp-json\/wp\/v2\/types\/post"}],"author":[{"embeddable":true,"href":"https:\/\/www.hoymercedes.com.ar\/principal\/wp-json\/wp\/v2\/users\/1"}],"replies":[{"embeddable":true,"href":"https:\/\/www.hoymercedes.com.ar\/principal\/wp-json\/wp\/v2\/comments?post=21738"}],"version-history":[{"count":0,"href":"https:\/\/www.hoymercedes.com.ar\/principal\/wp-json\/wp\/v2\/posts\/21738\/revisions"}],"wp:attachment":[{"href":"https:\/\/www.hoymercedes.com.ar\/principal\/wp-json\/wp\/v2\/media?parent=21738"}],"wp:term":[{"taxonomy":"category","embeddable":true,"href":"https:\/\/www.hoymercedes.com.ar\/principal\/wp-json\/wp\/v2\/categories?post=21738"},{"taxonomy":"post_tag","embeddable":true,"href":"https:\/\/www.hoymercedes.com.ar\/principal\/wp-json\/wp\/v2\/tags?post=21738"}],"curies":[{"name":"wp","href":"https:\/\/api.w.org\/{rel}","templated":true}]}}