{"id":21782,"date":"2013-04-21T23:08:28","date_gmt":"2013-04-21T23:08:28","guid":{"rendered":"http:\/\/www.hoymercedes.com.ar\/principal\/?p=21782"},"modified":"2013-04-21T23:08:28","modified_gmt":"2013-04-21T23:08:28","slug":"repudio-del-frente-mercedino-y-el-selvismo-por-pintadas-sobre-murales","status":"publish","type":"post","link":"https:\/\/www.hoymercedes.com.ar\/principal\/2013\/04\/21\/repudio-del-frente-mercedino-y-el-selvismo-por-pintadas-sobre-murales\/","title":{"rendered":"Repudio del Frente Mercedino y el Selvismo por pintadas sobre murales"},"content":{"rendered":"<figure id=\"attachment_21784\" aria-describedby=\"caption-attachment-21784\" style=\"width: 610px\" class=\"wp-caption aligncenter\"><a href=\"https:\/\/www.hoymercedes.com.ar\/principal\/wp-content\/uploads\/2013\/04\/Pintadas-Repudios.jpg\"><img loading=\"lazy\" decoding=\"async\" data-attachment-id=\"21784\" data-permalink=\"https:\/\/www.hoymercedes.com.ar\/principal\/2013\/04\/21\/repudio-del-frente-mercedino-y-el-selvismo-por-pintadas-sobre-murales\/pintadas-repudios\/#main\" data-orig-file=\"https:\/\/www.hoymercedes.com.ar\/principal\/wp-content\/uploads\/2013\/04\/Pintadas-Repudios.jpg\" data-orig-size=\"620,465\" data-comments-opened=\"1\" data-image-meta=\"{&quot;aperture&quot;:&quot;0&quot;,&quot;credit&quot;:&quot;&quot;,&quot;camera&quot;:&quot;&quot;,&quot;caption&quot;:&quot;&quot;,&quot;created_timestamp&quot;:&quot;0&quot;,&quot;copyright&quot;:&quot;&quot;,&quot;focal_length&quot;:&quot;0&quot;,&quot;iso&quot;:&quot;0&quot;,&quot;shutter_speed&quot;:&quot;0&quot;,&quot;title&quot;:&quot;&quot;}\" data-image-title=\"Pintadas-Repudios\" data-image-description=\"\" data-image-caption=\"&lt;p&gt;Pintadas&lt;\/p&gt;\n\" data-large-file=\"https:\/\/www.hoymercedes.com.ar\/principal\/wp-content\/uploads\/2013\/04\/Pintadas-Repudios.jpg\" class=\"size-full wp-image-21784\" alt=\"Pintadas \" src=\"https:\/\/www.hoymercedes.com.ar\/principal\/wp-content\/uploads\/2013\/04\/Pintadas-Repudios.jpg\" width=\"620\" height=\"465\" \/><\/a><figcaption id=\"caption-attachment-21784\" class=\"wp-caption-text\">Pintadas<\/figcaption><\/figure>\n<p><strong><em>Ambos espacios pol\u00edticos han salido a dar su visi\u00f3n de los hechos. Se trata de una serie de blanqueadas y pintadas sobre murales con gran sentido social que hay en nuestra ciudad. Se blanquearon murales por Mariano Ferreyra y J\u00e9sica Niciforo. Los espacios pol\u00edticos dieron sus visiones de los acontecimientos.<\/em><\/strong><\/p>\n<p>A continuaci\u00f3n los comunicados emitidos tanto por la Agrupaci\u00f3n 17 de Octubre, conducida por el intendente Carlos Selva y del Frente Mercedino para la Victoria, conducido por Juan Ustarr\u00f3z.<\/p>\n<p>Comunicado Frente Mercedino:<\/p>\n<p style=\"padding-left: 120px;\"><strong>EL FMPV REPUDIA LA ELIMINACION DE LOS MURALES EN MEMORIA DE MARIANO FERREYRA Y JESICA NICIFORO<\/strong><\/p>\n<p style=\"padding-left: 120px;\">Un d\u00eda despu\u00e9s de la condena a los asesinos del militante del Partido Obrero Mariano Ferreyra, entre ellos el sindicalista Jos\u00e9 Pedraza, las agrupaciones pol\u00edticas que responden al intendente Carlos Selva borraron el mural de 6 y 35. Donde hab\u00eda un s\u00edmbolo de la memoria ahora no hay nada. O s\u00ed: est\u00e1 el blanco insultante del olvido.<\/p>\n<p style=\"padding-left: 120px;\">No solo eso: tambi\u00e9n borraron el mural en repudio a la violencia de g\u00e9nero que se hab\u00eda pintado en la esquina de 22 y 13, frente a la plaza San Luis y luego de la muerte de J\u00e9sica Niciforo, con la participaci\u00f3n de vecinos de todas las edades y representantes de distintas ONGs, instituciones apartidarias y referentes de todos los colores pol\u00edticos.<\/p>\n<p style=\"padding-left: 120px;\">Creemos que se equivoca, el selvismo, si considera que la preservaci\u00f3n y el cuidado de Mercedes se construyen con la eliminaci\u00f3n de la memoria colectiva. Todo lo contrario.<\/p>\n<p style=\"padding-left: 120px;\">Los pueblos que olvidan sus errores est\u00e1n condenados a repetirlos.<\/p>\n<p style=\"padding-left: 120px;\">No hablamos de pintadas callejeras de campa\u00f1a, de grafittis desprolijos, de carteles ofensivos, de dibujos de mal gusto. Hablamos de los murales de Mariano Ferreyra y de J\u00e9sica Niciforo, v\u00edctimas de lo que no queremos para nuestro pa\u00eds y nuestra ciudad, dos emblemas de una pelea que debe darse cada d\u00eda, todos los d\u00edas, todos juntos, sin importar las posiciones partidarias ni las diferencias ideol\u00f3gicas. Dos s\u00edmbolos; y los murales, dos humildes homenajes realizados en su memoria y ofrecidos desde el dolor.<\/p>\n<p style=\"padding-left: 120px;\">Desde el Frente Mercedino para la Victoria, por eso mismo, repudiamos la acci\u00f3n del oficialismo municipal y, a la espera de un gesto en sentido contrario, impulsaremos las acciones para recuperar los murales y desde all\u00ed seguir diciendo: \u00a1nunca m\u00e1s!<\/p>\n<p style=\"padding-left: 120px;\">Frente Mercedino para la Victoria<\/p>\n<p style=\"padding-left: 120px;\">Juan Ignacio Ustarroz<\/p>\n<p style=\"padding-left: 120px;\">S\u00e1bado 20 de abril de 2013<\/p>\n<p>&nbsp;<\/p>\n<p>La Agrupaci\u00f3n 17 de Octubre tambi\u00e9n emiti\u00f3 su versi\u00f3n de los hechos, que es la siguiente:<\/p>\n<p style=\"padding-left: 120px;\"><strong>SOLICITADA<\/strong><\/p>\n<p style=\"padding-left: 120px;\">Desde la agrupaci\u00f3n 17 de octubre de la ciudad de Mercedes queremos repudiar lo que han hecho manos inescrupulosas con los murales que hac\u00edan referencia a la figura del militante del PO Mariano Ferreyra y a la muerte de la joven Jesica Niciforo.<\/p>\n<p style=\"padding-left: 120px;\">Por otro lado queremos deslindar de toda responsabilidad a nuestra agrupaci\u00f3n pol\u00edtica y advertir a la sociedad que estamos en presencia de grupos pol\u00edticos que han decidido venir a desestabilizar la normal convivencia que tienen los mercedinos, con pintadas y ataques en la v\u00eda p\u00fablica.<\/p>\n<p style=\"padding-left: 120px;\">Desde nuestra agrupaci\u00f3n pol\u00edtica s\u00ed aseguramos que en la noche del viernes se posicion\u00f3 la figura de Sergio Massa, pero s\u00f3lo en lugares ya habilitados sui generis para este tipo de pr\u00e1cticas. Volvemos a decir que manos inescrupulosas, vinculadas a La C\u00e1mpora Mercedes, aprovecharon la misma noche para blanquear paredes y pintar en otras zonas como el puente del cruce de las rutas 41 y la 5 y seguramente son las responsables de atacar estos murales que hac\u00edan referencia a Nic\u00e9foro y Ferreyra. S\u00f3lo basta recordar como antecedente lo sucedido hace una un par de semanas atr\u00e1s donde una agrupaci\u00f3n filocamporista atac\u00f3 el mural de Mariano Ferreyra con la inscripci\u00f3n \u201cLos pasos previos\u201d. Adem\u00e1s nosotros desde nuestro grupo pol\u00edtico no tenemos ninguna relaci\u00f3n con militancia relacionada con Pedraza como para emprender semejante atropello. Otra agrupaci\u00f3n seguro que s\u00ed como ya lo demostraron, seg\u00fan contamos m\u00e1s arriba en esta solicitada.<\/p>\n<p style=\"padding-left: 120px;\">Por \u00faltimo queremos advertir a la comunidad que estamos en presencia de grupos de agitadores y desestabilizadores, apadrinados por La C\u00e1mpora Mercedes, que conduce Juan Ustarroz, que tienen como intenci\u00f3n romper con la paz mercedina.<\/p>\n<p style=\"padding-left: 120px;\">Agrupaci\u00f3n 17 de octubre<\/p>\n<p style=\"padding-left: 120px;\">Carlos Selva Conducci\u00f3n<\/p>\n<p>&nbsp;<\/p>\n<p>&nbsp;<\/p>\n","protected":false},"excerpt":{"rendered":"<p>Ambos espacios pol\u00edticos han salido a dar su visi\u00f3n de los hechos. Se trata de una serie de blanqueadas y &#8230; <a title=\"Repudio del Frente Mercedino y el Selvismo por pintadas sobre murales\" class=\"read-more\" href=\"https:\/\/www.hoymercedes.com.ar\/principal\/2013\/04\/21\/repudio-del-frente-mercedino-y-el-selvismo-por-pintadas-sobre-murales\/\" aria-label=\"Leer m\u00e1s sobre Repudio del Frente Mercedino y el Selvismo por pintadas sobre murales\">Leer m\u00e1s<\/a><\/p>\n","protected":false},"author":1,"featured_media":0,"comment_status":"open","ping_status":"open","sticky":false,"template":"","format":"standard","meta":{"_monsterinsights_skip_tracking":false,"_monsterinsights_sitenote_active":false,"_monsterinsights_sitenote_note":"","_monsterinsights_sitenote_category":0,"jetpack_post_was_ever_published":false,"_jetpack_newsletter_access":"","_jetpack_dont_email_post_to_subs":false,"_jetpack_newsletter_tier_id":0,"_jetpack_memberships_contains_paywalled_content":false,"_jetpack_memberships_contains_paid_content":false,"footnotes":"","jetpack_publicize_message":"","jetpack_publicize_feature_enabled":true,"jetpack_social_post_already_shared":true,"jetpack_social_options":{"image_generator_settings":{"template":"highway","default_image_id":0,"font":"","enabled":false},"version":2},"_wpas_customize_per_network":false},"categories":[5],"tags":[3409],"class_list":["post-21782","post","type-post","status-publish","format-standard","hentry","category-politica","tag-repudio-pintadas-mercedes","generate-columns","tablet-grid-50","mobile-grid-100","grid-parent","grid-50"],"jetpack_publicize_connections":[],"jetpack_featured_media_url":"","wps_subtitle":"","jetpack_sharing_enabled":true,"_links":{"self":[{"href":"https:\/\/www.hoymercedes.com.ar\/principal\/wp-json\/wp\/v2\/posts\/21782","targetHints":{"allow":["GET"]}}],"collection":[{"href":"https:\/\/www.hoymercedes.com.ar\/principal\/wp-json\/wp\/v2\/posts"}],"about":[{"href":"https:\/\/www.hoymercedes.com.ar\/principal\/wp-json\/wp\/v2\/types\/post"}],"author":[{"embeddable":true,"href":"https:\/\/www.hoymercedes.com.ar\/principal\/wp-json\/wp\/v2\/users\/1"}],"replies":[{"embeddable":true,"href":"https:\/\/www.hoymercedes.com.ar\/principal\/wp-json\/wp\/v2\/comments?post=21782"}],"version-history":[{"count":0,"href":"https:\/\/www.hoymercedes.com.ar\/principal\/wp-json\/wp\/v2\/posts\/21782\/revisions"}],"wp:attachment":[{"href":"https:\/\/www.hoymercedes.com.ar\/principal\/wp-json\/wp\/v2\/media?parent=21782"}],"wp:term":[{"taxonomy":"category","embeddable":true,"href":"https:\/\/www.hoymercedes.com.ar\/principal\/wp-json\/wp\/v2\/categories?post=21782"},{"taxonomy":"post_tag","embeddable":true,"href":"https:\/\/www.hoymercedes.com.ar\/principal\/wp-json\/wp\/v2\/tags?post=21782"}],"curies":[{"name":"wp","href":"https:\/\/api.w.org\/{rel}","templated":true}]}}