{"id":21792,"date":"2013-04-22T12:19:26","date_gmt":"2013-04-22T12:19:26","guid":{"rendered":"http:\/\/www.hoymercedes.com.ar\/principal\/?p=21792"},"modified":"2013-04-22T12:35:11","modified_gmt":"2013-04-22T12:35:11","slug":"selva-confirmo-cambios-en-desarrollo-social-se-va-osorio-que-ya-se-despidio-del-personal-e-ingresa-bozzini","status":"publish","type":"post","link":"https:\/\/www.hoymercedes.com.ar\/principal\/2013\/04\/22\/selva-confirmo-cambios-en-desarrollo-social-se-va-osorio-que-ya-se-despidio-del-personal-e-ingresa-bozzini\/","title":{"rendered":"Selva confirm\u00f3 cambios en Desarrollo Social: se va Osorio que ya se despidi\u00f3 del personal e ingresa Bozzini"},"content":{"rendered":"<p><em><strong>Desde hace quince d\u00edas el tema est\u00e1 dando vueltas como versi\u00f3n. Los integrantes del \u00e1rea de Desarrollo Social lo sab\u00edan y vislumbraban a partir de los movimientos y acciones que les permit\u00edan sospechar \u00abalgo pasaba, o algo se ven\u00eda\u00bb.<\/strong><\/em><\/p>\n<p>Varios temas llevaron a que la situaci\u00f3n se desencadenara. Selva har\u00e1 los anuncios esta semana. Se trata de cambio en el cargo de la Secretar\u00eda de Desarrollo Social actualmente a cargo de Hugo Zunini donde Alejandra Osorio, Directora \u00a0de la cartera, \u00a0este lunes por la ma\u00f1ana se desped\u00eda del personal sabiendo no estar\u00e1 m\u00e1s en el cargo.\u00a0En su lugar desembarcar\u00eda un apellido conocido del \u00e1rea: Bozzini, pero, en este caso ser\u00e1 la actual integrante del \u00e1rea privada: Andrea Bozzini tomar\u00eda el rol que dej\u00f3 hace tiempo Sergio Caballero.<\/p>\n<p>En la misma cartera tambi\u00e9n se sumar\u00eda Cristina Arias, actual concejal y esposa de Selva, que ir\u00eda como Directora.<\/p>\n<p>Todo indica que el intendente Carlos Selva dar\u00e1 un golpe de tim\u00f3n en dicho espacio a partir de insertar personas de su\u00a0intima\u00a0confianza.<\/p>\n<p>Los cambios que Selva tiene en vista no se agotan ac\u00e1. Vendr\u00edan otros que en conferencia de prensa dar\u00e1 a conocer esta semana.<\/p>\n<p>&nbsp;<\/p>\n","protected":false},"excerpt":{"rendered":"<p>Desde hace quince d\u00edas el tema est\u00e1 dando vueltas como versi\u00f3n. Los integrantes del \u00e1rea de Desarrollo Social lo sab\u00edan &#8230; <a title=\"Selva confirm\u00f3 cambios en Desarrollo Social: se va Osorio que ya se despidi\u00f3 del personal e ingresa Bozzini\" class=\"read-more\" href=\"https:\/\/www.hoymercedes.com.ar\/principal\/2013\/04\/22\/selva-confirmo-cambios-en-desarrollo-social-se-va-osorio-que-ya-se-despidio-del-personal-e-ingresa-bozzini\/\" aria-label=\"Leer m\u00e1s sobre Selva confirm\u00f3 cambios en Desarrollo Social: se va Osorio que ya se despidi\u00f3 del personal e ingresa Bozzini\">Leer m\u00e1s<\/a><\/p>\n","protected":false},"author":1,"featured_media":0,"comment_status":"open","ping_status":"open","sticky":false,"template":"","format":"standard","meta":{"_monsterinsights_skip_tracking":false,"_monsterinsights_sitenote_active":false,"_monsterinsights_sitenote_note":"","_monsterinsights_sitenote_category":0,"jetpack_post_was_ever_published":false,"_jetpack_newsletter_access":"","_jetpack_dont_email_post_to_subs":false,"_jetpack_newsletter_tier_id":0,"_jetpack_memberships_contains_paywalled_content":false,"_jetpack_memberships_contains_paid_content":false,"footnotes":"","jetpack_publicize_message":"","jetpack_publicize_feature_enabled":true,"jetpack_social_post_already_shared":true,"jetpack_social_options":{"image_generator_settings":{"template":"highway","default_image_id":0,"font":"","enabled":false},"version":2},"_wpas_customize_per_network":false},"categories":[5],"tags":[3410,2440,39],"class_list":["post-21792","post","type-post","status-publish","format-standard","hentry","category-politica","tag-alajandra-osotio","tag-andrea-bozzini","tag-carlos-selva","generate-columns","tablet-grid-50","mobile-grid-100","grid-parent","grid-50"],"jetpack_publicize_connections":[],"jetpack_featured_media_url":"","wps_subtitle":"","jetpack_sharing_enabled":true,"_links":{"self":[{"href":"https:\/\/www.hoymercedes.com.ar\/principal\/wp-json\/wp\/v2\/posts\/21792","targetHints":{"allow":["GET"]}}],"collection":[{"href":"https:\/\/www.hoymercedes.com.ar\/principal\/wp-json\/wp\/v2\/posts"}],"about":[{"href":"https:\/\/www.hoymercedes.com.ar\/principal\/wp-json\/wp\/v2\/types\/post"}],"author":[{"embeddable":true,"href":"https:\/\/www.hoymercedes.com.ar\/principal\/wp-json\/wp\/v2\/users\/1"}],"replies":[{"embeddable":true,"href":"https:\/\/www.hoymercedes.com.ar\/principal\/wp-json\/wp\/v2\/comments?post=21792"}],"version-history":[{"count":0,"href":"https:\/\/www.hoymercedes.com.ar\/principal\/wp-json\/wp\/v2\/posts\/21792\/revisions"}],"wp:attachment":[{"href":"https:\/\/www.hoymercedes.com.ar\/principal\/wp-json\/wp\/v2\/media?parent=21792"}],"wp:term":[{"taxonomy":"category","embeddable":true,"href":"https:\/\/www.hoymercedes.com.ar\/principal\/wp-json\/wp\/v2\/categories?post=21792"},{"taxonomy":"post_tag","embeddable":true,"href":"https:\/\/www.hoymercedes.com.ar\/principal\/wp-json\/wp\/v2\/tags?post=21792"}],"curies":[{"name":"wp","href":"https:\/\/api.w.org\/{rel}","templated":true}]}}