{"id":21812,"date":"2013-04-23T02:09:34","date_gmt":"2013-04-23T02:09:34","guid":{"rendered":"http:\/\/www.hoymercedes.com.ar\/principal\/?p=21812"},"modified":"2013-04-23T11:55:16","modified_gmt":"2013-04-23T11:55:16","slug":"selva-se-reunira-con-beneficiarios-del-favaloro-ante-el-no-avance-de-las-obras","status":"publish","type":"post","link":"https:\/\/www.hoymercedes.com.ar\/principal\/2013\/04\/23\/selva-se-reunira-con-beneficiarios-del-favaloro-ante-el-no-avance-de-las-obras\/","title":{"rendered":"Selva se reuni\u00f3 con beneficiarios del Favaloro ante el no avance de las obras"},"content":{"rendered":"<p style=\"text-align: justify;\"><em><strong>Este lunes se efectu\u00f3 una reuni\u00f3n entre el primer mandatario local, Carlos Selva, y los beneficiarios del Plan Federal de Viviendas en el barrio Favaloro que desde hace a\u00f1os viene parado. No arrib\u00f3 el dinero del Estado Nacional y retomar\u00eda su idea de hacerlo con fondos propios.\u00a0<\/strong><\/em><\/p>\n<p style=\"text-align: justify;\">El desarrollo de las viviendas est\u00e1 frenado luego de un sinf\u00edn de idas y vueltas pol\u00edticas entre el Estado Municipal y el Nacional. Este \u00faltimo dej\u00f3 de enviar fondos para su realizaci\u00f3n y dio por ca\u00edda una auditoria que el a\u00f1o pasado hab\u00eda realizado. Hace casi un mes volvieron a firmar un convenio para terminar las obras, pero, nada a\u00fan sucedi\u00f3 y es por ello que el intendente Carlos Selva convoc\u00f3 a los vecinos a una reuni\u00f3n.<\/p>\n<p style=\"text-align: justify;\">El encuentro entre el intendente y los beneficiarios fue desde las 18.00hs en el Teatro Argentino y dur\u00f3 cerca de una hora.<\/p>\n<p style=\"text-align: justify;\">Selva manifest\u00f3 su preocupaci\u00f3n por el estado de situaci\u00f3n mostrando a todos los vecinos el abanico de posibilidades con los que cuentan que es el arribo de fondos del gobierno nacional o el cr\u00e9dito que busca adquirir.<\/p>\n<p style=\"text-align: justify;\">\n","protected":false},"excerpt":{"rendered":"<p>Este lunes se efectu\u00f3 una reuni\u00f3n entre el primer mandatario local, Carlos Selva, y los beneficiarios del Plan Federal de &#8230; <a title=\"Selva se reuni\u00f3 con beneficiarios del Favaloro ante el no avance de las obras\" class=\"read-more\" href=\"https:\/\/www.hoymercedes.com.ar\/principal\/2013\/04\/23\/selva-se-reunira-con-beneficiarios-del-favaloro-ante-el-no-avance-de-las-obras\/\" aria-label=\"Leer m\u00e1s sobre Selva se reuni\u00f3 con beneficiarios del Favaloro ante el no avance de las obras\">Leer m\u00e1s<\/a><\/p>\n","protected":false},"author":1,"featured_media":0,"comment_status":"open","ping_status":"open","sticky":false,"template":"","format":"standard","meta":{"_monsterinsights_skip_tracking":false,"_monsterinsights_sitenote_active":false,"_monsterinsights_sitenote_note":"","_monsterinsights_sitenote_category":0,"jetpack_post_was_ever_published":false,"_jetpack_newsletter_access":"","_jetpack_dont_email_post_to_subs":false,"_jetpack_newsletter_tier_id":0,"_jetpack_memberships_contains_paywalled_content":false,"_jetpack_memberships_contains_paid_content":false,"footnotes":"","jetpack_publicize_message":"","jetpack_publicize_feature_enabled":true,"jetpack_social_post_already_shared":true,"jetpack_social_options":{"image_generator_settings":{"template":"highway","default_image_id":0,"font":"","enabled":false},"version":2},"_wpas_customize_per_network":false},"categories":[5],"tags":[2063,39],"class_list":["post-21812","post","type-post","status-publish","format-standard","hentry","category-politica","tag-barrio-favaloro","tag-carlos-selva","generate-columns","tablet-grid-50","mobile-grid-100","grid-parent","grid-50"],"jetpack_publicize_connections":[],"jetpack_featured_media_url":"","wps_subtitle":"","jetpack_sharing_enabled":true,"_links":{"self":[{"href":"https:\/\/www.hoymercedes.com.ar\/principal\/wp-json\/wp\/v2\/posts\/21812","targetHints":{"allow":["GET"]}}],"collection":[{"href":"https:\/\/www.hoymercedes.com.ar\/principal\/wp-json\/wp\/v2\/posts"}],"about":[{"href":"https:\/\/www.hoymercedes.com.ar\/principal\/wp-json\/wp\/v2\/types\/post"}],"author":[{"embeddable":true,"href":"https:\/\/www.hoymercedes.com.ar\/principal\/wp-json\/wp\/v2\/users\/1"}],"replies":[{"embeddable":true,"href":"https:\/\/www.hoymercedes.com.ar\/principal\/wp-json\/wp\/v2\/comments?post=21812"}],"version-history":[{"count":0,"href":"https:\/\/www.hoymercedes.com.ar\/principal\/wp-json\/wp\/v2\/posts\/21812\/revisions"}],"wp:attachment":[{"href":"https:\/\/www.hoymercedes.com.ar\/principal\/wp-json\/wp\/v2\/media?parent=21812"}],"wp:term":[{"taxonomy":"category","embeddable":true,"href":"https:\/\/www.hoymercedes.com.ar\/principal\/wp-json\/wp\/v2\/categories?post=21812"},{"taxonomy":"post_tag","embeddable":true,"href":"https:\/\/www.hoymercedes.com.ar\/principal\/wp-json\/wp\/v2\/tags?post=21812"}],"curies":[{"name":"wp","href":"https:\/\/api.w.org\/{rel}","templated":true}]}}