{"id":21815,"date":"2013-04-23T02:14:02","date_gmt":"2013-04-23T02:14:02","guid":{"rendered":"http:\/\/www.hoymercedes.com.ar\/principal\/?p=21815"},"modified":"2013-04-23T02:18:35","modified_gmt":"2013-04-23T02:18:35","slug":"concejo-arias-no-renuncio-y-el-procrear-a-comision","status":"publish","type":"post","link":"https:\/\/www.hoymercedes.com.ar\/principal\/2013\/04\/23\/concejo-arias-no-renuncio-y-el-procrear-a-comision\/","title":{"rendered":"Concejo: Arias no renunci\u00f3 y el ProCreAr a comisi\u00f3n"},"content":{"rendered":"<figure id=\"attachment_21817\" aria-describedby=\"caption-attachment-21817\" style=\"width: 610px\" class=\"wp-caption aligncenter\"><a href=\"https:\/\/www.hoymercedes.com.ar\/principal\/wp-content\/uploads\/2013\/04\/2013-04-22-19.42.28.jpg\"><img loading=\"lazy\" decoding=\"async\" data-attachment-id=\"21817\" data-permalink=\"https:\/\/www.hoymercedes.com.ar\/principal\/2013\/04\/23\/concejo-arias-no-renuncio-y-el-procrear-a-comision\/2013-04-22-19-42-28\/#main\" data-orig-file=\"https:\/\/www.hoymercedes.com.ar\/principal\/wp-content\/uploads\/2013\/04\/2013-04-22-19.42.28.jpg\" data-orig-size=\"620,215\" data-comments-opened=\"1\" data-image-meta=\"{&quot;aperture&quot;:&quot;2.6&quot;,&quot;credit&quot;:&quot;&quot;,&quot;camera&quot;:&quot;GT-B5510L&quot;,&quot;caption&quot;:&quot;&quot;,&quot;created_timestamp&quot;:&quot;1366659748&quot;,&quot;copyright&quot;:&quot;&quot;,&quot;focal_length&quot;:&quot;2.79&quot;,&quot;iso&quot;:&quot;320&quot;,&quot;shutter_speed&quot;:&quot;0.125&quot;,&quot;title&quot;:&quot;&quot;}\" data-image-title=\"2013-04-22 19.42.28\" data-image-description=\"\" data-image-caption=\"&lt;p&gt;Concejo Deliberante Mercedes&lt;\/p&gt;\n\" data-large-file=\"https:\/\/www.hoymercedes.com.ar\/principal\/wp-content\/uploads\/2013\/04\/2013-04-22-19.42.28.jpg\" class=\"size-full wp-image-21817\" alt=\"Concejo Deliberante Mercedes\" src=\"https:\/\/www.hoymercedes.com.ar\/principal\/wp-content\/uploads\/2013\/04\/2013-04-22-19.42.28.jpg\" width=\"620\" height=\"215\" \/><\/a><figcaption id=\"caption-attachment-21817\" class=\"wp-caption-text\">Concejo Deliberante Mercedes<\/figcaption><\/figure>\n<p><em><strong>Una nueva sesi\u00f3n del Concejo Deliberante se llev\u00f3 a cabo esta noche de lunes. Es la segunda del a\u00f1o en t\u00e9rminos del calendario ordinario de reuniones y ya empez\u00f3 a tratar temas calientes. Las viviendas del Plan ProCreAr y la situaci\u00f3n del concejal Cristina Arias que ir\u00e1 como Directora a la cartera de Desarrollo Social. Un largo debate y comisi\u00f3n para las viviendas.<\/strong><\/em><\/p>\n<p>La sesi\u00f3n empez\u00f3 con un ritmo vertiginoso aunque tarde, como siempre. En los primero veinte minutos una gran cantidad de temas se trataron pasando a comisi\u00f3n, siendo aprobados o archiv\u00e1ndose.<\/p>\n<p>El primer debate, breve, pero intento se dio cuando se trat\u00f3 el tema de la Centro de Atenci\u00f3n Primaria de Goldney. Sobre ella hab\u00eda un pedido de equipamiento y mejoraas por parte del Frente Mercedino. Desde el oficialismo confirmaron que ya se trabaja en el tema y que mientras se mejoraba estaba el tr\u00e1iler de la Direcci\u00f3n de Salud con la vacunaci\u00f3n preventiva y que en pr\u00f3ximos d\u00edas estar\u00e1 normalizado.<\/p>\n<p>Luego la gran cuesti\u00f3n por todos esperada era la \u00faltima en el orden del d\u00eda: ordenanza sobre el Plan ProCreAr. All\u00ed se esperaba se tratara una propuesta emitida por el Departamento Ejecutivo que ya hab\u00eda sido cuestionada el viernes pasado por el Frente Mercedino y que adem\u00e1s se vio de alguna manera trabajada en las reuniones entre Ustarroz y Selva tanto el viernes como el lunes, pues, si bien esto no est\u00e1 siendo parte de las informaciones circulantes, es decir, el proyecto presentado en s\u00ed, no caben dudas que fue parte de las conversaciones ya que giraba en el tema de los terrenos y la implementaci\u00f3n del Plan ProCreAr en Mercedes.<\/p>\n<figure id=\"attachment_21818\" aria-describedby=\"caption-attachment-21818\" style=\"width: 610px\" class=\"wp-caption aligncenter\"><a href=\"https:\/\/www.hoymercedes.com.ar\/principal\/wp-content\/uploads\/2013\/04\/2013-04-22-19.42.36.jpg\"><img loading=\"lazy\" decoding=\"async\" data-attachment-id=\"21818\" data-permalink=\"https:\/\/www.hoymercedes.com.ar\/principal\/2013\/04\/23\/concejo-arias-no-renuncio-y-el-procrear-a-comision\/2013-04-22-19-42-36\/#main\" data-orig-file=\"https:\/\/www.hoymercedes.com.ar\/principal\/wp-content\/uploads\/2013\/04\/2013-04-22-19.42.36.jpg\" data-orig-size=\"620,236\" data-comments-opened=\"1\" data-image-meta=\"{&quot;aperture&quot;:&quot;2.6&quot;,&quot;credit&quot;:&quot;&quot;,&quot;camera&quot;:&quot;GT-B5510L&quot;,&quot;caption&quot;:&quot;&quot;,&quot;created_timestamp&quot;:&quot;1366659756&quot;,&quot;copyright&quot;:&quot;&quot;,&quot;focal_length&quot;:&quot;2.79&quot;,&quot;iso&quot;:&quot;250&quot;,&quot;shutter_speed&quot;:&quot;0.125&quot;,&quot;title&quot;:&quot;&quot;}\" data-image-title=\"2013-04-22 19.42.36\" data-image-description=\"\" data-image-caption=\"&lt;p&gt;Concejo Deliberante&lt;\/p&gt;\n\" data-large-file=\"https:\/\/www.hoymercedes.com.ar\/principal\/wp-content\/uploads\/2013\/04\/2013-04-22-19.42.36.jpg\" class=\"size-full wp-image-21818\" alt=\"Concejo Deliberante\" src=\"https:\/\/www.hoymercedes.com.ar\/principal\/wp-content\/uploads\/2013\/04\/2013-04-22-19.42.36.jpg\" width=\"620\" height=\"236\" srcset=\"https:\/\/www.hoymercedes.com.ar\/principal\/wp-content\/uploads\/2013\/04\/2013-04-22-19.42.36.jpg 620w, https:\/\/www.hoymercedes.com.ar\/principal\/wp-content\/uploads\/2013\/04\/2013-04-22-19.42.36-300x114.jpg 300w\" sizes=\"auto, (max-width: 620px) 100vw, 620px\" \/><\/a><figcaption id=\"caption-attachment-21818\" class=\"wp-caption-text\">Concejo Deliberante<\/figcaption><\/figure>\n<p><strong>A comisi\u00f3n<\/strong><\/p>\n<p>En el recinto se esperaba un tratamiento del asunto, pero, se dio a medias. Si bien durante casi una hora se debati\u00f3 con alocuciones diversas lo relevante es que fue enviado a comisi\u00f3n, para continuar con su tratamiento, potencial mejoramiento y modificaci\u00f3n que sospecha ser\u00e1 a imagen y semejanza de lo que lleguen a acordar el selvismo con el frentismo buscando as\u00ed destrabar el asunto que tiene a por lo menos 250 posibles beneficiarios y 1000 mercedinos o interesados en vilo, aunque, en rigor, toda la ciudad espera no haya mezquindad pol\u00edtica y el tema salga cuanto antes a flote considerando la mayor racionalidad en el caso.<\/p>\n<p><strong>No renunci\u00f3<\/strong><\/p>\n<p>Cristina Arias de Selva finalmente no renunci\u00f3 a su banca sino que pidi\u00f3 licencia por tiempo indeterminado. Ante tal situaci\u00f3n se reserva la posibilidad del regreso, aunque, como su mandato finaliza en diciembre se espera tal instancia no se produzca siendo adem\u00e1s que asumir\u00e1 acciones ejecutivas como Directora de Desarrollo Social acompa\u00f1ando los cambios del intendente donde removi\u00f3 a Alejandra Osorio y colocar\u00e1 a Andrea Bozzini tambi\u00e9n en dicha cartera. Qui\u00e9n asuma la banca que queda vacante ser\u00e1 Juan Montoya quien se encuentra como Coordinador de la Tercera Edad y se hallaba presente en el recinto.<\/p>\n<p><strong>Palabras de despedida<\/strong><\/p>\n<p>El primero en emitir unas calurosas palabras de despedida, en tono afable, fue Juan Carlos Benitez qui\u00e9n le dese\u00f3 lo mejor en su nuevo cargo y agradeci\u00f3 lo compartido, m\u00e1s all\u00e1 de las no coincidencias. Luego fue el turno de Carlos Milhomne qui\u00e9n despidi\u00f3, tambi\u00e9n\u00a0dese\u00e1ndole\u00a0lo mejor, a su compa\u00f1era de bancada.<\/p>\n<p><strong>\u00a0<\/strong><\/p>\n<p>&nbsp;<\/p>\n","protected":false},"excerpt":{"rendered":"<p>Una nueva sesi\u00f3n del Concejo Deliberante se llev\u00f3 a cabo esta noche de lunes. Es la segunda del a\u00f1o en &#8230; <a title=\"Concejo: Arias no renunci\u00f3 y el ProCreAr a comisi\u00f3n\" class=\"read-more\" href=\"https:\/\/www.hoymercedes.com.ar\/principal\/2013\/04\/23\/concejo-arias-no-renuncio-y-el-procrear-a-comision\/\" aria-label=\"Leer m\u00e1s sobre Concejo: Arias no renunci\u00f3 y el ProCreAr a comisi\u00f3n\">Leer m\u00e1s<\/a><\/p>\n","protected":false},"author":1,"featured_media":0,"comment_status":"open","ping_status":"open","sticky":false,"template":"","format":"standard","meta":{"_monsterinsights_skip_tracking":false,"_monsterinsights_sitenote_active":false,"_monsterinsights_sitenote_note":"","_monsterinsights_sitenote_category":0,"jetpack_post_was_ever_published":false,"_jetpack_newsletter_access":"","_jetpack_dont_email_post_to_subs":false,"_jetpack_newsletter_tier_id":0,"_jetpack_memberships_contains_paywalled_content":false,"_jetpack_memberships_contains_paid_content":false,"footnotes":"","jetpack_publicize_message":"","jetpack_publicize_feature_enabled":true,"jetpack_social_post_already_shared":true,"jetpack_social_options":{"image_generator_settings":{"template":"highway","default_image_id":0,"font":"","enabled":false},"version":2},"_wpas_customize_per_network":false},"categories":[5],"tags":[45,3139,3392],"class_list":["post-21815","post","type-post","status-publish","format-standard","hentry","category-politica","tag-concejo-deliberante-mercedes","tag-cristina-arias","tag-procrear-mercedes","generate-columns","tablet-grid-50","mobile-grid-100","grid-parent","grid-50"],"jetpack_publicize_connections":[],"jetpack_featured_media_url":"","wps_subtitle":"","jetpack_sharing_enabled":true,"_links":{"self":[{"href":"https:\/\/www.hoymercedes.com.ar\/principal\/wp-json\/wp\/v2\/posts\/21815","targetHints":{"allow":["GET"]}}],"collection":[{"href":"https:\/\/www.hoymercedes.com.ar\/principal\/wp-json\/wp\/v2\/posts"}],"about":[{"href":"https:\/\/www.hoymercedes.com.ar\/principal\/wp-json\/wp\/v2\/types\/post"}],"author":[{"embeddable":true,"href":"https:\/\/www.hoymercedes.com.ar\/principal\/wp-json\/wp\/v2\/users\/1"}],"replies":[{"embeddable":true,"href":"https:\/\/www.hoymercedes.com.ar\/principal\/wp-json\/wp\/v2\/comments?post=21815"}],"version-history":[{"count":0,"href":"https:\/\/www.hoymercedes.com.ar\/principal\/wp-json\/wp\/v2\/posts\/21815\/revisions"}],"wp:attachment":[{"href":"https:\/\/www.hoymercedes.com.ar\/principal\/wp-json\/wp\/v2\/media?parent=21815"}],"wp:term":[{"taxonomy":"category","embeddable":true,"href":"https:\/\/www.hoymercedes.com.ar\/principal\/wp-json\/wp\/v2\/categories?post=21815"},{"taxonomy":"post_tag","embeddable":true,"href":"https:\/\/www.hoymercedes.com.ar\/principal\/wp-json\/wp\/v2\/tags?post=21815"}],"curies":[{"name":"wp","href":"https:\/\/api.w.org\/{rel}","templated":true}]}}