{"id":21829,"date":"2013-04-23T14:47:20","date_gmt":"2013-04-23T14:47:20","guid":{"rendered":"http:\/\/www.hoymercedes.com.ar\/principal\/?p=21829"},"modified":"2013-04-23T14:47:20","modified_gmt":"2013-04-23T14:47:20","slug":"muestra-historica-busca-concientizar-sobre-lo-importante-de-indagar-en-nuestra-identidad","status":"publish","type":"post","link":"https:\/\/www.hoymercedes.com.ar\/principal\/2013\/04\/23\/muestra-historica-busca-concientizar-sobre-lo-importante-de-indagar-en-nuestra-identidad\/","title":{"rendered":"Muestra hist\u00f3rica busca concientizar sobre lo importante de indagar en nuestra identidad"},"content":{"rendered":"<p><a href=\"https:\/\/www.hoymercedes.com.ar\/principal\/wp-content\/uploads\/2013\/04\/Jornada-FrenteMercedino.jpg\"><img loading=\"lazy\" decoding=\"async\" data-attachment-id=\"21831\" data-permalink=\"https:\/\/www.hoymercedes.com.ar\/principal\/2013\/04\/23\/muestra-historica-busca-concientizar-sobre-lo-importante-de-indagar-en-nuestra-identidad\/jornada-frentemercedino\/#main\" data-orig-file=\"https:\/\/www.hoymercedes.com.ar\/principal\/wp-content\/uploads\/2013\/04\/Jornada-FrenteMercedino.jpg\" data-orig-size=\"620,413\" data-comments-opened=\"1\" data-image-meta=\"{&quot;aperture&quot;:&quot;5&quot;,&quot;credit&quot;:&quot;&quot;,&quot;camera&quot;:&quot;Canon EOS REBEL T3i&quot;,&quot;caption&quot;:&quot;&quot;,&quot;created_timestamp&quot;:&quot;1366480285&quot;,&quot;copyright&quot;:&quot;&quot;,&quot;focal_length&quot;:&quot;25&quot;,&quot;iso&quot;:&quot;100&quot;,&quot;shutter_speed&quot;:&quot;0.016666666666667&quot;,&quot;title&quot;:&quot;&quot;}\" data-image-title=\"Jornada-FrenteMercedino\" data-image-description=\"\" data-image-caption=\"\" data-large-file=\"https:\/\/www.hoymercedes.com.ar\/principal\/wp-content\/uploads\/2013\/04\/Jornada-FrenteMercedino.jpg\" class=\"aligncenter size-full wp-image-21831\" alt=\"Jornada-FrenteMercedino\" src=\"https:\/\/www.hoymercedes.com.ar\/principal\/wp-content\/uploads\/2013\/04\/Jornada-FrenteMercedino.jpg\" width=\"620\" height=\"413\" \/><\/a><\/p>\n<p>Desde el Frente Mercedino sostienen que:<em> \u00abLa idea es simple y valiosa: educar y concientizar a los m\u00e1s j\u00f3venes para la preservaci\u00f3n y puesta en valor del patrimonio hist\u00f3rico y cultural de nuestra ciudad. Y el m\u00e9todo, tomado de un proyecto desarrollado en San Antonio de Areco, asoma exitoso: involucrar a las escuelas (alumnos y profesores de secundarias p\u00fablicas y privadas) en la realizaci\u00f3n de trabajos pr\u00e1cticos de investigaci\u00f3n que ser\u00e1n presentados en agosto de este a\u00f1o.\u00bb<\/em><\/p>\n<p>Informando que: <em>\u00abPara participar de la propuesta, impulsada por la comisi\u00f3n abierta Mercedes Patrimonio Hist\u00f3rico y Cultural (que cuenta con el apoyo del Frente Mercedino para la Victoria), hay tiempo para anotarse hasta el 10 de mayo. \u201cHicimos una invitaci\u00f3n a todas las escuelas y ya tenemos cinco cursos inscriptos. Es para alumnos mayores de 12 a\u00f1os\u201d, cuenta Nicol\u00e1s Lennard, uno de los responsables del proyecto.\u00bb<\/em><\/p>\n<p>La iniciativa tendr\u00e1\u00a0 su apertura formal el pr\u00f3ximo lunes, 29 de abril, con la presentaci\u00f3n de una muestra en la Biblioteca Domingo Faustino Sarmiento. \u201cHabr\u00e1\u00a0 fotos hist\u00f3ricas, cuadros de Betty Campi y otros elementos que reflejan c\u00f3mo fue cambiando Mercedes con el paso del tiempo y cu\u00e1l es su patrimonio arquitect\u00f3nico\u201d, dice Lennard.<\/p>\n<p>El horario de visitas ser\u00e1\u00a0de 8 a 12 y de 15 a 19 y por las ma\u00f1anas habr\u00e1\u00a0charlas a cargo, entre otros, del reconocido profesor de historia mercedino Ricardo Tabossi (\u201cMercedes desde su comienzos en el Fort\u00edn\u201d) y Sergio Carini (\u201cLa historia de la Trocha\u201d).<\/p>\n<p>\u201cLo que buscamos \u2013explica Lennard-, es generar un espacio de participaci\u00f3n e integraci\u00f3n de los actores educativos de nuestra sociedad, algo que nos permita, como comunidad, desarrollar un proyecto conjunto de concientizaci\u00f3n sobre la riqueza cultural de Mercedes y la importancia de la preservaci\u00f3n del casco hist\u00f3rico de nuestra ciudad\u201d.<\/p>\n<p>Entre los objetivos espec\u00edficos del proyecto, Lennard enumera: visualizaci\u00f3n del patrimonio arquitect\u00f3nico, cultural y natural en el territorio del Partido de Mercedes; realizaci\u00f3n de una investigaci\u00f3n sobre la historia y la cultura de la ciudad, que tenga a los alumnos y docentes como protagonistas, trascendiendo a todas las generaciones que marcaron nuestro presente y que permitir\u00e1 desarrollar nuestro futuro.<\/p>\n<p>Promoci\u00f3n del encuentro y el acercamiento entre las escuelas y la apertura de las mismas a la comunidad; generaci\u00f3n de una muestra sobre nuestra historia y cultura que luego pueda ser presentada por nuestras instituciones educativas; incentivaci\u00f3n a los alumnos para la preservaci\u00f3n del patrimonio de la ciudad.<\/p>\n<p>Entre las actividades (alumnos y profesores trabajar\u00e1n sobre un edificio, monumento o espacio verde que forme parte del patrimonio hist\u00f3rico mercedino), habr\u00e1 investigaciones, recopilaci\u00f3n de material para la formaci\u00f3n de un archivo en distintos formatos y una s\u00edntesis final en forma de monograf\u00eda, blog, p\u00e1gina web, video, radio, presentaci\u00f3n en power-point, maqueta, mural o cualquier otra plataforma.<\/p>\n<p>Las investigaciones se entregar\u00e1n en la segunda quincena de julio, y la presentaci\u00f3n de las producciones se har\u00e1\u00a0en agosto, en la Biblioteca Sarmiento, con todos los equipos.<\/p>\n<p>\u201cEstamos convencidos \u2013cierra Lennard-: a medida que los chicos vayan avanzando en sus averiguaciones, se van a \u2018enganchar\u2019 cada vez m\u00e1s en lo que es nuestra historia, nuestra identidad. Eso es lo que hace que nos aferremos a nuestras ra\u00edces y las cuidemos, porque una vez que las conocemos las sentimos propias\u201d.<\/p>\n<p><span style=\"color: #888888;\">Fuente: Frente Mercedino<\/span><\/p>\n<p>&nbsp;<\/p>\n","protected":false},"excerpt":{"rendered":"<p>Desde el Frente Mercedino sostienen que: \u00abLa idea es simple y valiosa: educar y concientizar a los m\u00e1s j\u00f3venes para &#8230; <a title=\"Muestra hist\u00f3rica busca concientizar sobre lo importante de indagar en nuestra identidad\" class=\"read-more\" href=\"https:\/\/www.hoymercedes.com.ar\/principal\/2013\/04\/23\/muestra-historica-busca-concientizar-sobre-lo-importante-de-indagar-en-nuestra-identidad\/\" aria-label=\"Leer m\u00e1s sobre Muestra hist\u00f3rica busca concientizar sobre lo importante de indagar en nuestra identidad\">Leer m\u00e1s<\/a><\/p>\n","protected":false},"author":1,"featured_media":0,"comment_status":"open","ping_status":"open","sticky":false,"template":"","format":"standard","meta":{"_monsterinsights_skip_tracking":false,"_monsterinsights_sitenote_active":false,"_monsterinsights_sitenote_note":"","_monsterinsights_sitenote_category":0,"jetpack_post_was_ever_published":false,"_jetpack_newsletter_access":"","_jetpack_dont_email_post_to_subs":false,"_jetpack_newsletter_tier_id":0,"_jetpack_memberships_contains_paywalled_content":false,"_jetpack_memberships_contains_paid_content":false,"footnotes":"","jetpack_publicize_message":"","jetpack_publicize_feature_enabled":true,"jetpack_social_post_already_shared":true,"jetpack_social_options":{"image_generator_settings":{"template":"highway","default_image_id":0,"font":"","enabled":false},"version":2},"_wpas_customize_per_network":false},"categories":[5],"tags":[1007],"class_list":["post-21829","post","type-post","status-publish","format-standard","hentry","category-politica","tag-frente-mercedino","generate-columns","tablet-grid-50","mobile-grid-100","grid-parent","grid-50"],"jetpack_publicize_connections":[],"jetpack_featured_media_url":"","wps_subtitle":"","jetpack_sharing_enabled":true,"_links":{"self":[{"href":"https:\/\/www.hoymercedes.com.ar\/principal\/wp-json\/wp\/v2\/posts\/21829","targetHints":{"allow":["GET"]}}],"collection":[{"href":"https:\/\/www.hoymercedes.com.ar\/principal\/wp-json\/wp\/v2\/posts"}],"about":[{"href":"https:\/\/www.hoymercedes.com.ar\/principal\/wp-json\/wp\/v2\/types\/post"}],"author":[{"embeddable":true,"href":"https:\/\/www.hoymercedes.com.ar\/principal\/wp-json\/wp\/v2\/users\/1"}],"replies":[{"embeddable":true,"href":"https:\/\/www.hoymercedes.com.ar\/principal\/wp-json\/wp\/v2\/comments?post=21829"}],"version-history":[{"count":0,"href":"https:\/\/www.hoymercedes.com.ar\/principal\/wp-json\/wp\/v2\/posts\/21829\/revisions"}],"wp:attachment":[{"href":"https:\/\/www.hoymercedes.com.ar\/principal\/wp-json\/wp\/v2\/media?parent=21829"}],"wp:term":[{"taxonomy":"category","embeddable":true,"href":"https:\/\/www.hoymercedes.com.ar\/principal\/wp-json\/wp\/v2\/categories?post=21829"},{"taxonomy":"post_tag","embeddable":true,"href":"https:\/\/www.hoymercedes.com.ar\/principal\/wp-json\/wp\/v2\/tags?post=21829"}],"curies":[{"name":"wp","href":"https:\/\/api.w.org\/{rel}","templated":true}]}}