{"id":21841,"date":"2013-04-24T02:28:52","date_gmt":"2013-04-24T02:28:52","guid":{"rendered":"http:\/\/www.hoymercedes.com.ar\/principal\/?p=21841"},"modified":"2013-04-24T02:33:31","modified_gmt":"2013-04-24T02:33:31","slug":"pasos-previos-manifiesta-no-tener-nada-que-ver-con-las-pintadas-a-murales","status":"publish","type":"post","link":"https:\/\/www.hoymercedes.com.ar\/principal\/2013\/04\/24\/pasos-previos-manifiesta-no-tener-nada-que-ver-con-las-pintadas-a-murales\/","title":{"rendered":"\u00abPasos Previos\u00bb manifiesta no tener nada que ver con las pintadas a murales"},"content":{"rendered":"<figure id=\"attachment_21843\" aria-describedby=\"caption-attachment-21843\" style=\"width: 610px\" class=\"wp-caption aligncenter\"><a href=\"https:\/\/www.hoymercedes.com.ar\/principal\/wp-content\/uploads\/2013\/04\/LosPasosPreviosMercedes.jpg\"><img loading=\"lazy\" decoding=\"async\" data-attachment-id=\"21843\" data-permalink=\"https:\/\/www.hoymercedes.com.ar\/principal\/2013\/04\/24\/pasos-previos-manifiesta-no-tener-nada-que-ver-con-las-pintadas-a-murales\/lospasospreviosmercedes\/#main\" data-orig-file=\"https:\/\/www.hoymercedes.com.ar\/principal\/wp-content\/uploads\/2013\/04\/LosPasosPreviosMercedes.jpg\" data-orig-size=\"620,620\" data-comments-opened=\"1\" data-image-meta=\"{&quot;aperture&quot;:&quot;0&quot;,&quot;credit&quot;:&quot;&quot;,&quot;camera&quot;:&quot;&quot;,&quot;caption&quot;:&quot;&quot;,&quot;created_timestamp&quot;:&quot;0&quot;,&quot;copyright&quot;:&quot;&quot;,&quot;focal_length&quot;:&quot;0&quot;,&quot;iso&quot;:&quot;0&quot;,&quot;shutter_speed&quot;:&quot;0&quot;,&quot;title&quot;:&quot;&quot;}\" data-image-title=\"LosPasosPreviosMercedes\" data-image-description=\"\" data-image-caption=\"&lt;p&gt;Pasos Previos Mercedes&lt;\/p&gt;\n\" data-large-file=\"https:\/\/www.hoymercedes.com.ar\/principal\/wp-content\/uploads\/2013\/04\/LosPasosPreviosMercedes.jpg\" class=\"size-full wp-image-21843\" alt=\"Pasos Previos Mercedes\" src=\"https:\/\/www.hoymercedes.com.ar\/principal\/wp-content\/uploads\/2013\/04\/LosPasosPreviosMercedes.jpg\" width=\"620\" height=\"620\" srcset=\"https:\/\/www.hoymercedes.com.ar\/principal\/wp-content\/uploads\/2013\/04\/LosPasosPreviosMercedes.jpg 620w, https:\/\/www.hoymercedes.com.ar\/principal\/wp-content\/uploads\/2013\/04\/LosPasosPreviosMercedes-150x150.jpg 150w\" sizes=\"auto, (max-width: 620px) 100vw, 620px\" \/><\/a><figcaption id=\"caption-attachment-21843\" class=\"wp-caption-text\">Pasos Previos Mercedes<\/figcaption><\/figure>\n<p><em><strong>La Agrupaci\u00f3n pol\u00edtica encabezada por Mart\u00edn \u00c1lvarez manifest\u00f3 su rechazo a las pintadas y expres\u00f3 que nada tienen que ver con el asunto donde el nombre de la fuerza pol\u00edtica aparece involucrado como un acto da\u00f1ino que los tiene como damnificados.\u00a0<\/strong><\/em><\/p>\n<p>Al respecto afirmaron:<em><\/em><\/p>\n<p style=\"padding-left: 60px;\"><em>\u00abQueremos informar a los vecinos de nuestra ciudad que en el mes de abril del corriente a\u00f1o una pintada del Partido Obrero de la calle 6 y 35 fue tapada y sobre ella se firmo en nombre de nuestra Agrupaci\u00f3n.<\/em><\/p>\n<p style=\"padding-left: 60px;\"><em>Ante esta acci\u00f3n an\u00f3nima, que repudiamos, nos vemos en la obligaci\u00f3n de aclarar que Los Pasos Previos no fue responsable de ese hecho y que entendemos al mismo como un acto de provocaci\u00f3n por parte de los que quieren que nada cambie, de los anti-pol\u00edtica o peor a\u00fan, de an\u00f3nimos personajes de la derecha, que no son otra cosa que la representaci\u00f3n pol\u00edtica del ego\u00edsmo.<\/em><\/p>\n<p style=\"padding-left: 60px;\"><em>Somos un colectivo que se identifica con el Pensamiento Nacional y forma parte del Movimiento Peronista en particular, en consecuencia participamos activamente en la construcci\u00f3n de este Modelo Nacional, al que defendemos desde el plano de las ideas y las acciones concretas, en los distintos distritos donde militamos.<\/em><\/p>\n<p style=\"padding-left: 60px;\"><em>Reivindicamos a Cristina como nuestra Conductora y sentimos a cada agrupaci\u00f3n que participa en este espacio, como a nuestros hermanos.<\/em><\/p>\n<p style=\"padding-left: 60px;\"><em>Venimos a proponer la pol\u00edtica como herramienta para resolver contradicciones y avanzar, como discurso y como pr\u00e1ctica; venimos a reivindicar la militancia como una forma de vida y venimos a postular una \u00e9tica social frente a la moralina estupidizante de los pontificadores derechistas.<\/em><\/p>\n<p style=\"padding-left: 60px;\"><em>Por tanto, actos como estos no hacen m\u00e1s que reforzar nuestra pasi\u00f3n militante y nuestro empe\u00f1o en la construcci\u00f3n de una sociedad donde d\u00eda a d\u00eda logremos conquistar mayores niveles de Justicia Social para la grandeza de la Patria y la felicidad de Nuestro Pueblo y donde \u2026\u201del \u00fanico h\u00e9roe que existe, es el h\u00e9roe colectivo\u201d<\/em><em>\u00a0<\/em><\/p>\n<p style=\"padding-left: 60px;\">Martin \u00c1lvarez &#8211; Leonardo Kosoy<\/p>\n<p style=\"padding-left: 60px;\">Sec. Gral. Mercedes<\/p>\n","protected":false},"excerpt":{"rendered":"<p>La Agrupaci\u00f3n pol\u00edtica encabezada por Mart\u00edn \u00c1lvarez manifest\u00f3 su rechazo a las pintadas y expres\u00f3 que nada tienen que ver &#8230; <a title=\"\u00abPasos Previos\u00bb manifiesta no tener nada que ver con las pintadas a murales\" class=\"read-more\" href=\"https:\/\/www.hoymercedes.com.ar\/principal\/2013\/04\/24\/pasos-previos-manifiesta-no-tener-nada-que-ver-con-las-pintadas-a-murales\/\" aria-label=\"Leer m\u00e1s sobre \u00abPasos Previos\u00bb manifiesta no tener nada que ver con las pintadas a murales\">Leer m\u00e1s<\/a><\/p>\n","protected":false},"author":1,"featured_media":0,"comment_status":"open","ping_status":"open","sticky":false,"template":"","format":"standard","meta":{"_monsterinsights_skip_tracking":false,"_monsterinsights_sitenote_active":false,"_monsterinsights_sitenote_note":"","_monsterinsights_sitenote_category":0,"jetpack_post_was_ever_published":false,"_jetpack_newsletter_access":"","_jetpack_dont_email_post_to_subs":false,"_jetpack_newsletter_tier_id":0,"_jetpack_memberships_contains_paywalled_content":false,"_jetpack_memberships_contains_paid_content":false,"footnotes":"","jetpack_publicize_message":"","jetpack_publicize_feature_enabled":true,"jetpack_social_post_already_shared":true,"jetpack_social_options":{"image_generator_settings":{"template":"highway","default_image_id":0,"font":"","enabled":false},"version":2},"_wpas_customize_per_network":false},"categories":[5],"tags":[3413,3414],"class_list":["post-21841","post","type-post","status-publish","format-standard","hentry","category-politica","tag-los-pasos-previos-mercedes","tag-martin-alvarez-pasos-previos","generate-columns","tablet-grid-50","mobile-grid-100","grid-parent","grid-50"],"jetpack_publicize_connections":[],"jetpack_featured_media_url":"","wps_subtitle":"","jetpack_sharing_enabled":true,"_links":{"self":[{"href":"https:\/\/www.hoymercedes.com.ar\/principal\/wp-json\/wp\/v2\/posts\/21841","targetHints":{"allow":["GET"]}}],"collection":[{"href":"https:\/\/www.hoymercedes.com.ar\/principal\/wp-json\/wp\/v2\/posts"}],"about":[{"href":"https:\/\/www.hoymercedes.com.ar\/principal\/wp-json\/wp\/v2\/types\/post"}],"author":[{"embeddable":true,"href":"https:\/\/www.hoymercedes.com.ar\/principal\/wp-json\/wp\/v2\/users\/1"}],"replies":[{"embeddable":true,"href":"https:\/\/www.hoymercedes.com.ar\/principal\/wp-json\/wp\/v2\/comments?post=21841"}],"version-history":[{"count":0,"href":"https:\/\/www.hoymercedes.com.ar\/principal\/wp-json\/wp\/v2\/posts\/21841\/revisions"}],"wp:attachment":[{"href":"https:\/\/www.hoymercedes.com.ar\/principal\/wp-json\/wp\/v2\/media?parent=21841"}],"wp:term":[{"taxonomy":"category","embeddable":true,"href":"https:\/\/www.hoymercedes.com.ar\/principal\/wp-json\/wp\/v2\/categories?post=21841"},{"taxonomy":"post_tag","embeddable":true,"href":"https:\/\/www.hoymercedes.com.ar\/principal\/wp-json\/wp\/v2\/tags?post=21841"}],"curies":[{"name":"wp","href":"https:\/\/api.w.org\/{rel}","templated":true}]}}