{"id":21907,"date":"2013-04-27T02:44:54","date_gmt":"2013-04-27T02:44:54","guid":{"rendered":"http:\/\/www.hoymercedes.com.ar\/principal\/?p=21907"},"modified":"2013-04-27T02:44:54","modified_gmt":"2013-04-27T02:44:54","slug":"selva-confirmo-repavimentacion-de-ruta-n41","status":"publish","type":"post","link":"https:\/\/www.hoymercedes.com.ar\/principal\/2013\/04\/27\/selva-confirmo-repavimentacion-de-ruta-n41\/","title":{"rendered":"Selva confirm\u00f3 repavimentaci\u00f3n de Ruta N\u00b041"},"content":{"rendered":"<p><em><strong>Carlos Selva tambi\u00e9n fue parte de la noticia que ayer se conoc\u00eda respecto a la Ruta N\u00b041 que ser\u00e1 repavimentada totalmente en su tramo Mercedes &#8211; San Andr\u00e9s de Giles.<\/strong><\/em><\/p>\n<p>El primer mandatario local en conferencia de prensa manifest\u00f3 que desde hace tiempo se vienen realizando reuniones con el \u00a0titular de Vialidad Provincial Ricardo Curetti vienen dando sus frutos y que habr\u00eda avances con respecto a una posible repavimentaci\u00f3n de la Ruta 41. \u201c<em>Hace un mes estuvo con nosotros ac\u00e1\u00a0y le presentamos propuestas sobre lo que se deber\u00eda para mejorar la traza de la ruta. Adem\u00e1s la mayor novedad que nos dio Curetti fue la de colocar una balanza fija en la localidad de San Antonio de Areco\u201d<\/em>, dijo el intendente.<\/p>\n<p>Tambi\u00e9n dej\u00f3\u00a0en claro que han realizado gestiones desde hace a\u00f1os en conjunto con los municipios de San Andr\u00e9s\u00a0de Giles, San Antonio de Areco y Baradero. \u201c<em>Nosotros trabajamos en conjunto y en forma institucionalizada con los municipios y con la provincia, que es como se debe hacer. Las soluciones llegan de esa manera, del trabajo en equipo y regionalmente\u201d,<\/em> afirm\u00f3 el intendente.<\/p>\n<p>&nbsp;<\/p>\n","protected":false},"excerpt":{"rendered":"<p>Carlos Selva tambi\u00e9n fue parte de la noticia que ayer se conoc\u00eda respecto a la Ruta N\u00b041 que ser\u00e1 repavimentada &#8230; <a title=\"Selva confirm\u00f3 repavimentaci\u00f3n de Ruta N\u00b041\" class=\"read-more\" href=\"https:\/\/www.hoymercedes.com.ar\/principal\/2013\/04\/27\/selva-confirmo-repavimentacion-de-ruta-n41\/\" aria-label=\"Leer m\u00e1s sobre Selva confirm\u00f3 repavimentaci\u00f3n de Ruta N\u00b041\">Leer m\u00e1s<\/a><\/p>\n","protected":false},"author":1,"featured_media":0,"comment_status":"open","ping_status":"open","sticky":false,"template":"","format":"standard","meta":{"_monsterinsights_skip_tracking":false,"_monsterinsights_sitenote_active":false,"_monsterinsights_sitenote_note":"","_monsterinsights_sitenote_category":0,"jetpack_post_was_ever_published":false,"_jetpack_newsletter_access":"","_jetpack_dont_email_post_to_subs":false,"_jetpack_newsletter_tier_id":0,"_jetpack_memberships_contains_paywalled_content":false,"_jetpack_memberships_contains_paid_content":false,"footnotes":"","jetpack_publicize_message":"","jetpack_publicize_feature_enabled":true,"jetpack_social_post_already_shared":true,"jetpack_social_options":{"image_generator_settings":{"template":"highway","default_image_id":0,"font":"","enabled":false},"version":2},"_wpas_customize_per_network":false},"categories":[5],"tags":[39,2670],"class_list":["post-21907","post","type-post","status-publish","format-standard","hentry","category-politica","tag-carlos-selva","tag-ruta-41","generate-columns","tablet-grid-50","mobile-grid-100","grid-parent","grid-50"],"jetpack_publicize_connections":[],"jetpack_featured_media_url":"","wps_subtitle":"","jetpack_sharing_enabled":true,"_links":{"self":[{"href":"https:\/\/www.hoymercedes.com.ar\/principal\/wp-json\/wp\/v2\/posts\/21907","targetHints":{"allow":["GET"]}}],"collection":[{"href":"https:\/\/www.hoymercedes.com.ar\/principal\/wp-json\/wp\/v2\/posts"}],"about":[{"href":"https:\/\/www.hoymercedes.com.ar\/principal\/wp-json\/wp\/v2\/types\/post"}],"author":[{"embeddable":true,"href":"https:\/\/www.hoymercedes.com.ar\/principal\/wp-json\/wp\/v2\/users\/1"}],"replies":[{"embeddable":true,"href":"https:\/\/www.hoymercedes.com.ar\/principal\/wp-json\/wp\/v2\/comments?post=21907"}],"version-history":[{"count":0,"href":"https:\/\/www.hoymercedes.com.ar\/principal\/wp-json\/wp\/v2\/posts\/21907\/revisions"}],"wp:attachment":[{"href":"https:\/\/www.hoymercedes.com.ar\/principal\/wp-json\/wp\/v2\/media?parent=21907"}],"wp:term":[{"taxonomy":"category","embeddable":true,"href":"https:\/\/www.hoymercedes.com.ar\/principal\/wp-json\/wp\/v2\/categories?post=21907"},{"taxonomy":"post_tag","embeddable":true,"href":"https:\/\/www.hoymercedes.com.ar\/principal\/wp-json\/wp\/v2\/tags?post=21907"}],"curies":[{"name":"wp","href":"https:\/\/api.w.org\/{rel}","templated":true}]}}