{"id":21947,"date":"2013-04-29T11:52:16","date_gmt":"2013-04-29T11:52:16","guid":{"rendered":"http:\/\/www.hoymercedes.com.ar\/principal\/?p=21947"},"modified":"2013-04-29T11:52:16","modified_gmt":"2013-04-29T11:52:16","slug":"principi-y-ustarroz-anunciaron-insumos-obras-y-medicos-para-el-hospital","status":"publish","type":"post","link":"https:\/\/www.hoymercedes.com.ar\/principal\/2013\/04\/29\/principi-y-ustarroz-anunciaron-insumos-obras-y-medicos-para-el-hospital\/","title":{"rendered":"Principi y Ustarroz anunciaron insumos, obras y m\u00e9dicos para el hospital"},"content":{"rendered":"<p><em><strong>En una conferencia de prensa el s\u00e1bado por la ma\u00f1ana el Director de Hospital, Rodolfo Pr\u00edncipi y el referente del Frente Mercedino efectuaron el anuncio de las novedades que el nosocomio local tendr\u00e1. Nombramientos, obras y el arribo de insumos.\u00a0<\/strong><\/em><\/p>\n<p>Seg\u00fan informaron durante la semana, Pr\u00edncipi, Ustarroz y Espa\u00f1a estuvieron reunidos con funcionarios provinciales y nacionales con el objetivo de avanzar en mejoras para el hospital Dubarry.<\/p>\n<p>Las gestiones realizadas han logrado el nombramiento de 10 m\u00e9dicos y la promesa de otros 6 en el futuro. Se trata de dos pediatras generalistas para que realicen tareas de consultorio de lunes a viernes, un ginec\u00f3logo para guardia de fines de semana, m\u00e9dicos para guardia, un t\u00e9cnico para hemoterapia, una ecografista y dos especialistas en otorrnolaringolog\u00eda.<\/p>\n<p>Los insumos tienen un valor de 300 mil pesos.<\/p>\n<p>Tambi\u00e9n anunciaron que entre 90 y 120 d\u00edas estar\u00e1n las obras que vienen llevando a cabo en el \u00e1rea de pediatr\u00eda que tiene como fondos lo recaudado en la cena realizada el a\u00f1o pasado.<\/p>\n<p>Su Director, Fito Pr\u00ecncipi, sostuvo que prefiere <em>\u201cestar de acuerdo en las coincidencias con el Frente Mercedino\u201d<\/em> y compartiendo la idea de que <em>\u201cno se puede gestionar gestionar par aun sector, sino que se debe hacer para todos\u201d<\/em>. A su vez, el tambi\u00e9n concejal Pr\u00edncipi, aprovech\u00f3 la ocasi\u00f3n para criticar el intendente Carlos Selva a qui\u00e9n acus\u00f3 de no ayudarlo en la gesti\u00f3n y dej\u00f3 correr la idea de que pudo el primer mandatario hacerle trabas en la gesti\u00f3n de la entidad protectora de la salud.<\/p>\n<p>&nbsp;<\/p>\n","protected":false},"excerpt":{"rendered":"<p>En una conferencia de prensa el s\u00e1bado por la ma\u00f1ana el Director de Hospital, Rodolfo Pr\u00edncipi y el referente del &#8230; <a title=\"Principi y Ustarroz anunciaron insumos, obras y m\u00e9dicos para el hospital\" class=\"read-more\" href=\"https:\/\/www.hoymercedes.com.ar\/principal\/2013\/04\/29\/principi-y-ustarroz-anunciaron-insumos-obras-y-medicos-para-el-hospital\/\" aria-label=\"Leer m\u00e1s sobre Principi y Ustarroz anunciaron insumos, obras y m\u00e9dicos para el hospital\">Leer m\u00e1s<\/a><\/p>\n","protected":false},"author":1,"featured_media":0,"comment_status":"open","ping_status":"open","sticky":false,"template":"","format":"standard","meta":{"_monsterinsights_skip_tracking":false,"_monsterinsights_sitenote_active":false,"_monsterinsights_sitenote_note":"","_monsterinsights_sitenote_category":0,"jetpack_post_was_ever_published":false,"_jetpack_newsletter_access":"","_jetpack_dont_email_post_to_subs":false,"_jetpack_newsletter_tier_id":0,"_jetpack_memberships_contains_paywalled_content":false,"_jetpack_memberships_contains_paid_content":false,"footnotes":"","jetpack_publicize_message":"","jetpack_publicize_feature_enabled":true,"jetpack_social_post_already_shared":true,"jetpack_social_options":{"image_generator_settings":{"template":"highway","default_image_id":0,"font":"","enabled":false},"version":2},"_wpas_customize_per_network":false},"categories":[8],"tags":[133,132,424],"class_list":["post-21947","post","type-post","status-publish","format-standard","hentry","category-sociedad","tag-hospital-mercedes","tag-principi","tag-ustarroz","generate-columns","tablet-grid-50","mobile-grid-100","grid-parent","grid-50"],"jetpack_publicize_connections":[],"jetpack_featured_media_url":"","wps_subtitle":"","jetpack_sharing_enabled":true,"_links":{"self":[{"href":"https:\/\/www.hoymercedes.com.ar\/principal\/wp-json\/wp\/v2\/posts\/21947","targetHints":{"allow":["GET"]}}],"collection":[{"href":"https:\/\/www.hoymercedes.com.ar\/principal\/wp-json\/wp\/v2\/posts"}],"about":[{"href":"https:\/\/www.hoymercedes.com.ar\/principal\/wp-json\/wp\/v2\/types\/post"}],"author":[{"embeddable":true,"href":"https:\/\/www.hoymercedes.com.ar\/principal\/wp-json\/wp\/v2\/users\/1"}],"replies":[{"embeddable":true,"href":"https:\/\/www.hoymercedes.com.ar\/principal\/wp-json\/wp\/v2\/comments?post=21947"}],"version-history":[{"count":0,"href":"https:\/\/www.hoymercedes.com.ar\/principal\/wp-json\/wp\/v2\/posts\/21947\/revisions"}],"wp:attachment":[{"href":"https:\/\/www.hoymercedes.com.ar\/principal\/wp-json\/wp\/v2\/media?parent=21947"}],"wp:term":[{"taxonomy":"category","embeddable":true,"href":"https:\/\/www.hoymercedes.com.ar\/principal\/wp-json\/wp\/v2\/categories?post=21947"},{"taxonomy":"post_tag","embeddable":true,"href":"https:\/\/www.hoymercedes.com.ar\/principal\/wp-json\/wp\/v2\/tags?post=21947"}],"curies":[{"name":"wp","href":"https:\/\/api.w.org\/{rel}","templated":true}]}}