{"id":2200,"date":"2011-02-14T05:08:18","date_gmt":"2011-02-14T05:08:18","guid":{"rendered":"http:\/\/www.hoymercedes.com.ar\/principal\/?p=2200"},"modified":"2011-02-14T05:08:18","modified_gmt":"2011-02-14T05:08:18","slug":"jose-luis-di-palma-presento-su-4x4-el-rally-argetina-chile-en-mercedes-fotos","status":"publish","type":"post","link":"https:\/\/www.hoymercedes.com.ar\/principal\/2011\/02\/14\/jose-luis-di-palma-presento-su-4x4-el-rally-argetina-chile-en-mercedes-fotos\/","title":{"rendered":"Jos\u00e9 Luis Di Palma presento su 4&#215;4 el Rally Argetina-Chile en Mercedes (Fotos)"},"content":{"rendered":"<p style=\"text-align: justify;\">El mayor de los hijos de Luis Rub\u00e9n Di Palma, Jos\u00e9 Luis, estuvo en nuestra ciudad presentando su unidad 4&#215;4 con la cual compiti\u00f3 el exigente Rally Argentina-Chile.<\/p>\n<p style=\"text-align: justify;\">Lo hizo como parte de la log\u00edstica publicitaria que efect\u00faa una de las empresas de telefon\u00eda m\u00f3vil que opera en Mercedes que tal vez fue la principal sponsor del piloto de Arrecifes<\/p>\n<p style=\"text-align: justify;\">Con su caracter\u00edstica simpat\u00eda y bien trato hacia los centenares de Mercedinos que se acercaron has \u00e9l para solicitarle una foto o un aut\u00f3grafo, Jos\u00e9 Luis narro varias historias relacionadas con la participaci\u00f3n en este verdadero desaf\u00edo automovil\u00edstico, en su caso, ya que debemos recordar que el rally permite adem\u00e1s motos, cuatriciclos y camiones.<\/p>\n<p style=\"text-align: justify;\">Pero sin duda alguna lo m\u00e1s jugoso fue el dialogo que desde HOYMERCEDES mantuvimos relacionados con su padre y aquella victoria en la \u00faltima edici\u00f3n de las 500 Millas mercedinas que se corrieron en Chivilcoy, donde Luis Rub\u00e9n ganaba la prueba tras la suspensi\u00f3n de la misma a ra\u00edz de una accidente fatal que ocurr\u00eda en la zona del parque cerrado.<\/p>\n<p style=\"text-align: justify;\">Sostuvo \u201ccomo olvidar aquel Torino de color borra vino con la publicidad del vino que ten\u00eda dicho color, yo ten\u00eda 10 a\u00f1os y a pesar que siempre iba a ver las carreras en dicha oportunidad no estuve pero s\u00ed recuerdo la carera y lo que pas\u00f3 en la misma\u201d.<\/p>\n<p style=\"text-align: justify;\">Consultado acerca de la posibilidad de retornar al Turismo de Carretera, Jos\u00e9 Luis Di Palma sostuvo \u201cpor ahora estamos en conversaciones, lo que ocurre es que la categor\u00eda se fue realmente muy arriba, hoy hablar de un auto realmente de punta es hablar de por lo menos Ciento Cuarenta Mil pesos, o m\u00e1s por carrera.<\/p>\n<p style=\"text-align: justify;\">Me han ofrecido incorporarme a la Clase 3 del Turismo Nacional pero vamos a ver que pasar\u00e1. Lo cierto y seguro es que voy a continuar al lado de Josito (Su hijo) en dicha categor\u00eda en laque de cualquier manera a pesar que es muy diferente al TC ten\u00e9s que hablar de no menos de Cincuenta mil pesos para ir bien equipado a cada carera.\u00a0 Pero reitero que es TC esta muy caro m\u00e1s all\u00e1 que nosotros tampoco hicimos un gran esfuerzo en buscar el presupuesto necesario.<\/p>\n<p style=\"text-align: justify;\">Sin embargo existir\u00eda una posibilidad de estar corriendo un Torino en el equipo de Canapino, pero si ello se concreta seria a partir de la tercera o cuarta carrera del a\u00f1o\u201d.<\/p>\n<p style=\"text-align: center;\"><a href=\"https:\/\/www.hoymercedes.com.ar\/principal\/wp-content\/uploads\/2011\/02\/DiPalma001.jpg\"><img loading=\"lazy\" decoding=\"async\" data-attachment-id=\"2202\" data-permalink=\"https:\/\/www.hoymercedes.com.ar\/principal\/2011\/02\/14\/jose-luis-di-palma-presento-su-4x4-el-rally-argetina-chile-en-mercedes-fotos\/dipalma001\/#main\" data-orig-file=\"https:\/\/www.hoymercedes.com.ar\/principal\/wp-content\/uploads\/2011\/02\/DiPalma001.jpg\" data-orig-size=\"500,375\" data-comments-opened=\"1\" data-image-meta=\"{&quot;aperture&quot;:&quot;3.4&quot;,&quot;credit&quot;:&quot;&quot;,&quot;camera&quot;:&quot;COOLPIX L10&quot;,&quot;caption&quot;:&quot;&quot;,&quot;created_timestamp&quot;:&quot;1297345255&quot;,&quot;copyright&quot;:&quot;Copyright 2006&quot;,&quot;focal_length&quot;:&quot;9&quot;,&quot;iso&quot;:&quot;64&quot;,&quot;shutter_speed&quot;:&quot;0.0099403578528827&quot;,&quot;title&quot;:&quot;&quot;}\" data-image-title=\"DiPalma001\" data-image-description=\"\" data-image-caption=\"\" data-large-file=\"https:\/\/www.hoymercedes.com.ar\/principal\/wp-content\/uploads\/2011\/02\/DiPalma001.jpg\" class=\"size-full wp-image-2202  aligncenter\" title=\"DiPalma001\" src=\"https:\/\/www.hoymercedes.com.ar\/principal\/wp-content\/uploads\/2011\/02\/DiPalma001.jpg\" alt=\"\" width=\"500\" height=\"375\" \/><\/a><a href=\"https:\/\/www.hoymercedes.com.ar\/principal\/wp-content\/uploads\/2011\/02\/DiPalma006.jpg\"><\/a><\/p>\n<p style=\"text-align: center;\">\n<p style=\"text-align: center;\"><a href=\"https:\/\/www.hoymercedes.com.ar\/principal\/wp-content\/uploads\/2011\/02\/DiPalma006.jpg\"><img loading=\"lazy\" decoding=\"async\" data-attachment-id=\"2207\" data-permalink=\"https:\/\/www.hoymercedes.com.ar\/principal\/2011\/02\/14\/jose-luis-di-palma-presento-su-4x4-el-rally-argetina-chile-en-mercedes-fotos\/dipalma006\/#main\" data-orig-file=\"https:\/\/www.hoymercedes.com.ar\/principal\/wp-content\/uploads\/2011\/02\/DiPalma006.jpg\" data-orig-size=\"500,375\" data-comments-opened=\"1\" data-image-meta=\"{&quot;aperture&quot;:&quot;2.8&quot;,&quot;credit&quot;:&quot;&quot;,&quot;camera&quot;:&quot;COOLPIX L10&quot;,&quot;caption&quot;:&quot;&quot;,&quot;created_timestamp&quot;:&quot;1297346335&quot;,&quot;copyright&quot;:&quot;Copyright 2006&quot;,&quot;focal_length&quot;:&quot;6.2&quot;,&quot;iso&quot;:&quot;64&quot;,&quot;shutter_speed&quot;:&quot;0.0099403578528827&quot;,&quot;title&quot;:&quot;&quot;}\" data-image-title=\"DiPalma006\" data-image-description=\"\" data-image-caption=\"\" data-large-file=\"https:\/\/www.hoymercedes.com.ar\/principal\/wp-content\/uploads\/2011\/02\/DiPalma006.jpg\" class=\"size-full wp-image-2207  aligncenter\" title=\"DiPalma006\" src=\"https:\/\/www.hoymercedes.com.ar\/principal\/wp-content\/uploads\/2011\/02\/DiPalma006.jpg\" alt=\"\" width=\"500\" height=\"375\" srcset=\"https:\/\/www.hoymercedes.com.ar\/principal\/wp-content\/uploads\/2011\/02\/DiPalma006.jpg 500w, https:\/\/www.hoymercedes.com.ar\/principal\/wp-content\/uploads\/2011\/02\/DiPalma006-300x225.jpg 300w\" sizes=\"auto, (max-width: 500px) 100vw, 500px\" \/><\/a><a href=\"https:\/\/www.hoymercedes.com.ar\/principal\/wp-content\/uploads\/2011\/02\/DiPalma005.jpg\"><\/a><\/p>\n<p style=\"text-align: center;\"><a href=\"https:\/\/www.hoymercedes.com.ar\/principal\/wp-content\/uploads\/2011\/02\/DiPalma005.jpg\"><img loading=\"lazy\" decoding=\"async\" data-attachment-id=\"2206\" data-permalink=\"https:\/\/www.hoymercedes.com.ar\/principal\/2011\/02\/14\/jose-luis-di-palma-presento-su-4x4-el-rally-argetina-chile-en-mercedes-fotos\/dipalma005\/#main\" data-orig-file=\"https:\/\/www.hoymercedes.com.ar\/principal\/wp-content\/uploads\/2011\/02\/DiPalma005.jpg\" data-orig-size=\"500,375\" data-comments-opened=\"1\" data-image-meta=\"{&quot;aperture&quot;:&quot;2.8&quot;,&quot;credit&quot;:&quot;&quot;,&quot;camera&quot;:&quot;COOLPIX L10&quot;,&quot;caption&quot;:&quot;&quot;,&quot;created_timestamp&quot;:&quot;1297345950&quot;,&quot;copyright&quot;:&quot;Copyright 2006&quot;,&quot;focal_length&quot;:&quot;6.2&quot;,&quot;iso&quot;:&quot;64&quot;,&quot;shutter_speed&quot;:&quot;0.011286681715576&quot;,&quot;title&quot;:&quot;&quot;}\" data-image-title=\"DiPalma005\" data-image-description=\"\" data-image-caption=\"\" data-large-file=\"https:\/\/www.hoymercedes.com.ar\/principal\/wp-content\/uploads\/2011\/02\/DiPalma005.jpg\" class=\"size-full wp-image-2206  aligncenter\" title=\"DiPalma005\" src=\"https:\/\/www.hoymercedes.com.ar\/principal\/wp-content\/uploads\/2011\/02\/DiPalma005.jpg\" alt=\"\" width=\"500\" height=\"375\" srcset=\"https:\/\/www.hoymercedes.com.ar\/principal\/wp-content\/uploads\/2011\/02\/DiPalma005.jpg 500w, https:\/\/www.hoymercedes.com.ar\/principal\/wp-content\/uploads\/2011\/02\/DiPalma005-300x225.jpg 300w\" sizes=\"auto, (max-width: 500px) 100vw, 500px\" \/><\/a><a href=\"https:\/\/www.hoymercedes.com.ar\/principal\/wp-content\/uploads\/2011\/02\/DiPalma004.jpg\"><\/a><\/p>\n<p style=\"text-align: center;\"><a href=\"https:\/\/www.hoymercedes.com.ar\/principal\/wp-content\/uploads\/2011\/02\/DiPalma004.jpg\"><img loading=\"lazy\" decoding=\"async\" data-attachment-id=\"2205\" data-permalink=\"https:\/\/www.hoymercedes.com.ar\/principal\/2011\/02\/14\/jose-luis-di-palma-presento-su-4x4-el-rally-argetina-chile-en-mercedes-fotos\/dipalma004\/#main\" data-orig-file=\"https:\/\/www.hoymercedes.com.ar\/principal\/wp-content\/uploads\/2011\/02\/DiPalma004.jpg\" data-orig-size=\"500,375\" data-comments-opened=\"1\" data-image-meta=\"{&quot;aperture&quot;:&quot;2.8&quot;,&quot;credit&quot;:&quot;&quot;,&quot;camera&quot;:&quot;COOLPIX L10&quot;,&quot;caption&quot;:&quot;&quot;,&quot;created_timestamp&quot;:&quot;1297345416&quot;,&quot;copyright&quot;:&quot;Copyright 2006&quot;,&quot;focal_length&quot;:&quot;6.2&quot;,&quot;iso&quot;:&quot;259&quot;,&quot;shutter_speed&quot;:&quot;0.016666666666667&quot;,&quot;title&quot;:&quot;&quot;}\" data-image-title=\"DiPalma004\" data-image-description=\"\" data-image-caption=\"\" data-large-file=\"https:\/\/www.hoymercedes.com.ar\/principal\/wp-content\/uploads\/2011\/02\/DiPalma004.jpg\" class=\"size-full wp-image-2205  aligncenter\" title=\"DiPalma004\" src=\"https:\/\/www.hoymercedes.com.ar\/principal\/wp-content\/uploads\/2011\/02\/DiPalma004.jpg\" alt=\"\" width=\"500\" height=\"375\" srcset=\"https:\/\/www.hoymercedes.com.ar\/principal\/wp-content\/uploads\/2011\/02\/DiPalma004.jpg 500w, https:\/\/www.hoymercedes.com.ar\/principal\/wp-content\/uploads\/2011\/02\/DiPalma004-300x225.jpg 300w\" sizes=\"auto, (max-width: 500px) 100vw, 500px\" \/><\/a><a href=\"https:\/\/www.hoymercedes.com.ar\/principal\/wp-content\/uploads\/2011\/02\/DiPalma003.jpg\"><\/a><\/p>\n<p style=\"text-align: center;\"><a href=\"https:\/\/www.hoymercedes.com.ar\/principal\/wp-content\/uploads\/2011\/02\/DiPalma003.jpg\"><img loading=\"lazy\" decoding=\"async\" data-attachment-id=\"2204\" data-permalink=\"https:\/\/www.hoymercedes.com.ar\/principal\/2011\/02\/14\/jose-luis-di-palma-presento-su-4x4-el-rally-argetina-chile-en-mercedes-fotos\/dipalma003\/#main\" data-orig-file=\"https:\/\/www.hoymercedes.com.ar\/principal\/wp-content\/uploads\/2011\/02\/DiPalma003.jpg\" data-orig-size=\"500,375\" data-comments-opened=\"1\" data-image-meta=\"{&quot;aperture&quot;:&quot;2.8&quot;,&quot;credit&quot;:&quot;&quot;,&quot;camera&quot;:&quot;COOLPIX L10&quot;,&quot;caption&quot;:&quot;&quot;,&quot;created_timestamp&quot;:&quot;1297345382&quot;,&quot;copyright&quot;:&quot;Copyright 2006&quot;,&quot;focal_length&quot;:&quot;6.2&quot;,&quot;iso&quot;:&quot;64&quot;,&quot;shutter_speed&quot;:&quot;0.024630541871921&quot;,&quot;title&quot;:&quot;&quot;}\" data-image-title=\"DiPalma003\" data-image-description=\"\" data-image-caption=\"\" data-large-file=\"https:\/\/www.hoymercedes.com.ar\/principal\/wp-content\/uploads\/2011\/02\/DiPalma003.jpg\" class=\"size-full wp-image-2204  aligncenter\" title=\"DiPalma003\" src=\"https:\/\/www.hoymercedes.com.ar\/principal\/wp-content\/uploads\/2011\/02\/DiPalma003.jpg\" alt=\"\" width=\"500\" height=\"375\" srcset=\"https:\/\/www.hoymercedes.com.ar\/principal\/wp-content\/uploads\/2011\/02\/DiPalma003.jpg 500w, https:\/\/www.hoymercedes.com.ar\/principal\/wp-content\/uploads\/2011\/02\/DiPalma003-300x225.jpg 300w\" sizes=\"auto, (max-width: 500px) 100vw, 500px\" \/><\/a><a href=\"https:\/\/www.hoymercedes.com.ar\/principal\/wp-content\/uploads\/2011\/02\/DiPalma002.jpg\"><\/a><\/p>\n<p style=\"text-align: center;\"><a href=\"https:\/\/www.hoymercedes.com.ar\/principal\/wp-content\/uploads\/2011\/02\/DiPalma002.jpg\"><img loading=\"lazy\" decoding=\"async\" data-attachment-id=\"2203\" data-permalink=\"https:\/\/www.hoymercedes.com.ar\/principal\/2011\/02\/14\/jose-luis-di-palma-presento-su-4x4-el-rally-argetina-chile-en-mercedes-fotos\/dipalma002\/#main\" data-orig-file=\"https:\/\/www.hoymercedes.com.ar\/principal\/wp-content\/uploads\/2011\/02\/DiPalma002.jpg\" data-orig-size=\"500,375\" data-comments-opened=\"1\" data-image-meta=\"{&quot;aperture&quot;:&quot;3.1&quot;,&quot;credit&quot;:&quot;&quot;,&quot;camera&quot;:&quot;COOLPIX L10&quot;,&quot;caption&quot;:&quot;&quot;,&quot;created_timestamp&quot;:&quot;1297345326&quot;,&quot;copyright&quot;:&quot;Copyright 2006&quot;,&quot;focal_length&quot;:&quot;7.6&quot;,&quot;iso&quot;:&quot;64&quot;,&quot;shutter_speed&quot;:&quot;0.0087260034904014&quot;,&quot;title&quot;:&quot;&quot;}\" data-image-title=\"DiPalma002\" data-image-description=\"\" data-image-caption=\"\" data-large-file=\"https:\/\/www.hoymercedes.com.ar\/principal\/wp-content\/uploads\/2011\/02\/DiPalma002.jpg\" class=\"size-full wp-image-2203  aligncenter\" title=\"DiPalma002\" src=\"https:\/\/www.hoymercedes.com.ar\/principal\/wp-content\/uploads\/2011\/02\/DiPalma002.jpg\" alt=\"\" width=\"500\" height=\"375\" srcset=\"https:\/\/www.hoymercedes.com.ar\/principal\/wp-content\/uploads\/2011\/02\/DiPalma002.jpg 500w, https:\/\/www.hoymercedes.com.ar\/principal\/wp-content\/uploads\/2011\/02\/DiPalma002-300x225.jpg 300w\" sizes=\"auto, (max-width: 500px) 100vw, 500px\" \/><\/a><a href=\"https:\/\/www.hoymercedes.com.ar\/principal\/wp-content\/uploads\/2011\/02\/DiPalma001.jpg\"><\/a><\/p>\n<p style=\"text-align: center;\"><a href=\"https:\/\/www.hoymercedes.com.ar\/principal\/wp-content\/uploads\/2011\/02\/DiPalma001.jpg\"><img loading=\"lazy\" decoding=\"async\" data-attachment-id=\"2202\" data-permalink=\"https:\/\/www.hoymercedes.com.ar\/principal\/2011\/02\/14\/jose-luis-di-palma-presento-su-4x4-el-rally-argetina-chile-en-mercedes-fotos\/dipalma001\/#main\" data-orig-file=\"https:\/\/www.hoymercedes.com.ar\/principal\/wp-content\/uploads\/2011\/02\/DiPalma001.jpg\" data-orig-size=\"500,375\" data-comments-opened=\"1\" data-image-meta=\"{&quot;aperture&quot;:&quot;3.4&quot;,&quot;credit&quot;:&quot;&quot;,&quot;camera&quot;:&quot;COOLPIX L10&quot;,&quot;caption&quot;:&quot;&quot;,&quot;created_timestamp&quot;:&quot;1297345255&quot;,&quot;copyright&quot;:&quot;Copyright 2006&quot;,&quot;focal_length&quot;:&quot;9&quot;,&quot;iso&quot;:&quot;64&quot;,&quot;shutter_speed&quot;:&quot;0.0099403578528827&quot;,&quot;title&quot;:&quot;&quot;}\" data-image-title=\"DiPalma001\" data-image-description=\"\" data-image-caption=\"\" data-large-file=\"https:\/\/www.hoymercedes.com.ar\/principal\/wp-content\/uploads\/2011\/02\/DiPalma001.jpg\" class=\"size-full wp-image-2202  aligncenter\" title=\"DiPalma001\" src=\"https:\/\/www.hoymercedes.com.ar\/principal\/wp-content\/uploads\/2011\/02\/DiPalma001.jpg\" alt=\"\" width=\"500\" height=\"375\" \/><\/a><\/p>\n<p style=\"text-align: center;\">\n","protected":false},"excerpt":{"rendered":"<p>El mayor de los hijos de Luis Rub\u00e9n Di Palma, Jos\u00e9 Luis, estuvo en nuestra ciudad presentando su unidad 4&#215;4 &#8230; <a title=\"Jos\u00e9 Luis Di Palma presento su 4&#215;4 el Rally Argetina-Chile en Mercedes (Fotos)\" class=\"read-more\" href=\"https:\/\/www.hoymercedes.com.ar\/principal\/2011\/02\/14\/jose-luis-di-palma-presento-su-4x4-el-rally-argetina-chile-en-mercedes-fotos\/\" aria-label=\"Leer m\u00e1s sobre Jos\u00e9 Luis Di Palma presento su 4&#215;4 el Rally Argetina-Chile en Mercedes (Fotos)\">Leer m\u00e1s<\/a><\/p>\n","protected":false},"author":1,"featured_media":0,"comment_status":"open","ping_status":"open","sticky":false,"template":"","format":"standard","meta":{"_monsterinsights_skip_tracking":false,"_monsterinsights_sitenote_active":false,"_monsterinsights_sitenote_note":"","_monsterinsights_sitenote_category":0,"jetpack_post_was_ever_published":false,"_jetpack_newsletter_access":"","_jetpack_dont_email_post_to_subs":false,"_jetpack_newsletter_tier_id":0,"_jetpack_memberships_contains_paywalled_content":false,"_jetpack_memberships_contains_paid_content":false,"footnotes":"","jetpack_publicize_message":"","jetpack_publicize_feature_enabled":true,"jetpack_social_post_already_shared":false,"jetpack_social_options":{"image_generator_settings":{"template":"highway","default_image_id":0,"font":"","enabled":false},"version":2},"_wpas_customize_per_network":false},"categories":[8],"tags":[483,482],"class_list":["post-2200","post","type-post","status-publish","format-standard","hentry","category-sociedad","tag-dakar","tag-di-palma","generate-columns","tablet-grid-50","mobile-grid-100","grid-parent","grid-50"],"jetpack_publicize_connections":[],"jetpack_featured_media_url":"","wps_subtitle":"","jetpack_sharing_enabled":true,"_links":{"self":[{"href":"https:\/\/www.hoymercedes.com.ar\/principal\/wp-json\/wp\/v2\/posts\/2200","targetHints":{"allow":["GET"]}}],"collection":[{"href":"https:\/\/www.hoymercedes.com.ar\/principal\/wp-json\/wp\/v2\/posts"}],"about":[{"href":"https:\/\/www.hoymercedes.com.ar\/principal\/wp-json\/wp\/v2\/types\/post"}],"author":[{"embeddable":true,"href":"https:\/\/www.hoymercedes.com.ar\/principal\/wp-json\/wp\/v2\/users\/1"}],"replies":[{"embeddable":true,"href":"https:\/\/www.hoymercedes.com.ar\/principal\/wp-json\/wp\/v2\/comments?post=2200"}],"version-history":[{"count":0,"href":"https:\/\/www.hoymercedes.com.ar\/principal\/wp-json\/wp\/v2\/posts\/2200\/revisions"}],"wp:attachment":[{"href":"https:\/\/www.hoymercedes.com.ar\/principal\/wp-json\/wp\/v2\/media?parent=2200"}],"wp:term":[{"taxonomy":"category","embeddable":true,"href":"https:\/\/www.hoymercedes.com.ar\/principal\/wp-json\/wp\/v2\/categories?post=2200"},{"taxonomy":"post_tag","embeddable":true,"href":"https:\/\/www.hoymercedes.com.ar\/principal\/wp-json\/wp\/v2\/tags?post=2200"}],"curies":[{"name":"wp","href":"https:\/\/api.w.org\/{rel}","templated":true}]}}