{"id":22018,"date":"2013-05-02T21:22:03","date_gmt":"2013-05-02T21:22:03","guid":{"rendered":"http:\/\/www.hoymercedes.com.ar\/principal\/?p=22018"},"modified":"2013-05-02T21:22:03","modified_gmt":"2013-05-02T21:22:03","slug":"habria-cambios-en-la-direccion-de-cultura-se-iria-victor-stabile-2","status":"publish","type":"post","link":"https:\/\/www.hoymercedes.com.ar\/principal\/2013\/05\/02\/habria-cambios-en-la-direccion-de-cultura-se-iria-victor-stabile-2\/","title":{"rendered":"Habr\u00eda cambios en la Direcci\u00f3n de Cultura: se ir\u00eda Victor St\u00e1bile"},"content":{"rendered":"<figure id=\"attachment_22020\" aria-describedby=\"caption-attachment-22020\" style=\"width: 610px\" class=\"wp-caption aligncenter\"><a href=\"https:\/\/www.hoymercedes.com.ar\/principal\/wp-content\/uploads\/2013\/05\/vistorstabile1.jpg\"><img loading=\"lazy\" decoding=\"async\" data-attachment-id=\"22020\" data-permalink=\"https:\/\/www.hoymercedes.com.ar\/principal\/2013\/05\/02\/habria-cambios-en-la-direccion-de-cultura-se-iria-victor-stabile-2\/vistorstabile-2\/#main\" data-orig-file=\"https:\/\/www.hoymercedes.com.ar\/principal\/wp-content\/uploads\/2013\/05\/vistorstabile1.jpg\" data-orig-size=\"620,483\" data-comments-opened=\"1\" data-image-meta=\"{&quot;aperture&quot;:&quot;4&quot;,&quot;credit&quot;:&quot;&quot;,&quot;camera&quot;:&quot;NIKON D50&quot;,&quot;caption&quot;:&quot;&quot;,&quot;created_timestamp&quot;:&quot;1335346685&quot;,&quot;copyright&quot;:&quot;&quot;,&quot;focal_length&quot;:&quot;40&quot;,&quot;iso&quot;:&quot;0&quot;,&quot;shutter_speed&quot;:&quot;0.016666666666667&quot;,&quot;title&quot;:&quot;&quot;}\" data-image-title=\"vistorstabile\" data-image-description=\"\" data-image-caption=\"&lt;p&gt;V\u00edctor St\u00e1bile&lt;\/p&gt;\n\" data-large-file=\"https:\/\/www.hoymercedes.com.ar\/principal\/wp-content\/uploads\/2013\/05\/vistorstabile1.jpg\" class=\"size-full wp-image-22020\" alt=\"V\u00edctor St\u00e1bile\" src=\"https:\/\/www.hoymercedes.com.ar\/principal\/wp-content\/uploads\/2013\/05\/vistorstabile1.jpg\" width=\"620\" height=\"483\" \/><\/a><figcaption id=\"caption-attachment-22020\" class=\"wp-caption-text\">V\u00edctor St\u00e1bile<\/figcaption><\/figure>\n<p><em><strong>A los cambios ya vividos en los \u00faltimos d\u00edas estar\u00eda todo listo para que el Director de Cultura, Victor St\u00e1bile, deje su lugar. La versi\u00f3n circul\u00f3 durante meses y ahora ser\u00eda cuesti\u00f3n de horas se concrete.<\/strong><\/em><\/p>\n<p>D\u00edas atr\u00e1s se supo que en el \u00e1rea de Desarrollo Social se sumaban Andrea Bozzini y Cristina Arias en lugar de Alejandra Ossorio y Sergio Caballero qui\u00e9n dej\u00f3 su espacio en la gesti\u00f3n hace tiempo ya y que Juan Otero pasaba de la Coordinaci\u00f3n de la Direcci\u00f3n de Seguridad a la administraci\u00f3n del Cementerio siendo remplazado por Paola Navarro. Tambi\u00e9n Nancy Parodi que se suma a Desarrollo Social.<\/p>\n<p>Ahora se sabe que Stabile est\u00e1 apunto de dejar la Direcci\u00f3n de Cultura de la comuna donde ya se habr\u00eda despedido de los empleados del \u00e1rea a su cargo. No est\u00e1 especificado si es una decisi\u00f3n personal o un pedido del primer mandatario quien, de todos modos, hab\u00eda declarado la semana pasada que<em>\u00a0\u00abhabr\u00e1 m\u00e1s cambios que se conocer\u00e1n en su momento<\/em>\u00ab.<\/p>\n<p>La dimisi\u00f3n no tiene por el momento un nombre que lo remplace, al menos danzando en los pasillos.<\/p>\n","protected":false},"excerpt":{"rendered":"<p>A los cambios ya vividos en los \u00faltimos d\u00edas estar\u00eda todo listo para que el Director de Cultura, Victor St\u00e1bile, &#8230; <a title=\"Habr\u00eda cambios en la Direcci\u00f3n de Cultura: se ir\u00eda Victor St\u00e1bile\" class=\"read-more\" href=\"https:\/\/www.hoymercedes.com.ar\/principal\/2013\/05\/02\/habria-cambios-en-la-direccion-de-cultura-se-iria-victor-stabile-2\/\" aria-label=\"Leer m\u00e1s sobre Habr\u00eda cambios en la Direcci\u00f3n de Cultura: se ir\u00eda Victor St\u00e1bile\">Leer m\u00e1s<\/a><\/p>\n","protected":false},"author":1,"featured_media":0,"comment_status":"open","ping_status":"open","sticky":false,"template":"","format":"standard","meta":{"_monsterinsights_skip_tracking":false,"_monsterinsights_sitenote_active":false,"_monsterinsights_sitenote_note":"","_monsterinsights_sitenote_category":0,"jetpack_post_was_ever_published":false,"_jetpack_newsletter_access":"","_jetpack_dont_email_post_to_subs":false,"_jetpack_newsletter_tier_id":0,"_jetpack_memberships_contains_paywalled_content":false,"_jetpack_memberships_contains_paid_content":false,"footnotes":"","jetpack_publicize_message":"","jetpack_publicize_feature_enabled":true,"jetpack_social_post_already_shared":true,"jetpack_social_options":{"image_generator_settings":{"template":"highway","default_image_id":0,"font":"","enabled":false},"version":2},"_wpas_customize_per_network":false},"categories":[5],"tags":[2623,3431],"class_list":["post-22018","post","type-post","status-publish","format-standard","hentry","category-politica","tag-direccion-de-cultura-mercedes","tag-victor-stabile","generate-columns","tablet-grid-50","mobile-grid-100","grid-parent","grid-50"],"jetpack_publicize_connections":[],"jetpack_featured_media_url":"","wps_subtitle":"","jetpack_sharing_enabled":true,"_links":{"self":[{"href":"https:\/\/www.hoymercedes.com.ar\/principal\/wp-json\/wp\/v2\/posts\/22018","targetHints":{"allow":["GET"]}}],"collection":[{"href":"https:\/\/www.hoymercedes.com.ar\/principal\/wp-json\/wp\/v2\/posts"}],"about":[{"href":"https:\/\/www.hoymercedes.com.ar\/principal\/wp-json\/wp\/v2\/types\/post"}],"author":[{"embeddable":true,"href":"https:\/\/www.hoymercedes.com.ar\/principal\/wp-json\/wp\/v2\/users\/1"}],"replies":[{"embeddable":true,"href":"https:\/\/www.hoymercedes.com.ar\/principal\/wp-json\/wp\/v2\/comments?post=22018"}],"version-history":[{"count":0,"href":"https:\/\/www.hoymercedes.com.ar\/principal\/wp-json\/wp\/v2\/posts\/22018\/revisions"}],"wp:attachment":[{"href":"https:\/\/www.hoymercedes.com.ar\/principal\/wp-json\/wp\/v2\/media?parent=22018"}],"wp:term":[{"taxonomy":"category","embeddable":true,"href":"https:\/\/www.hoymercedes.com.ar\/principal\/wp-json\/wp\/v2\/categories?post=22018"},{"taxonomy":"post_tag","embeddable":true,"href":"https:\/\/www.hoymercedes.com.ar\/principal\/wp-json\/wp\/v2\/tags?post=22018"}],"curies":[{"name":"wp","href":"https:\/\/api.w.org\/{rel}","templated":true}]}}