{"id":22026,"date":"2013-05-03T13:08:05","date_gmt":"2013-05-03T13:08:05","guid":{"rendered":"http:\/\/www.hoymercedes.com.ar\/principal\/?p=22026"},"modified":"2013-05-03T13:49:35","modified_gmt":"2013-05-03T13:49:35","slug":"policiales-detenidos-y-robo-esclarecido","status":"publish","type":"post","link":"https:\/\/www.hoymercedes.com.ar\/principal\/2013\/05\/03\/policiales-detenidos-y-robo-esclarecido\/","title":{"rendered":"Policiales: detenidos y robo esclarecido"},"content":{"rendered":"<p><em><strong>Como es habitual, se conocen diversos hechos llevados a cabo por la polic\u00eda local. En esta ocasi\u00f3n ataques de un grupo de j\u00f3venes contra una vivienda particular, un robo de vivienda con recuperaci\u00f3n y detenci\u00f3n del asaltante y un joven detenido con marihuana.<\/strong><\/em><\/p>\n<p><strong>Rob\u00f3 y fue detenido:<\/strong><\/p>\n<p>Una vecina denunci\u00f3 en la Comisaria local el robo de varios elementos (entre ellos un televisor, un equipo de m\u00fasica y dinero en efectivo) que se encontraban en el interior de su vivienda. Notificada la fuerza local procedi\u00f3 logrando establecer el autor del il\u00edcito, y as\u00ed, gracias a llevar a cabo un allanamiento junto al fiscal en la vivienda ubicada en calle 26 y 61, consiguiendo recuperar y\/o secuestrar dichos elementos; as\u00ed tambi\u00e9n se detuvo al sujeto en cuesti\u00f3n quien se supo extraoficialmente, registra antecedentes por este tipo de hechos.<\/p>\n<p><strong>Detenidos con drogas:<\/strong><\/p>\n<p>Efectivos de la Comisaria local, mas espec\u00edficamente quienes se movilizan en motocicleta, lograron detener en inmediaciones de la \u201cparte nueva\u201d del parque municipal a un joven de 20 a\u00f1os, domiciliado en esta ciudad, quien tenia en su poder y en el interior de una bolsa de nylon, varias bochas de planta de marihuana, como as\u00ed tambi\u00e9n los papelillos que se utilizan para armar cigarrillos. Por esta forma se inicio una investigaci\u00f3n judicial con intervenci\u00f3n de la fiscal\u00eda e turno.<\/p>\n<p><strong>Vecino detiene a asaltantes:<\/strong><\/p>\n<p>D\u00edas atr\u00e1s, en horas de la noche (21 hs aproximadamente), un vecino de calle 22 y 127 logro detener a uno de los cuatro jovenes de entre 14 y 16 a\u00f1os que apedreaban el frente de su casa; si bien no se supo que fue lo que motivo a estos delincuentes a llevar a cabo esa conducta, dado que tal informaci\u00f3n queda a manos del fiscal interviniente, se supo que el ciudadano que lo detuvo se\u00a0mostr\u00f3\u00a0extra\u00f1ado o sorprendido, ya que no conoc\u00eda a los muchachitos, creyendo que hac\u00edan esto\u00a0<em>\u201cde vivos que son\u201d<\/em>; igualmente la vivienda del justiciero sufri\u00f3 roturas de vidrios y parte de su mamposter\u00eda que si bien no representan mayores gastos, habr\u00e1 que ver si los padres de los menores se hacen responsables, afirmaron al respecto del hecho. Cabe recordar tambi\u00e9n hechos de similares caracter\u00edsticas, ocurridos tiempo atr\u00e1s, donde menores rompieron un autom\u00f3vil que estaba estacionado en la calle, y su propietario tuvo que demandar civilmente a los padres de quienes se lo hab\u00edan roto, teniendo mas gastos en los honorarios del abogado que lo representaba, que si hubiera pagado \u00e9l los da\u00f1os del auto.<\/p>\n","protected":false},"excerpt":{"rendered":"<p>Como es habitual, se conocen diversos hechos llevados a cabo por la polic\u00eda local. En esta ocasi\u00f3n ataques de un &#8230; <a title=\"Policiales: detenidos y robo esclarecido\" class=\"read-more\" href=\"https:\/\/www.hoymercedes.com.ar\/principal\/2013\/05\/03\/policiales-detenidos-y-robo-esclarecido\/\" aria-label=\"Leer m\u00e1s sobre Policiales: detenidos y robo esclarecido\">Leer m\u00e1s<\/a><\/p>\n","protected":false},"author":1,"featured_media":0,"comment_status":"open","ping_status":"open","sticky":false,"template":"","format":"standard","meta":{"_monsterinsights_skip_tracking":false,"_monsterinsights_sitenote_active":false,"_monsterinsights_sitenote_note":"","_monsterinsights_sitenote_category":0,"jetpack_post_was_ever_published":false,"_jetpack_newsletter_access":"","_jetpack_dont_email_post_to_subs":false,"_jetpack_newsletter_tier_id":0,"_jetpack_memberships_contains_paywalled_content":false,"_jetpack_memberships_contains_paid_content":false,"footnotes":"","jetpack_publicize_message":"","jetpack_publicize_feature_enabled":true,"jetpack_social_post_already_shared":true,"jetpack_social_options":{"image_generator_settings":{"template":"highway","default_image_id":0,"font":"","enabled":false},"version":2},"_wpas_customize_per_network":false},"categories":[85],"tags":[126],"class_list":["post-22026","post","type-post","status-publish","format-standard","hentry","category-policial","tag-policia-mercedes","generate-columns","tablet-grid-50","mobile-grid-100","grid-parent","grid-50"],"jetpack_publicize_connections":[],"jetpack_featured_media_url":"","wps_subtitle":"","jetpack_sharing_enabled":true,"_links":{"self":[{"href":"https:\/\/www.hoymercedes.com.ar\/principal\/wp-json\/wp\/v2\/posts\/22026","targetHints":{"allow":["GET"]}}],"collection":[{"href":"https:\/\/www.hoymercedes.com.ar\/principal\/wp-json\/wp\/v2\/posts"}],"about":[{"href":"https:\/\/www.hoymercedes.com.ar\/principal\/wp-json\/wp\/v2\/types\/post"}],"author":[{"embeddable":true,"href":"https:\/\/www.hoymercedes.com.ar\/principal\/wp-json\/wp\/v2\/users\/1"}],"replies":[{"embeddable":true,"href":"https:\/\/www.hoymercedes.com.ar\/principal\/wp-json\/wp\/v2\/comments?post=22026"}],"version-history":[{"count":0,"href":"https:\/\/www.hoymercedes.com.ar\/principal\/wp-json\/wp\/v2\/posts\/22026\/revisions"}],"wp:attachment":[{"href":"https:\/\/www.hoymercedes.com.ar\/principal\/wp-json\/wp\/v2\/media?parent=22026"}],"wp:term":[{"taxonomy":"category","embeddable":true,"href":"https:\/\/www.hoymercedes.com.ar\/principal\/wp-json\/wp\/v2\/categories?post=22026"},{"taxonomy":"post_tag","embeddable":true,"href":"https:\/\/www.hoymercedes.com.ar\/principal\/wp-json\/wp\/v2\/tags?post=22026"}],"curies":[{"name":"wp","href":"https:\/\/api.w.org\/{rel}","templated":true}]}}