{"id":22040,"date":"2013-05-03T17:19:47","date_gmt":"2013-05-03T17:19:47","guid":{"rendered":"http:\/\/www.hoymercedes.com.ar\/principal\/?p=22040"},"modified":"2013-05-03T17:19:47","modified_gmt":"2013-05-03T17:19:47","slug":"selva-se-reunio-con-tecnicos-del-procrear","status":"publish","type":"post","link":"https:\/\/www.hoymercedes.com.ar\/principal\/2013\/05\/03\/selva-se-reunio-con-tecnicos-del-procrear\/","title":{"rendered":"Selva se reuni\u00f3 con t\u00e9cnicos del ProCreAr"},"content":{"rendered":"<figure id=\"attachment_22042\" aria-describedby=\"caption-attachment-22042\" style=\"width: 610px\" class=\"wp-caption aligncenter\"><a href=\"https:\/\/www.hoymercedes.com.ar\/principal\/wp-content\/uploads\/2013\/05\/Selva-ProCreAr.jpg\"><img loading=\"lazy\" decoding=\"async\" data-attachment-id=\"22042\" data-permalink=\"https:\/\/www.hoymercedes.com.ar\/principal\/2013\/05\/03\/selva-se-reunio-con-tecnicos-del-procrear\/selva-procrear-2\/#main\" data-orig-file=\"https:\/\/www.hoymercedes.com.ar\/principal\/wp-content\/uploads\/2013\/05\/Selva-ProCreAr.jpg\" data-orig-size=\"620,413\" data-comments-opened=\"1\" data-image-meta=\"{&quot;aperture&quot;:&quot;4&quot;,&quot;credit&quot;:&quot;&quot;,&quot;camera&quot;:&quot;NIKON D3100&quot;,&quot;caption&quot;:&quot;&quot;,&quot;created_timestamp&quot;:&quot;1367263896&quot;,&quot;copyright&quot;:&quot;&quot;,&quot;focal_length&quot;:&quot;22&quot;,&quot;iso&quot;:&quot;720&quot;,&quot;shutter_speed&quot;:&quot;0.016666666666667&quot;,&quot;title&quot;:&quot;&quot;}\" data-image-title=\"Selva-ProCreAr\" data-image-description=\"\" data-image-caption=\"&lt;p&gt;Selva &amp;#8211; ProCreAr&lt;\/p&gt;\n\" data-large-file=\"https:\/\/www.hoymercedes.com.ar\/principal\/wp-content\/uploads\/2013\/05\/Selva-ProCreAr.jpg\" class=\"size-full wp-image-22042\" alt=\"Selva - ProCreAr\" src=\"https:\/\/www.hoymercedes.com.ar\/principal\/wp-content\/uploads\/2013\/05\/Selva-ProCreAr.jpg\" width=\"620\" height=\"413\" \/><\/a><figcaption id=\"caption-attachment-22042\" class=\"wp-caption-text\">Selva &#8211; ProCreAr<\/figcaption><\/figure>\n<p><em><strong>Finalmente se produjo la anunciada reuni\u00f3n entre el primer mandatario local y los\u00a0t\u00e9cnicos\u00a0del ProCreAr de Naci\u00f3n. La reuni\u00f3n se efectu\u00f3 en el marco del despacho del intendente.\u00a0<\/strong><\/em><\/p>\n<p>La reuni\u00f3n tuvo como eje la posibilidad de efectuar en nuestra ciudad de las viviendas del Plan que les toca a los mercedinos como beneficiarios. La disputa de los terrenos, donde Selva sostienen no se debe construir y Naci\u00f3n tiene ya planos preparados es la gran cuesti\u00f3n.<\/p>\n<p>La construcci\u00f3n incluye 250 viviendas para alrededor de 1000 mercedinos.<\/p>\n<p>No han transcendido a\u00fan muchos datos respecto al encuentro, pero, si que lograron avanzar en puntos que ser\u00e1n claves. Estuvo presente el Concejal Ben\u00edtez en la reuni\u00f3n.<\/p>\n","protected":false},"excerpt":{"rendered":"<p>Finalmente se produjo la anunciada reuni\u00f3n entre el primer mandatario local y los\u00a0t\u00e9cnicos\u00a0del ProCreAr de Naci\u00f3n. La reuni\u00f3n se efectu\u00f3 &#8230; <a title=\"Selva se reuni\u00f3 con t\u00e9cnicos del ProCreAr\" class=\"read-more\" href=\"https:\/\/www.hoymercedes.com.ar\/principal\/2013\/05\/03\/selva-se-reunio-con-tecnicos-del-procrear\/\" aria-label=\"Leer m\u00e1s sobre Selva se reuni\u00f3 con t\u00e9cnicos del ProCreAr\">Leer m\u00e1s<\/a><\/p>\n","protected":false},"author":1,"featured_media":0,"comment_status":"open","ping_status":"open","sticky":false,"template":"","format":"standard","meta":{"_monsterinsights_skip_tracking":false,"_monsterinsights_sitenote_active":false,"_monsterinsights_sitenote_note":"","_monsterinsights_sitenote_category":0,"jetpack_post_was_ever_published":false,"_jetpack_newsletter_access":"","_jetpack_dont_email_post_to_subs":false,"_jetpack_newsletter_tier_id":0,"_jetpack_memberships_contains_paywalled_content":false,"_jetpack_memberships_contains_paid_content":false,"footnotes":"","jetpack_publicize_message":"","jetpack_publicize_feature_enabled":true,"jetpack_social_post_already_shared":true,"jetpack_social_options":{"image_generator_settings":{"template":"highway","default_image_id":0,"font":"","enabled":false},"version":2},"_wpas_customize_per_network":false},"categories":[5],"tags":[3435,18],"class_list":["post-22040","post","type-post","status-publish","format-standard","hentry","category-politica","tag-procrear","tag-selva","generate-columns","tablet-grid-50","mobile-grid-100","grid-parent","grid-50"],"jetpack_publicize_connections":[],"jetpack_featured_media_url":"","wps_subtitle":"","jetpack_sharing_enabled":true,"_links":{"self":[{"href":"https:\/\/www.hoymercedes.com.ar\/principal\/wp-json\/wp\/v2\/posts\/22040","targetHints":{"allow":["GET"]}}],"collection":[{"href":"https:\/\/www.hoymercedes.com.ar\/principal\/wp-json\/wp\/v2\/posts"}],"about":[{"href":"https:\/\/www.hoymercedes.com.ar\/principal\/wp-json\/wp\/v2\/types\/post"}],"author":[{"embeddable":true,"href":"https:\/\/www.hoymercedes.com.ar\/principal\/wp-json\/wp\/v2\/users\/1"}],"replies":[{"embeddable":true,"href":"https:\/\/www.hoymercedes.com.ar\/principal\/wp-json\/wp\/v2\/comments?post=22040"}],"version-history":[{"count":0,"href":"https:\/\/www.hoymercedes.com.ar\/principal\/wp-json\/wp\/v2\/posts\/22040\/revisions"}],"wp:attachment":[{"href":"https:\/\/www.hoymercedes.com.ar\/principal\/wp-json\/wp\/v2\/media?parent=22040"}],"wp:term":[{"taxonomy":"category","embeddable":true,"href":"https:\/\/www.hoymercedes.com.ar\/principal\/wp-json\/wp\/v2\/categories?post=22040"},{"taxonomy":"post_tag","embeddable":true,"href":"https:\/\/www.hoymercedes.com.ar\/principal\/wp-json\/wp\/v2\/tags?post=22040"}],"curies":[{"name":"wp","href":"https:\/\/api.w.org\/{rel}","templated":true}]}}