{"id":22054,"date":"2013-05-06T11:28:05","date_gmt":"2013-05-06T11:28:05","guid":{"rendered":"http:\/\/www.hoymercedes.com.ar\/principal\/?p=22054"},"modified":"2013-05-06T11:28:05","modified_gmt":"2013-05-06T11:28:05","slug":"barrio-marchetti-con-monica-abeldano-quedo-para-el-frente-mercedino","status":"publish","type":"post","link":"https:\/\/www.hoymercedes.com.ar\/principal\/2013\/05\/06\/barrio-marchetti-con-monica-abeldano-quedo-para-el-frente-mercedino\/","title":{"rendered":"Barrio Marchetti, con M\u00f3nica Abelda\u00f1o, qued\u00f3 para el Frente Mercedino"},"content":{"rendered":"<figure id=\"attachment_22056\" aria-describedby=\"caption-attachment-22056\" style=\"width: 610px\" class=\"wp-caption aligncenter\"><a href=\"https:\/\/www.hoymercedes.com.ar\/principal\/wp-content\/uploads\/2013\/05\/Marchetti.jpg\"><img loading=\"lazy\" decoding=\"async\" data-attachment-id=\"22056\" data-permalink=\"https:\/\/www.hoymercedes.com.ar\/principal\/2013\/05\/06\/barrio-marchetti-con-monica-abeldano-quedo-para-el-frente-mercedino\/marchetti\/#main\" data-orig-file=\"https:\/\/www.hoymercedes.com.ar\/principal\/wp-content\/uploads\/2013\/05\/Marchetti.jpg\" data-orig-size=\"620,272\" data-comments-opened=\"1\" data-image-meta=\"{&quot;aperture&quot;:&quot;4&quot;,&quot;credit&quot;:&quot;&quot;,&quot;camera&quot;:&quot;Canon EOS REBEL T3i&quot;,&quot;caption&quot;:&quot;&quot;,&quot;created_timestamp&quot;:&quot;1367784451&quot;,&quot;copyright&quot;:&quot;&quot;,&quot;focal_length&quot;:&quot;24&quot;,&quot;iso&quot;:&quot;400&quot;,&quot;shutter_speed&quot;:&quot;0.016666666666667&quot;,&quot;title&quot;:&quot;&quot;}\" data-image-title=\"Marchetti\" data-image-description=\"\" data-image-caption=\"&lt;p&gt;Lista Barrio Marchetti&lt;\/p&gt;\n\" data-large-file=\"https:\/\/www.hoymercedes.com.ar\/principal\/wp-content\/uploads\/2013\/05\/Marchetti.jpg\" class=\"size-full wp-image-22056\" alt=\"Lista Barrio Marchetti \" src=\"https:\/\/www.hoymercedes.com.ar\/principal\/wp-content\/uploads\/2013\/05\/Marchetti.jpg\" width=\"620\" height=\"272\" \/><\/a><figcaption id=\"caption-attachment-22056\" class=\"wp-caption-text\">Lista Barrio Marchetti<\/figcaption><\/figure>\n<p>Este domingo se llev\u00f3 a cabo un nuevo acto eleccionario en los barrios. Una de las listas encabezada por M\u00f3nica Abelda\u00f1o, que obtuvo la victoria, y otra por Julia Quintana. S\u00f3lo 11 votos de diferencia dejaron una elecci\u00f3n cerrada. Abelda\u00f1o se present\u00f3 enmarcada en el Frente Mercedino para la Victoria.<\/p>\n<p>116 a 104 arrojaron las urnas. En dicho barrio existe el conocido comedor \u00abLos Pampitas\u00bb, espacio encolumnado con la fuerza de Ustarroz.<\/p>\n<p>\u201cEsto es fruto del trabajo que venimos haciendo, tratando de traer mejoras para todos los vecinos, convocando a la participaci\u00f3n de toda la gente. Ahora llega el momento de redoblar los esfuerzos para permitir el crecimiento de nuestro querido barrio Marchetti\u201d, afirm\u00f3 M\u00f3nica Abelda\u00f1o.<\/p>\n<p>Para el Frente la Victoria es una m\u00e1s dentro de las que viene realizando en lo que va del 2013. Para el selvismo es, en cambio, una gran elecci\u00f3n ya logran una cantidad importante de votos en un barrio que sostienen pertenece al frentismo ya que cuentan en \u00e9l con el comedor \u00abLos pampitas\u00bb.<\/p>\n<p>La lista encabezada por M\u00f3nica Abelda\u00f1o tiene entre sus integrantes a: Celeste Galindre (tesorera); Julio Riginosi (secretario de actas); Marcelo Torre, Carlos Torres y H\u00e9ctor Rodr\u00edguez (vocales titulares); Fernanda Aravena, Carlos Larrea y Mar\u00eda Heitzinger (vocales suplentes); Anabel Torres y Tamara Far\u00edas (revisores de cuentas titulares); y N\u00e9lida Aquino y Nadia Peralta (revisores de cuentas suplentes).<\/p>\n<p>A lo largo del a\u00f1o, el Frente Mercedino para la Victoria gan\u00f3 las elecciones realizadas en los barrios Los Duraznos (Oscar Acosta), Soldado Balvidares (Andr\u00e9s L\u00f3pez), San Mart\u00edn (Mariana Maidana), Malvinas Argentinas (Juana Garc\u00eda), Mutti (Mar\u00eda Teresa Perich\u00f3n), Calvillo (Alejandro Ram\u00edrez), San Justo (Mar\u00eda Guzm\u00e1n) y Facundo Quiroga (C\u00e9sar Zalazar).<\/p>\n<p>&nbsp;<\/p>\n<p>&nbsp;<\/p>\n","protected":false},"excerpt":{"rendered":"<p>Este domingo se llev\u00f3 a cabo un nuevo acto eleccionario en los barrios. Una de las listas encabezada por M\u00f3nica &#8230; <a title=\"Barrio Marchetti, con M\u00f3nica Abelda\u00f1o, qued\u00f3 para el Frente Mercedino\" class=\"read-more\" href=\"https:\/\/www.hoymercedes.com.ar\/principal\/2013\/05\/06\/barrio-marchetti-con-monica-abeldano-quedo-para-el-frente-mercedino\/\" aria-label=\"Leer m\u00e1s sobre Barrio Marchetti, con M\u00f3nica Abelda\u00f1o, qued\u00f3 para el Frente Mercedino\">Leer m\u00e1s<\/a><\/p>\n","protected":false},"author":1,"featured_media":0,"comment_status":"open","ping_status":"open","sticky":false,"template":"","format":"standard","meta":{"_monsterinsights_skip_tracking":false,"_monsterinsights_sitenote_active":false,"_monsterinsights_sitenote_note":"","_monsterinsights_sitenote_category":0,"jetpack_post_was_ever_published":false,"_jetpack_newsletter_access":"","_jetpack_dont_email_post_to_subs":false,"_jetpack_newsletter_tier_id":0,"_jetpack_memberships_contains_paywalled_content":false,"_jetpack_memberships_contains_paid_content":false,"footnotes":"","jetpack_publicize_message":"","jetpack_publicize_feature_enabled":true,"jetpack_social_post_already_shared":true,"jetpack_social_options":{"image_generator_settings":{"template":"highway","default_image_id":0,"font":"","enabled":false},"version":2},"_wpas_customize_per_network":false},"categories":[5],"tags":[623,3437],"class_list":["post-22054","post","type-post","status-publish","format-standard","hentry","category-politica","tag-barrio-marchetti","tag-monica-abeldano","generate-columns","tablet-grid-50","mobile-grid-100","grid-parent","grid-50"],"jetpack_publicize_connections":[],"jetpack_featured_media_url":"","wps_subtitle":"","jetpack_sharing_enabled":true,"_links":{"self":[{"href":"https:\/\/www.hoymercedes.com.ar\/principal\/wp-json\/wp\/v2\/posts\/22054","targetHints":{"allow":["GET"]}}],"collection":[{"href":"https:\/\/www.hoymercedes.com.ar\/principal\/wp-json\/wp\/v2\/posts"}],"about":[{"href":"https:\/\/www.hoymercedes.com.ar\/principal\/wp-json\/wp\/v2\/types\/post"}],"author":[{"embeddable":true,"href":"https:\/\/www.hoymercedes.com.ar\/principal\/wp-json\/wp\/v2\/users\/1"}],"replies":[{"embeddable":true,"href":"https:\/\/www.hoymercedes.com.ar\/principal\/wp-json\/wp\/v2\/comments?post=22054"}],"version-history":[{"count":0,"href":"https:\/\/www.hoymercedes.com.ar\/principal\/wp-json\/wp\/v2\/posts\/22054\/revisions"}],"wp:attachment":[{"href":"https:\/\/www.hoymercedes.com.ar\/principal\/wp-json\/wp\/v2\/media?parent=22054"}],"wp:term":[{"taxonomy":"category","embeddable":true,"href":"https:\/\/www.hoymercedes.com.ar\/principal\/wp-json\/wp\/v2\/categories?post=22054"},{"taxonomy":"post_tag","embeddable":true,"href":"https:\/\/www.hoymercedes.com.ar\/principal\/wp-json\/wp\/v2\/tags?post=22054"}],"curies":[{"name":"wp","href":"https:\/\/api.w.org\/{rel}","templated":true}]}}