{"id":22076,"date":"2013-05-06T12:19:46","date_gmt":"2013-05-06T12:19:46","guid":{"rendered":"http:\/\/www.hoymercedes.com.ar\/principal\/?p=22076"},"modified":"2013-05-06T12:19:46","modified_gmt":"2013-05-06T12:19:46","slug":"detienen-a-violador-en-mercedes-es-un-hombre-de-34-anos","status":"publish","type":"post","link":"https:\/\/www.hoymercedes.com.ar\/principal\/2013\/05\/06\/detienen-a-violador-en-mercedes-es-un-hombre-de-34-anos\/","title":{"rendered":"Detienen a violador en Mercedes: es un hombre de 34 a\u00f1os"},"content":{"rendered":"<p><em><strong>Tras varias investigaciones realizadas por la polic\u00eda local y la justicia, acompa\u00f1ada la cuesti\u00f3n por denuncias efectuadas por mercedinas atacadas se produjo la detenci\u00f3n de un hombre de 34 a\u00f1os de edad que tendr\u00eda antecedentes.<\/strong><\/em><\/p>\n<p>La Polic\u00eda local se puso en alerta tras una denuncia realizada, primero, \u00a0por una vecina cuya ni\u00f1a, menor de edad, sufri\u00f3 un intento de violaci\u00f3n mientras se encontraba caminando por las v\u00edas del Ferrocarril Belgrano tras una reuni\u00f3n con sus compa\u00f1eros de colegio. El hecho se produjo a la altura del Parque Municipal, justamente donde se hallaba con sus amigos, pero, a la hora de partir busc\u00f3 cortar camino a plena luz del d\u00eda. La familia efectu\u00f3 la denuncia, realizaron un croquis y se logr\u00f3 tras algunos d\u00edas de pesquisa al sujeto en cuesti\u00f3n.<\/p>\n<p>Un segundo acontecimiento fue a la altura de la Estaci\u00f3n La Trocha cuando una vecina intentaba ver porqu\u00e9 su ciclomotor se detuvo encontrando ayuda en un sujeto que result\u00f3 ser el ahora detenido quien tambi\u00e9n intento abusar de la mujer.<\/p>\n<p>Se trata de un hombre de apellido Arce, de 34 a\u00f1os de edad, qui\u00e9n ya habr\u00eda estado preso por actos vinculados a la violaci\u00f3n o su intento, es decir, un reincidente. El detenido se encuentra a disposici\u00f3n de la justicia.<\/p>\n<p>Fuentes policiales, extraoficialmente, narraron que la menor logr\u00f3 identificar del abusador incluso ropas que el mismo pose\u00eda. Lo mismo con la mujer que vivi\u00f3 el mal momento en la Trocha.<\/p>\n<p>El abusador se encuentra tras las rejas pues las rondas de reconocimientos fueron positivas.<\/p>\n","protected":false},"excerpt":{"rendered":"<p>Tras varias investigaciones realizadas por la polic\u00eda local y la justicia, acompa\u00f1ada la cuesti\u00f3n por denuncias efectuadas por mercedinas atacadas &#8230; <a title=\"Detienen a violador en Mercedes: es un hombre de 34 a\u00f1os\" class=\"read-more\" href=\"https:\/\/www.hoymercedes.com.ar\/principal\/2013\/05\/06\/detienen-a-violador-en-mercedes-es-un-hombre-de-34-anos\/\" aria-label=\"Leer m\u00e1s sobre Detienen a violador en Mercedes: es un hombre de 34 a\u00f1os\">Leer m\u00e1s<\/a><\/p>\n","protected":false},"author":1,"featured_media":0,"comment_status":"open","ping_status":"open","sticky":false,"template":"","format":"standard","meta":{"_monsterinsights_skip_tracking":false,"_monsterinsights_sitenote_active":false,"_monsterinsights_sitenote_note":"","_monsterinsights_sitenote_category":0,"jetpack_post_was_ever_published":false,"_jetpack_newsletter_access":"","_jetpack_dont_email_post_to_subs":false,"_jetpack_newsletter_tier_id":0,"_jetpack_memberships_contains_paywalled_content":false,"_jetpack_memberships_contains_paid_content":false,"footnotes":"","jetpack_publicize_message":"","jetpack_publicize_feature_enabled":true,"jetpack_social_post_already_shared":true,"jetpack_social_options":{"image_generator_settings":{"template":"highway","default_image_id":0,"font":"","enabled":false},"version":2},"_wpas_customize_per_network":false},"categories":[85],"tags":[3441],"class_list":["post-22076","post","type-post","status-publish","format-standard","hentry","category-policial","tag-violador-en-mercedes","generate-columns","tablet-grid-50","mobile-grid-100","grid-parent","grid-50"],"jetpack_publicize_connections":[],"jetpack_featured_media_url":"","wps_subtitle":"","jetpack_sharing_enabled":true,"_links":{"self":[{"href":"https:\/\/www.hoymercedes.com.ar\/principal\/wp-json\/wp\/v2\/posts\/22076","targetHints":{"allow":["GET"]}}],"collection":[{"href":"https:\/\/www.hoymercedes.com.ar\/principal\/wp-json\/wp\/v2\/posts"}],"about":[{"href":"https:\/\/www.hoymercedes.com.ar\/principal\/wp-json\/wp\/v2\/types\/post"}],"author":[{"embeddable":true,"href":"https:\/\/www.hoymercedes.com.ar\/principal\/wp-json\/wp\/v2\/users\/1"}],"replies":[{"embeddable":true,"href":"https:\/\/www.hoymercedes.com.ar\/principal\/wp-json\/wp\/v2\/comments?post=22076"}],"version-history":[{"count":0,"href":"https:\/\/www.hoymercedes.com.ar\/principal\/wp-json\/wp\/v2\/posts\/22076\/revisions"}],"wp:attachment":[{"href":"https:\/\/www.hoymercedes.com.ar\/principal\/wp-json\/wp\/v2\/media?parent=22076"}],"wp:term":[{"taxonomy":"category","embeddable":true,"href":"https:\/\/www.hoymercedes.com.ar\/principal\/wp-json\/wp\/v2\/categories?post=22076"},{"taxonomy":"post_tag","embeddable":true,"href":"https:\/\/www.hoymercedes.com.ar\/principal\/wp-json\/wp\/v2\/tags?post=22076"}],"curies":[{"name":"wp","href":"https:\/\/api.w.org\/{rel}","templated":true}]}}