{"id":22091,"date":"2013-05-07T11:51:55","date_gmt":"2013-05-07T11:51:55","guid":{"rendered":"http:\/\/www.hoymercedes.com.ar\/principal\/?p=22091"},"modified":"2013-05-07T11:51:55","modified_gmt":"2013-05-07T11:51:55","slug":"continua-la-investigacion-por-el-robo-a-agrale","status":"publish","type":"post","link":"https:\/\/www.hoymercedes.com.ar\/principal\/2013\/05\/07\/continua-la-investigacion-por-el-robo-a-agrale\/","title":{"rendered":"Contin\u00faa la investigaci\u00f3n por el robo a Agrale"},"content":{"rendered":"<figure id=\"attachment_22094\" aria-describedby=\"caption-attachment-22094\" style=\"width: 610px\" class=\"wp-caption aligncenter\"><a href=\"https:\/\/www.hoymercedes.com.ar\/principal\/wp-content\/uploads\/2013\/05\/agrale.jpg\"><img loading=\"lazy\" decoding=\"async\" data-attachment-id=\"22094\" data-permalink=\"https:\/\/www.hoymercedes.com.ar\/principal\/2013\/05\/07\/continua-la-investigacion-por-el-robo-a-agrale\/agrale\/#main\" data-orig-file=\"https:\/\/www.hoymercedes.com.ar\/principal\/wp-content\/uploads\/2013\/05\/agrale.jpg\" data-orig-size=\"620,272\" data-comments-opened=\"1\" data-image-meta=\"{&quot;aperture&quot;:&quot;0&quot;,&quot;credit&quot;:&quot;&quot;,&quot;camera&quot;:&quot;&quot;,&quot;caption&quot;:&quot;&quot;,&quot;created_timestamp&quot;:&quot;0&quot;,&quot;copyright&quot;:&quot;&quot;,&quot;focal_length&quot;:&quot;0&quot;,&quot;iso&quot;:&quot;0&quot;,&quot;shutter_speed&quot;:&quot;0&quot;,&quot;title&quot;:&quot;&quot;}\" data-image-title=\"agrale\" data-image-description=\"\" data-image-caption=\"&lt;p&gt;Agrale &amp;#8211; Mercedes &amp;#8211; Foto: Argentina.ar&lt;\/p&gt;\n\" data-large-file=\"https:\/\/www.hoymercedes.com.ar\/principal\/wp-content\/uploads\/2013\/05\/agrale.jpg\" class=\"size-full wp-image-22094\" alt=\"Agrale - Mercedes - Foto: Argentina.ar \" src=\"https:\/\/www.hoymercedes.com.ar\/principal\/wp-content\/uploads\/2013\/05\/agrale.jpg\" width=\"620\" height=\"272\" \/><\/a><figcaption id=\"caption-attachment-22094\" class=\"wp-caption-text\">Agrale &#8211; Mercedes &#8211; Foto: Argentina.ar<\/figcaption><\/figure>\n<p><em><strong>Contin\u00faa la investigaci\u00f3n en torno al asalto de pel\u00edcula que vivi\u00f3 la planta de Agrale en Mercedes el pasado fin de semana.\u00a0Los delincuentes ingresaron a la f\u00e1brica el s\u00e1bado por la noche tras reducir a la seguridad e ingresar con veh\u00edculos que les permitieron cargar gran cantidad de elementos, como ser repuestos, gomas, computadores y bater\u00edas. \u00a0<\/strong><\/em><\/p>\n<p>Agrale se encuentra en el kil\u00f3metro 89.500 de la Ruta Nacional 5, muy cerca de la zona urbana de Mercedes.<\/p>\n<p>Los investigadores creen que deber\u00edan haber sido varias personas dado que la cantidad de mercader\u00eda requiere un no menor n\u00famero manos para la carga y el trabajo.<\/p>\n<p>Guillermo Massaroni tiene a cargo la Unidad Funcional de Instrucci\u00f3n N\u00ba6 que desarrolla la investigaci\u00f3n con el objetivo de determinar los autores del hecho quien investigar\u00e1 incluso las c\u00e1maras de seguridad del peaje como un punto de visualizaci\u00f3n, aunque existe la sospecha podr\u00edan haber tomado alg\u00fan camino alternativo con menos vigilancia o exposici\u00f3n.<\/p>\n<p><b>El robo<\/b><\/p>\n<p>El acontecimiento llev\u00f3 a que desde la empresa se sostenga un gran cuidado de la informaci\u00f3n que se filtra. Lo mismo desde la justicia que trabaja en el asunto comprendiendo las dimensiones del caso. Los delincuentes estuvieron durante largas horas en el lugar.<\/p>\n<p><strong>Agrale<\/strong><\/p>\n<p>Es una empresa que se dedica a la fabricaci\u00f3n de camiones, colectivos, tractores, chasis de gran porte.<\/p>\n","protected":false},"excerpt":{"rendered":"<p>Contin\u00faa la investigaci\u00f3n en torno al asalto de pel\u00edcula que vivi\u00f3 la planta de Agrale en Mercedes el pasado fin &#8230; <a title=\"Contin\u00faa la investigaci\u00f3n por el robo a Agrale\" class=\"read-more\" href=\"https:\/\/www.hoymercedes.com.ar\/principal\/2013\/05\/07\/continua-la-investigacion-por-el-robo-a-agrale\/\" aria-label=\"Leer m\u00e1s sobre Contin\u00faa la investigaci\u00f3n por el robo a Agrale\">Leer m\u00e1s<\/a><\/p>\n","protected":false},"author":1,"featured_media":0,"comment_status":"open","ping_status":"open","sticky":false,"template":"","format":"standard","meta":{"_monsterinsights_skip_tracking":false,"_monsterinsights_sitenote_active":false,"_monsterinsights_sitenote_note":"","_monsterinsights_sitenote_category":0,"jetpack_post_was_ever_published":false,"_jetpack_newsletter_access":"","_jetpack_dont_email_post_to_subs":false,"_jetpack_newsletter_tier_id":0,"_jetpack_memberships_contains_paywalled_content":false,"_jetpack_memberships_contains_paid_content":false,"footnotes":"","jetpack_publicize_message":"","jetpack_publicize_feature_enabled":true,"jetpack_social_post_already_shared":true,"jetpack_social_options":{"image_generator_settings":{"template":"highway","default_image_id":0,"font":"","enabled":false},"version":2},"_wpas_customize_per_network":false},"categories":[85],"tags":[3442],"class_list":["post-22091","post","type-post","status-publish","format-standard","hentry","category-policial","tag-robo-agrale","generate-columns","tablet-grid-50","mobile-grid-100","grid-parent","grid-50"],"jetpack_publicize_connections":[],"jetpack_featured_media_url":"","wps_subtitle":"","jetpack_sharing_enabled":true,"_links":{"self":[{"href":"https:\/\/www.hoymercedes.com.ar\/principal\/wp-json\/wp\/v2\/posts\/22091","targetHints":{"allow":["GET"]}}],"collection":[{"href":"https:\/\/www.hoymercedes.com.ar\/principal\/wp-json\/wp\/v2\/posts"}],"about":[{"href":"https:\/\/www.hoymercedes.com.ar\/principal\/wp-json\/wp\/v2\/types\/post"}],"author":[{"embeddable":true,"href":"https:\/\/www.hoymercedes.com.ar\/principal\/wp-json\/wp\/v2\/users\/1"}],"replies":[{"embeddable":true,"href":"https:\/\/www.hoymercedes.com.ar\/principal\/wp-json\/wp\/v2\/comments?post=22091"}],"version-history":[{"count":0,"href":"https:\/\/www.hoymercedes.com.ar\/principal\/wp-json\/wp\/v2\/posts\/22091\/revisions"}],"wp:attachment":[{"href":"https:\/\/www.hoymercedes.com.ar\/principal\/wp-json\/wp\/v2\/media?parent=22091"}],"wp:term":[{"taxonomy":"category","embeddable":true,"href":"https:\/\/www.hoymercedes.com.ar\/principal\/wp-json\/wp\/v2\/categories?post=22091"},{"taxonomy":"post_tag","embeddable":true,"href":"https:\/\/www.hoymercedes.com.ar\/principal\/wp-json\/wp\/v2\/tags?post=22091"}],"curies":[{"name":"wp","href":"https:\/\/api.w.org\/{rel}","templated":true}]}}