{"id":2211,"date":"2011-02-14T15:23:02","date_gmt":"2011-02-14T15:23:02","guid":{"rendered":"http:\/\/www.hoymercedes.com.ar\/principal\/?p=2211"},"modified":"2011-02-14T15:23:02","modified_gmt":"2011-02-14T15:23:02","slug":"vuelven-los-docentes-a-las-escuelas-pero-sin-novedades-salariales","status":"publish","type":"post","link":"https:\/\/www.hoymercedes.com.ar\/principal\/2011\/02\/14\/vuelven-los-docentes-a-las-escuelas-pero-sin-novedades-salariales\/","title":{"rendered":"Vuelven los docentes a las escuelas, pero sin novedades salariales"},"content":{"rendered":"<p style=\"text-align: justify;\">La Secretaria de la Uni\u00f3n de Docentes Bonaerenses de Mercedes, Silvia Gandolfi sostuvo \u201cmal se puede hablar en estos momentos de un conflicto entre los docentes bonaerenses y la provincia porque las diferentes comisiones dentro de la paritaria se est\u00e1n reuniendo, es decir que se est\u00e1 negociando\u201d<\/p>\n<p style=\"text-align: justify;\">La titular de la UEB Mercedes, Silvia Gandolfi se refiri\u00f3 al momento actual que se vive dentro de los diferentes gremios docentes que integran el Frente Gremial Bonaerense debido al tratamiento en paritarias de la nueva escala salarial que deber\u00eda estar en vigencia antes del inicio del ciclo escolar 2011 el 28 de este mes.<\/p>\n<p style=\"text-align: justify;\">La dirigente gremial sostuvo \u201custedes saben que en estos momentos se est\u00e1n llevando a cabo las negociaciones a nivel nacional donde los gremios docentes rechazaron la oferta del gobierno ya que ellos piden un sueldo inicial de dos mil quinientos pesos ($.2500) y la derogaci\u00f3n para los docentes del Impuesto a las ganancias y tambi\u00e9n el porcentaje para asignaciones familiares.<\/p>\n<p style=\"text-align: justify;\">Nosotros a trav\u00e9s de la CEA, es decir la FEB tiene un mandato definitivo a nivel provincial que si bien comenzaron a trabajar las comisiones t\u00e9cnicas, como Frente Gremial formulamos el mismo reclamo, es decir un sueldo inicial de dos mil quinientos pesos, no\u00a0 confundamos ello con b\u00e1sico, por eso es que dentro de las comisiones t\u00e9cnicas se est\u00e1 analizando cual ser\u00e1 el impacto en los diferentes items que componen el salario docente como as\u00ed tambi\u00e9n en la jerarqu\u00eda<\/p>\n<p style=\"text-align: justify;\">Es casi vergonzoso\u00a0 decir que en la actualidad los docentes tenemos un b\u00e1sico de Novecientos Cuarenta pesos ($ 940) con un sueldo inicial\u00a0 de 1840 que es lo que el gobierno dice nadie debe ganar por debajo de dicho monto.<\/p>\n<p style=\"text-align: justify;\">Estar en paritaria con el gobierno no solo significa que sea para el tema salaria, hay comisiones t\u00e9cnicas que trabajan en las condiciones laborales del docente, salud de los docentes, etc., pero aun no hay una definici\u00f3n oficial ya que se aguarda lo que vaya a pasar en el orden nacional donde como lo manifest\u00e9 por el momento no hay una pronunciaci\u00f3n concreta.<\/p>\n<p style=\"text-align: justify;\">Nosotros esperamos que todo se arregle antes del d\u00eda 28 que es cuando las ramas de inicial y primaria deben comenzar las clases, saber por lo menos cual ser\u00e1 nuestro sueldo inicial pero sabemos que hay una fuerte postura de los gremios para que se repente la petici\u00f3n que hacen, es decir los dos mil quinientos pesos y la derogaci\u00f3n del impuesto a las ganancias.<\/p>\n<p style=\"text-align: justify;\">No vamos a decir\u00a0 que el 28 no comenzaremos porque hasta el momento no estamos en conflicto alguno con la provincia ya que reitero se est\u00e1 trabajando en las diferentes comisiones dentro de la paritaria y por lo tanto estamos en plena conversaci\u00f3n pero tambi\u00e9n es verdad que no podemos aguardar hasta el 28 para saber c\u00f3mo se arreglan estas paritarias.<\/p>\n<p style=\"text-align: justify;\">Lamentablemente no s\u00e9 porque motivo se aguarda siempre hasta \u00faltimo momento para que los gremios y el gobierno se sienten a conversar ya que todos sabemos c\u00f3mo ha sido el impacto del costo de vida que se viene registrando al menos desde los \u00faltimos cinco o seis meses.<\/p>\n<p style=\"text-align: justify;\">De cualquier manera nosotros siempre somos optimistas pensando que se llegar\u00e1 aun acuerdo beneficios para todas las partes involucradas en la tem\u00e1tica docente de la provincia de Buenos Aires. Personalmente creo que desde el gobierno nacional ya la semana venidera se va a dar una soluci\u00f3n que permita a cada una de las provincias poder discutir con sus gremios los nuevos haberes\u201d<\/p>\n","protected":false},"excerpt":{"rendered":"<p>La Secretaria de la Uni\u00f3n de Docentes Bonaerenses de Mercedes, Silvia Gandolfi sostuvo \u201cmal se puede hablar en estos momentos &#8230; <a title=\"Vuelven los docentes a las escuelas, pero sin novedades salariales\" class=\"read-more\" href=\"https:\/\/www.hoymercedes.com.ar\/principal\/2011\/02\/14\/vuelven-los-docentes-a-las-escuelas-pero-sin-novedades-salariales\/\" aria-label=\"Leer m\u00e1s sobre Vuelven los docentes a las escuelas, pero sin novedades salariales\">Leer m\u00e1s<\/a><\/p>\n","protected":false},"author":1,"featured_media":0,"comment_status":"open","ping_status":"open","sticky":false,"template":"","format":"standard","meta":{"_monsterinsights_skip_tracking":false,"_monsterinsights_sitenote_active":false,"_monsterinsights_sitenote_note":"","_monsterinsights_sitenote_category":0,"jetpack_post_was_ever_published":false,"_jetpack_newsletter_access":"","_jetpack_dont_email_post_to_subs":false,"_jetpack_newsletter_tier_id":0,"_jetpack_memberships_contains_paywalled_content":false,"_jetpack_memberships_contains_paid_content":false,"footnotes":"","jetpack_publicize_message":"","jetpack_publicize_feature_enabled":true,"jetpack_social_post_already_shared":false,"jetpack_social_options":{"image_generator_settings":{"template":"highway","default_image_id":0,"font":"","enabled":false},"version":2},"_wpas_customize_per_network":false},"categories":[23],"tags":[484,486,485,487],"class_list":["post-2211","post","type-post","status-publish","format-standard","hentry","category-educacion","tag-docentes","tag-inicio-ciclo-lectivo-2011","tag-salario","tag-union-docentes-bonaerenses","generate-columns","tablet-grid-50","mobile-grid-100","grid-parent","grid-50"],"jetpack_publicize_connections":[],"jetpack_featured_media_url":"","wps_subtitle":"","jetpack_sharing_enabled":true,"_links":{"self":[{"href":"https:\/\/www.hoymercedes.com.ar\/principal\/wp-json\/wp\/v2\/posts\/2211","targetHints":{"allow":["GET"]}}],"collection":[{"href":"https:\/\/www.hoymercedes.com.ar\/principal\/wp-json\/wp\/v2\/posts"}],"about":[{"href":"https:\/\/www.hoymercedes.com.ar\/principal\/wp-json\/wp\/v2\/types\/post"}],"author":[{"embeddable":true,"href":"https:\/\/www.hoymercedes.com.ar\/principal\/wp-json\/wp\/v2\/users\/1"}],"replies":[{"embeddable":true,"href":"https:\/\/www.hoymercedes.com.ar\/principal\/wp-json\/wp\/v2\/comments?post=2211"}],"version-history":[{"count":0,"href":"https:\/\/www.hoymercedes.com.ar\/principal\/wp-json\/wp\/v2\/posts\/2211\/revisions"}],"wp:attachment":[{"href":"https:\/\/www.hoymercedes.com.ar\/principal\/wp-json\/wp\/v2\/media?parent=2211"}],"wp:term":[{"taxonomy":"category","embeddable":true,"href":"https:\/\/www.hoymercedes.com.ar\/principal\/wp-json\/wp\/v2\/categories?post=2211"},{"taxonomy":"post_tag","embeddable":true,"href":"https:\/\/www.hoymercedes.com.ar\/principal\/wp-json\/wp\/v2\/tags?post=2211"}],"curies":[{"name":"wp","href":"https:\/\/api.w.org\/{rel}","templated":true}]}}