{"id":22130,"date":"2013-05-09T12:53:28","date_gmt":"2013-05-09T12:53:28","guid":{"rendered":"http:\/\/www.hoymercedes.com.ar\/principal\/?p=22130"},"modified":"2013-05-09T12:53:28","modified_gmt":"2013-05-09T12:53:28","slug":"reunion-por-procrear-con-concejales-y-selva","status":"publish","type":"post","link":"https:\/\/www.hoymercedes.com.ar\/principal\/2013\/05\/09\/reunion-por-procrear-con-concejales-y-selva\/","title":{"rendered":"Reuni\u00f3n por ProCreAr con concejales y Selva"},"content":{"rendered":"<figure id=\"attachment_22132\" aria-describedby=\"caption-attachment-22132\" style=\"width: 610px\" class=\"wp-caption aligncenter\"><a href=\"https:\/\/www.hoymercedes.com.ar\/principal\/wp-content\/uploads\/2013\/05\/ProCreAr-Comisi\u00f3nPlaneamiento-6.jpg\"><img loading=\"lazy\" decoding=\"async\" data-attachment-id=\"22132\" data-permalink=\"https:\/\/www.hoymercedes.com.ar\/principal\/2013\/05\/09\/reunion-por-procrear-con-concejales-y-selva\/procrear-comisionplaneamiento-6\/#main\" data-orig-file=\"https:\/\/www.hoymercedes.com.ar\/principal\/wp-content\/uploads\/2013\/05\/ProCreAr-Comisi\u00f3nPlaneamiento-6.jpg\" data-orig-size=\"620,304\" data-comments-opened=\"1\" data-image-meta=\"{&quot;aperture&quot;:&quot;3.1&quot;,&quot;credit&quot;:&quot;&quot;,&quot;camera&quot;:&quot;DMC-S1&quot;,&quot;caption&quot;:&quot;&quot;,&quot;created_timestamp&quot;:&quot;1367799701&quot;,&quot;copyright&quot;:&quot;&quot;,&quot;focal_length&quot;:&quot;5&quot;,&quot;iso&quot;:&quot;1000&quot;,&quot;shutter_speed&quot;:&quot;0.016666666666667&quot;,&quot;title&quot;:&quot;&quot;}\" data-image-title=\"ProCreAr-Comisi\u00f3nPlaneamiento (6)\" data-image-description=\"\" data-image-caption=\"&lt;p&gt;Reuni\u00f3n ProCreAr&lt;\/p&gt;\n\" data-large-file=\"https:\/\/www.hoymercedes.com.ar\/principal\/wp-content\/uploads\/2013\/05\/ProCreAr-Comisi\u00f3nPlaneamiento-6.jpg\" class=\"size-full wp-image-22132\" alt=\"Reuni\u00f3n ProCreAr \" src=\"https:\/\/www.hoymercedes.com.ar\/principal\/wp-content\/uploads\/2013\/05\/ProCreAr-Comisi\u00f3nPlaneamiento-6.jpg\" width=\"620\" height=\"304\" \/><\/a><figcaption id=\"caption-attachment-22132\" class=\"wp-caption-text\">Reuni\u00f3n ProCreAr<\/figcaption><\/figure>\n<p>Se llev\u00f3 a cabo la anunciada reuni\u00f3n entre t\u00e9cnicos del ProCreAr del Gobierno Nacional y concejales de nuestra ciudad. Tambi\u00e9n estuvieron con el intendente Selva. El encuentro fue presidido por Jos\u00e9 Cestari qui\u00e9n tiene a cargo la comisi\u00f3n de Planeamiento del Concejo Deliberante.<\/p>\n<p>En el recinto del Concejo Deliberante se pudo observar a los t\u00e9cnicos del Gobierno Nacional que por medio de un proyector y una pantalla gigante daban cuenta del Plan ProCreAr, sus formas, procesos, beneficios y, especialmente, informaci\u00f3n sensible de la ciudad de Mercedes, como que ya hay cerca de 150 beneficiarios dentro del rango de quienes ten\u00edan terrenos.<\/p>\n<p>Concejales de todos los bloques, m\u00e1s otros interesados, como funcionarios del gobierno municipal y el Gerente Regional del Anses, Juan Ustarroz, estuvieron presentes.<\/p>\n<p>Se espera en la pr\u00f3xima sesi\u00f3n se puedan conocer m\u00e1s detalles y, los m\u00e1s optimistas, que se presente un proyecto en el cual definitivamente se establezcan los terrenos y el avance de las obras en beneficio de todos los mercedinos.<\/p>\n<p>&nbsp;<\/p>\n","protected":false},"excerpt":{"rendered":"<p>Se llev\u00f3 a cabo la anunciada reuni\u00f3n entre t\u00e9cnicos del ProCreAr del Gobierno Nacional y concejales de nuestra ciudad. Tambi\u00e9n &#8230; <a title=\"Reuni\u00f3n por ProCreAr con concejales y Selva\" class=\"read-more\" href=\"https:\/\/www.hoymercedes.com.ar\/principal\/2013\/05\/09\/reunion-por-procrear-con-concejales-y-selva\/\" aria-label=\"Leer m\u00e1s sobre Reuni\u00f3n por ProCreAr con concejales y Selva\">Leer m\u00e1s<\/a><\/p>\n","protected":false},"author":1,"featured_media":0,"comment_status":"open","ping_status":"open","sticky":false,"template":"","format":"standard","meta":{"_monsterinsights_skip_tracking":false,"_monsterinsights_sitenote_active":false,"_monsterinsights_sitenote_note":"","_monsterinsights_sitenote_category":0,"jetpack_post_was_ever_published":false,"_jetpack_newsletter_access":"","_jetpack_dont_email_post_to_subs":false,"_jetpack_newsletter_tier_id":0,"_jetpack_memberships_contains_paywalled_content":false,"_jetpack_memberships_contains_paid_content":false,"footnotes":"","jetpack_publicize_message":"","jetpack_publicize_feature_enabled":true,"jetpack_social_post_already_shared":true,"jetpack_social_options":{"image_generator_settings":{"template":"highway","default_image_id":0,"font":"","enabled":false},"version":2},"_wpas_customize_per_network":false},"categories":[5],"tags":[3232,3392],"class_list":["post-22130","post","type-post","status-publish","format-standard","hentry","category-politica","tag-plan-procrear-mercedes","tag-procrear-mercedes","generate-columns","tablet-grid-50","mobile-grid-100","grid-parent","grid-50"],"jetpack_publicize_connections":[],"jetpack_featured_media_url":"","wps_subtitle":"","jetpack_sharing_enabled":true,"_links":{"self":[{"href":"https:\/\/www.hoymercedes.com.ar\/principal\/wp-json\/wp\/v2\/posts\/22130","targetHints":{"allow":["GET"]}}],"collection":[{"href":"https:\/\/www.hoymercedes.com.ar\/principal\/wp-json\/wp\/v2\/posts"}],"about":[{"href":"https:\/\/www.hoymercedes.com.ar\/principal\/wp-json\/wp\/v2\/types\/post"}],"author":[{"embeddable":true,"href":"https:\/\/www.hoymercedes.com.ar\/principal\/wp-json\/wp\/v2\/users\/1"}],"replies":[{"embeddable":true,"href":"https:\/\/www.hoymercedes.com.ar\/principal\/wp-json\/wp\/v2\/comments?post=22130"}],"version-history":[{"count":0,"href":"https:\/\/www.hoymercedes.com.ar\/principal\/wp-json\/wp\/v2\/posts\/22130\/revisions"}],"wp:attachment":[{"href":"https:\/\/www.hoymercedes.com.ar\/principal\/wp-json\/wp\/v2\/media?parent=22130"}],"wp:term":[{"taxonomy":"category","embeddable":true,"href":"https:\/\/www.hoymercedes.com.ar\/principal\/wp-json\/wp\/v2\/categories?post=22130"},{"taxonomy":"post_tag","embeddable":true,"href":"https:\/\/www.hoymercedes.com.ar\/principal\/wp-json\/wp\/v2\/tags?post=22130"}],"curies":[{"name":"wp","href":"https:\/\/api.w.org\/{rel}","templated":true}]}}