{"id":22139,"date":"2013-05-09T12:57:18","date_gmt":"2013-05-09T12:57:18","guid":{"rendered":"http:\/\/www.hoymercedes.com.ar\/principal\/?p=22139"},"modified":"2013-05-09T12:57:18","modified_gmt":"2013-05-09T12:57:18","slug":"diputados-aprueban-proyecto-de-cucho-espana-sobre-edad-para-ser-concejal","status":"publish","type":"post","link":"https:\/\/www.hoymercedes.com.ar\/principal\/2013\/05\/09\/diputados-aprueban-proyecto-de-cucho-espana-sobre-edad-para-ser-concejal\/","title":{"rendered":"Diputados: aprueban proyecto de Cucho Espa\u00f1a sobre edad para ser concejal"},"content":{"rendered":"<p><em><strong>Finalmente se aprob\u00f3 la propuesta efectuada por el Diputado Provincial Mercedino Alberto \u201cCucho\u201d Espa\u00f1a donde se prev\u00e9 que se baja la edad para poder arribar a un cargo de concejal. Ahora pasa de 25 a 21.<\/strong><\/em><\/p>\n<p>Por unanimidad se aprob\u00f3 el proyecto que modific\u00f3 la ley existente y reforma del inciso 3\u00b0 del art\u00edculo 191 que permitir\u00e1 bajar la edad que da lugar a los posibles interesados a ocupar cargos en los concejos deliberantes de 25, que era la m\u00ednima, a 21 a\u00f1os de edad. Ahora la propuesta pasar\u00e1 al Senado provincial.<\/p>\n<p>Desde la C\u00e1mara de Diputados sostuvieron: \u201cLa iniciativa, redactada por el diputado del Frente para la Victoria-Partido Justicialista Alberto Espa\u00f1a, determina que ser\u00e1n elegibles los ciudadanos mayores de 21 a\u00f1os para los cargos electivos municipales que otorgan bancas en los Concejos Deliberantes de cada municipio. Asimismo, estipula que el Poder Ejecutivo convocar\u00e1 al electorado de la Provincia de Buenos Aires, a partir de la sanci\u00f3n de la presente ley, a un plebiscito en la primera elecci\u00f3n que se realice, para que se exprese en pro o en contra de la enmienda.\u201d<\/p>\n<p>Por su parte Espa\u00f1a afirm\u00f3 durante la sesi\u00f3n: \u201cEn la Provincia de Buenos Aires, este proceso de creciente participaci\u00f3n se ve coartado por la disposici\u00f3n que fija en veinticinco a\u00f1os la edad m\u00ednima para ser elegido como Concejal, ya que impide el ejercicio de la representaci\u00f3n pol\u00edtica a valiosos j\u00f3venes militantes<\/p>\n<p>\u201cPor eso es hora de adaptar nuestra Carta Magna provincial, ya que es precisamente en el \u00e1mbito municipal donde los j\u00f3venes dan sus primeros pasos de acercamiento a la pr\u00e1ctica pol\u00edtica, inician su participaci\u00f3n en la vida interna de los distintos partidos, comienzan a analizar y discutir las cuestiones del com\u00fan, se convierten en militantes de la causa que abrazan, y aspiran genuinamente a ocupar cargos institucionales en sus respectivos territorios para representar a su comunidad\u201d, concluy\u00f3.<\/p>\n<p>&nbsp;<\/p>\n","protected":false},"excerpt":{"rendered":"<p>Finalmente se aprob\u00f3 la propuesta efectuada por el Diputado Provincial Mercedino Alberto \u201cCucho\u201d Espa\u00f1a donde se prev\u00e9 que se baja &#8230; <a title=\"Diputados: aprueban proyecto de Cucho Espa\u00f1a sobre edad para ser concejal\" class=\"read-more\" href=\"https:\/\/www.hoymercedes.com.ar\/principal\/2013\/05\/09\/diputados-aprueban-proyecto-de-cucho-espana-sobre-edad-para-ser-concejal\/\" aria-label=\"Leer m\u00e1s sobre Diputados: aprueban proyecto de Cucho Espa\u00f1a sobre edad para ser concejal\">Leer m\u00e1s<\/a><\/p>\n","protected":false},"author":1,"featured_media":0,"comment_status":"open","ping_status":"open","sticky":false,"template":"","format":"standard","meta":{"_monsterinsights_skip_tracking":false,"_monsterinsights_sitenote_active":false,"_monsterinsights_sitenote_note":"","_monsterinsights_sitenote_category":0,"jetpack_post_was_ever_published":false,"_jetpack_newsletter_access":"","_jetpack_dont_email_post_to_subs":false,"_jetpack_newsletter_tier_id":0,"_jetpack_memberships_contains_paywalled_content":false,"_jetpack_memberships_contains_paid_content":false,"footnotes":"","jetpack_publicize_message":"","jetpack_publicize_feature_enabled":true,"jetpack_social_post_already_shared":true,"jetpack_social_options":{"image_generator_settings":{"template":"highway","default_image_id":0,"font":"","enabled":false},"version":2},"_wpas_customize_per_network":false},"categories":[5],"tags":[3448],"class_list":["post-22139","post","type-post","status-publish","format-standard","hentry","category-politica","tag-diputado-cucho-espana","generate-columns","tablet-grid-50","mobile-grid-100","grid-parent","grid-50"],"jetpack_publicize_connections":[],"jetpack_featured_media_url":"","wps_subtitle":"","jetpack_sharing_enabled":true,"_links":{"self":[{"href":"https:\/\/www.hoymercedes.com.ar\/principal\/wp-json\/wp\/v2\/posts\/22139","targetHints":{"allow":["GET"]}}],"collection":[{"href":"https:\/\/www.hoymercedes.com.ar\/principal\/wp-json\/wp\/v2\/posts"}],"about":[{"href":"https:\/\/www.hoymercedes.com.ar\/principal\/wp-json\/wp\/v2\/types\/post"}],"author":[{"embeddable":true,"href":"https:\/\/www.hoymercedes.com.ar\/principal\/wp-json\/wp\/v2\/users\/1"}],"replies":[{"embeddable":true,"href":"https:\/\/www.hoymercedes.com.ar\/principal\/wp-json\/wp\/v2\/comments?post=22139"}],"version-history":[{"count":0,"href":"https:\/\/www.hoymercedes.com.ar\/principal\/wp-json\/wp\/v2\/posts\/22139\/revisions"}],"wp:attachment":[{"href":"https:\/\/www.hoymercedes.com.ar\/principal\/wp-json\/wp\/v2\/media?parent=22139"}],"wp:term":[{"taxonomy":"category","embeddable":true,"href":"https:\/\/www.hoymercedes.com.ar\/principal\/wp-json\/wp\/v2\/categories?post=22139"},{"taxonomy":"post_tag","embeddable":true,"href":"https:\/\/www.hoymercedes.com.ar\/principal\/wp-json\/wp\/v2\/tags?post=22139"}],"curies":[{"name":"wp","href":"https:\/\/api.w.org\/{rel}","templated":true}]}}