{"id":22150,"date":"2013-05-10T11:25:52","date_gmt":"2013-05-10T11:25:52","guid":{"rendered":"http:\/\/www.hoymercedes.com.ar\/principal\/?p=22150"},"modified":"2013-05-10T11:25:52","modified_gmt":"2013-05-10T11:25:52","slug":"ponen-en-funcionamiento-una-nueva-sede-de-atencion-para-nosotros-te-acompanamos","status":"publish","type":"post","link":"https:\/\/www.hoymercedes.com.ar\/principal\/2013\/05\/10\/ponen-en-funcionamiento-una-nueva-sede-de-atencion-para-nosotros-te-acompanamos\/","title":{"rendered":"Ponen en funcionamiento una nueva sede de atenci\u00f3n para \u201cNosotros te acompa\u00f1amos\u201d"},"content":{"rendered":"<figure id=\"attachment_22152\" aria-describedby=\"caption-attachment-22152\" style=\"width: 610px\" class=\"wp-caption aligncenter\"><a href=\"https:\/\/www.hoymercedes.com.ar\/principal\/wp-content\/uploads\/2013\/05\/nosotrosteacompa\u00f1amos.jpg\"><img loading=\"lazy\" decoding=\"async\" data-attachment-id=\"22152\" data-permalink=\"https:\/\/www.hoymercedes.com.ar\/principal\/2013\/05\/10\/ponen-en-funcionamiento-una-nueva-sede-de-atencion-para-nosotros-te-acompanamos\/nosotrosteacompanamos\/#main\" data-orig-file=\"https:\/\/www.hoymercedes.com.ar\/principal\/wp-content\/uploads\/2013\/05\/nosotrosteacompa\u00f1amos.jpg\" data-orig-size=\"620,499\" data-comments-opened=\"1\" data-image-meta=\"{&quot;aperture&quot;:&quot;0&quot;,&quot;credit&quot;:&quot;&quot;,&quot;camera&quot;:&quot;&quot;,&quot;caption&quot;:&quot;&quot;,&quot;created_timestamp&quot;:&quot;0&quot;,&quot;copyright&quot;:&quot;&quot;,&quot;focal_length&quot;:&quot;0&quot;,&quot;iso&quot;:&quot;0&quot;,&quot;shutter_speed&quot;:&quot;0&quot;,&quot;title&quot;:&quot;&quot;}\" data-image-title=\"nosotrosteacompa\u00f1amos\" data-image-description=\"\" data-image-caption=\"&lt;p&gt;Nosotros te acompa\u00f1amos&lt;\/p&gt;\n\" data-large-file=\"https:\/\/www.hoymercedes.com.ar\/principal\/wp-content\/uploads\/2013\/05\/nosotrosteacompa\u00f1amos.jpg\" class=\"size-full wp-image-22152\" alt=\"Nosotros te acompa\u00f1amos\" src=\"https:\/\/www.hoymercedes.com.ar\/principal\/wp-content\/uploads\/2013\/05\/nosotrosteacompa\u00f1amos.jpg\" width=\"620\" height=\"499\" \/><\/a><figcaption id=\"caption-attachment-22152\" class=\"wp-caption-text\">Nosotros te acompa\u00f1amos<\/figcaption><\/figure>\n<p><em><strong>Tras funcionar m\u00e1s de un a\u00f1o en la sede de C\u00e1ritas Mercedes, la asociaci\u00f3n civil se muda de lugar. Desde el lunes 13 atender\u00e1 en el Centro Solidario \u201cMadre Antonia Cerini\u201d, que est\u00e1 ubicado en calle 26, entre 15 y 13<\/strong><\/em><\/p>\n<p>La asociaci\u00f3n civil \u201cNosotros te acompa\u00f1amos\u201d, tras funcionar m\u00e1s de un a\u00f1o en la sede de C\u00e1ritas Mercedes, se muda de lugar de atenci\u00f3n.<\/p>\n<p>De esta manera, se inform\u00f3 que la asociaci\u00f3n \u201cNosotros te acompa\u00f1amos\u201d, a partir del d\u00eda lunes pr\u00f3ximo, 13 de mayo, atender\u00e1 en el Centro Solidario \u201cMadre Antonia Cerini\u201d, que est\u00e1 ubicado en calle 26, entre 15 y 13.<\/p>\n<p>Quien dio a conocer la informaci\u00f3n fue la hermana Estela Buet, una de las integrantes de esta ONG que trabaja para la reinserci\u00f3n de los que est\u00e1n por quedar en libertad en los procesos penales.<\/p>\n<p>Por estas horas la asociaci\u00f3n civil que preside Walter Flores est\u00e1 trabajando con unas 10 personas liberadas de procesos penales que est\u00e1n siendo acompa\u00f1adas en distintos aspectos.<\/p>\n","protected":false},"excerpt":{"rendered":"<p>Tras funcionar m\u00e1s de un a\u00f1o en la sede de C\u00e1ritas Mercedes, la asociaci\u00f3n civil se muda de lugar. Desde &#8230; <a title=\"Ponen en funcionamiento una nueva sede de atenci\u00f3n para \u201cNosotros te acompa\u00f1amos\u201d\" class=\"read-more\" href=\"https:\/\/www.hoymercedes.com.ar\/principal\/2013\/05\/10\/ponen-en-funcionamiento-una-nueva-sede-de-atencion-para-nosotros-te-acompanamos\/\" aria-label=\"Leer m\u00e1s sobre Ponen en funcionamiento una nueva sede de atenci\u00f3n para \u201cNosotros te acompa\u00f1amos\u201d\">Leer m\u00e1s<\/a><\/p>\n","protected":false},"author":1,"featured_media":0,"comment_status":"open","ping_status":"open","sticky":false,"template":"","format":"standard","meta":{"_monsterinsights_skip_tracking":false,"_monsterinsights_sitenote_active":false,"_monsterinsights_sitenote_note":"","_monsterinsights_sitenote_category":0,"jetpack_post_was_ever_published":false,"_jetpack_newsletter_access":"","_jetpack_dont_email_post_to_subs":false,"_jetpack_newsletter_tier_id":0,"_jetpack_memberships_contains_paywalled_content":false,"_jetpack_memberships_contains_paid_content":false,"footnotes":"","jetpack_publicize_message":"","jetpack_publicize_feature_enabled":true,"jetpack_social_post_already_shared":true,"jetpack_social_options":{"image_generator_settings":{"template":"highway","default_image_id":0,"font":"","enabled":false},"version":2},"_wpas_customize_per_network":false},"categories":[8],"tags":[3449],"class_list":["post-22150","post","type-post","status-publish","format-standard","hentry","category-sociedad","tag-asociacion-nosotros-te-acompanamos","generate-columns","tablet-grid-50","mobile-grid-100","grid-parent","grid-50"],"jetpack_publicize_connections":[],"jetpack_featured_media_url":"","wps_subtitle":"","jetpack_sharing_enabled":true,"_links":{"self":[{"href":"https:\/\/www.hoymercedes.com.ar\/principal\/wp-json\/wp\/v2\/posts\/22150","targetHints":{"allow":["GET"]}}],"collection":[{"href":"https:\/\/www.hoymercedes.com.ar\/principal\/wp-json\/wp\/v2\/posts"}],"about":[{"href":"https:\/\/www.hoymercedes.com.ar\/principal\/wp-json\/wp\/v2\/types\/post"}],"author":[{"embeddable":true,"href":"https:\/\/www.hoymercedes.com.ar\/principal\/wp-json\/wp\/v2\/users\/1"}],"replies":[{"embeddable":true,"href":"https:\/\/www.hoymercedes.com.ar\/principal\/wp-json\/wp\/v2\/comments?post=22150"}],"version-history":[{"count":0,"href":"https:\/\/www.hoymercedes.com.ar\/principal\/wp-json\/wp\/v2\/posts\/22150\/revisions"}],"wp:attachment":[{"href":"https:\/\/www.hoymercedes.com.ar\/principal\/wp-json\/wp\/v2\/media?parent=22150"}],"wp:term":[{"taxonomy":"category","embeddable":true,"href":"https:\/\/www.hoymercedes.com.ar\/principal\/wp-json\/wp\/v2\/categories?post=22150"},{"taxonomy":"post_tag","embeddable":true,"href":"https:\/\/www.hoymercedes.com.ar\/principal\/wp-json\/wp\/v2\/tags?post=22150"}],"curies":[{"name":"wp","href":"https:\/\/api.w.org\/{rel}","templated":true}]}}