{"id":2216,"date":"2011-02-15T02:49:32","date_gmt":"2011-02-15T02:49:32","guid":{"rendered":"http:\/\/www.hoymercedes.com.ar\/principal\/?p=2216"},"modified":"2011-02-15T02:49:32","modified_gmt":"2011-02-15T02:49:32","slug":"los-mercedinos-vieron-la-fiesta-de-los-autos-a-control","status":"publish","type":"post","link":"https:\/\/www.hoymercedes.com.ar\/principal\/2011\/02\/15\/los-mercedinos-vieron-la-fiesta-de-los-autos-a-control\/","title":{"rendered":"Los mercedinos vieron la fiesta de los autos a control"},"content":{"rendered":"<p style=\"text-align: justify;\"><span style=\"font-family: Arial; font-size: x-small;\">Mucho publico\u00a0sigui\u00f3 \u00a0la presentaci\u00f3n de Mercedes RC automodelismo radiocontrol en el 1er encuentro regional que sirvi\u00f3 para presentar en sociedad esta nueva disciplina que desde hace un tiempo tiene Mercedes. Con el auspicio y el apoyo de la Direcci\u00f3n de Deportes de la Municipalidad de Mercedes los automodelistas Mercedinos y los visitantes hicieron del deleite del numeros\u00edsimo publico que acompa\u00f1o la presentaci\u00f3n, donde chicos y grandes siguieron atentamente las piruetas, saltos y carreras.<\/span><\/p>\n<p style=\"text-align: center;\"><span style=\"font-family: Arial; font-size: x-small;\"><a href=\"https:\/\/www.hoymercedes.com.ar\/principal\/wp-content\/uploads\/2011\/02\/autosradiocontrol2.jpg\"><img loading=\"lazy\" decoding=\"async\" data-attachment-id=\"2219\" data-permalink=\"https:\/\/www.hoymercedes.com.ar\/principal\/2011\/02\/15\/los-mercedinos-vieron-la-fiesta-de-los-autos-a-control\/autosradiocontrol2\/#main\" data-orig-file=\"https:\/\/www.hoymercedes.com.ar\/principal\/wp-content\/uploads\/2011\/02\/autosradiocontrol2.jpg\" data-orig-size=\"400,300\" data-comments-opened=\"1\" data-image-meta=\"{&quot;aperture&quot;:&quot;2.8&quot;,&quot;credit&quot;:&quot;&quot;,&quot;camera&quot;:&quot;COOLPIX L10&quot;,&quot;caption&quot;:&quot;&quot;,&quot;created_timestamp&quot;:&quot;1297348635&quot;,&quot;copyright&quot;:&quot;Copyright 2006&quot;,&quot;focal_length&quot;:&quot;6.2&quot;,&quot;iso&quot;:&quot;64&quot;,&quot;shutter_speed&quot;:&quot;0.011792452830189&quot;,&quot;title&quot;:&quot;&quot;}\" data-image-title=\"autosradiocontrol2\" data-image-description=\"\" data-image-caption=\"\" data-large-file=\"https:\/\/www.hoymercedes.com.ar\/principal\/wp-content\/uploads\/2011\/02\/autosradiocontrol2.jpg\" class=\"size-full wp-image-2219   aligncenter\" title=\"autosradiocontrol2\" src=\"https:\/\/www.hoymercedes.com.ar\/principal\/wp-content\/uploads\/2011\/02\/autosradiocontrol2.jpg\" alt=\"\" width=\"400\" height=\"300\" \/><\/a><\/span><\/p>\n<p style=\"text-align: center;\"><span style=\"font-family: Arial; font-size: x-small;\"><a href=\"https:\/\/www.hoymercedes.com.ar\/principal\/wp-content\/uploads\/2011\/02\/autosradiocontrol1.jpg\"><img loading=\"lazy\" decoding=\"async\" data-attachment-id=\"2218\" data-permalink=\"https:\/\/www.hoymercedes.com.ar\/principal\/2011\/02\/15\/los-mercedinos-vieron-la-fiesta-de-los-autos-a-control\/autosradiocontrol1\/#main\" data-orig-file=\"https:\/\/www.hoymercedes.com.ar\/principal\/wp-content\/uploads\/2011\/02\/autosradiocontrol1.jpg\" data-orig-size=\"300,225\" data-comments-opened=\"1\" data-image-meta=\"{&quot;aperture&quot;:&quot;2.8&quot;,&quot;credit&quot;:&quot;&quot;,&quot;camera&quot;:&quot;COOLPIX L10&quot;,&quot;caption&quot;:&quot;&quot;,&quot;created_timestamp&quot;:&quot;1297348483&quot;,&quot;copyright&quot;:&quot;Copyright 2006&quot;,&quot;focal_length&quot;:&quot;6.2&quot;,&quot;iso&quot;:&quot;64&quot;,&quot;shutter_speed&quot;:&quot;0.033333333333333&quot;,&quot;title&quot;:&quot;&quot;}\" data-image-title=\"autosradiocontrol1\" data-image-description=\"\" data-image-caption=\"\" data-large-file=\"https:\/\/www.hoymercedes.com.ar\/principal\/wp-content\/uploads\/2011\/02\/autosradiocontrol1.jpg\" class=\"size-full wp-image-2218    aligncenter\" title=\"autosradiocontrol1\" src=\"https:\/\/www.hoymercedes.com.ar\/principal\/wp-content\/uploads\/2011\/02\/autosradiocontrol1.jpg\" alt=\"\" width=\"300\" height=\"225\" \/><\/a><br \/>\n<\/span><\/p>\n","protected":false},"excerpt":{"rendered":"<p>Mucho publico\u00a0sigui\u00f3 \u00a0la presentaci\u00f3n de Mercedes RC automodelismo radiocontrol en el 1er encuentro regional que sirvi\u00f3 para presentar en sociedad &#8230; <a title=\"Los mercedinos vieron la fiesta de los autos a control\" class=\"read-more\" href=\"https:\/\/www.hoymercedes.com.ar\/principal\/2011\/02\/15\/los-mercedinos-vieron-la-fiesta-de-los-autos-a-control\/\" aria-label=\"Leer m\u00e1s sobre Los mercedinos vieron la fiesta de los autos a control\">Leer m\u00e1s<\/a><\/p>\n","protected":false},"author":1,"featured_media":0,"comment_status":"open","ping_status":"open","sticky":false,"template":"","format":"standard","meta":{"_monsterinsights_skip_tracking":false,"_monsterinsights_sitenote_active":false,"_monsterinsights_sitenote_note":"","_monsterinsights_sitenote_category":0,"jetpack_post_was_ever_published":false,"_jetpack_newsletter_access":"","_jetpack_dont_email_post_to_subs":false,"_jetpack_newsletter_tier_id":0,"_jetpack_memberships_contains_paywalled_content":false,"_jetpack_memberships_contains_paid_content":false,"footnotes":"","jetpack_publicize_message":"","jetpack_publicize_feature_enabled":true,"jetpack_social_post_already_shared":false,"jetpack_social_options":{"image_generator_settings":{"template":"highway","default_image_id":0,"font":"","enabled":false},"version":2},"_wpas_customize_per_network":false},"categories":[8],"tags":[10],"class_list":["post-2216","post","type-post","status-publish","format-standard","hentry","category-sociedad","tag-mercedes","generate-columns","tablet-grid-50","mobile-grid-100","grid-parent","grid-50"],"jetpack_publicize_connections":[],"jetpack_featured_media_url":"","wps_subtitle":"","jetpack_sharing_enabled":true,"_links":{"self":[{"href":"https:\/\/www.hoymercedes.com.ar\/principal\/wp-json\/wp\/v2\/posts\/2216","targetHints":{"allow":["GET"]}}],"collection":[{"href":"https:\/\/www.hoymercedes.com.ar\/principal\/wp-json\/wp\/v2\/posts"}],"about":[{"href":"https:\/\/www.hoymercedes.com.ar\/principal\/wp-json\/wp\/v2\/types\/post"}],"author":[{"embeddable":true,"href":"https:\/\/www.hoymercedes.com.ar\/principal\/wp-json\/wp\/v2\/users\/1"}],"replies":[{"embeddable":true,"href":"https:\/\/www.hoymercedes.com.ar\/principal\/wp-json\/wp\/v2\/comments?post=2216"}],"version-history":[{"count":0,"href":"https:\/\/www.hoymercedes.com.ar\/principal\/wp-json\/wp\/v2\/posts\/2216\/revisions"}],"wp:attachment":[{"href":"https:\/\/www.hoymercedes.com.ar\/principal\/wp-json\/wp\/v2\/media?parent=2216"}],"wp:term":[{"taxonomy":"category","embeddable":true,"href":"https:\/\/www.hoymercedes.com.ar\/principal\/wp-json\/wp\/v2\/categories?post=2216"},{"taxonomy":"post_tag","embeddable":true,"href":"https:\/\/www.hoymercedes.com.ar\/principal\/wp-json\/wp\/v2\/tags?post=2216"}],"curies":[{"name":"wp","href":"https:\/\/api.w.org\/{rel}","templated":true}]}}